{"id":48442,"date":"2023-03-17T08:37:59","date_gmt":"2023-03-17T14:37:59","guid":{"rendered":"http:\/\/losperiodistas.com.mx\/portal\/?p=48442"},"modified":"2023-03-17T08:38:01","modified_gmt":"2023-03-17T14:38:01","slug":"lazaro-cardenas-batel-renuncia-a-la-coordinacion-de-asesores-de-lopez-obrador-animal-politico","status":"publish","type":"post","link":"https:\/\/losperiodistas.com.mx\/portal\/lazaro-cardenas-batel-renuncia-a-la-coordinacion-de-asesores-de-lopez-obrador-animal-politico\/","title":{"rendered":"L\u00e1zaro C\u00e1rdenas Batel renuncia a la Coordinaci\u00f3n de Asesores de L\u00f3pez Obrador | Animal Pol\u00edtico"},"content":{"rendered":"\n<p class=\"has-light-green-cyan-background-color has-background has-medium-font-size\">La dimisi\u00f3n del funcionario se da a conocer d\u00edas antes de que el presidente L\u00f3pez Obrador encabece el s\u00e1bado un acto masivo por el 85 aniversario de la expropiaci\u00f3n petrolera.<\/p>\n\n\n\n<figure class=\"wp-block-image size-full is-style-default\"><img fetchpriority=\"high\" decoding=\"async\" width=\"960\" height=\"619\" src=\"https:\/\/losperiodistas.com.mx\/portal\/wp-content\/uploads\/2023\/03\/Captura-de-Pantalla-2023-03-16-a-las-22.jpg\" alt=\"\" class=\"wp-image-48443\" srcset=\"https:\/\/losperiodistas.com.mx\/portal\/wp-content\/uploads\/2023\/03\/Captura-de-Pantalla-2023-03-16-a-las-22.jpg 960w, https:\/\/losperiodistas.com.mx\/portal\/wp-content\/uploads\/2023\/03\/Captura-de-Pantalla-2023-03-16-a-las-22-300x193.jpg 300w, https:\/\/losperiodistas.com.mx\/portal\/wp-content\/uploads\/2023\/03\/Captura-de-Pantalla-2023-03-16-a-las-22-768x495.jpg 768w\" sizes=\"(max-width: 960px) 100vw, 960px\" \/><figcaption>Captura de pantalla de Notimex<\/figcaption><\/figure>\n\n\n\n<p class=\"has-vivid-red-color has-text-color has-medium-font-size\"><strong>REDACCI\u00d3N ANIMAL POL\u00cdTICO<\/strong><\/p>\n\n\n\n<p><strong>L\u00e1zaro C\u00e1rdenas Batel<\/strong>, exgobernador de Michoac\u00e1n, hijo del excandidato presidencial Cuauht\u00e9moc C\u00e1rdenas Sol\u00f3rzano y nieto del expresidente L\u00e1zaro C\u00e1rdenas del R\u00edo,&nbsp;<strong>renunci\u00f3 a la Coordinaci\u00f3n de Asesores<\/strong>&nbsp;de la Presidencia de la Rep\u00fablica, cargo que ocupaba desde el inicio del sexenio de Andr\u00e9s Manuel L\u00f3pez Obrador el 1 de diciembre de 2018.<\/p>\n\n\n\n<p>La renuncia de C\u00e1rdenas Batel ocurri\u00f3 hace alrededor de un mes, confirmaron a&nbsp;<em>Animal Pol\u00edtico<\/em>&nbsp;fuentes dentro y fuera del gobierno federal. Sin embargo, el Poder Ejecutivo no ha hecho p\u00fablica la salida del funcionario ni las razones, y su ficha&nbsp;<a href=\"https:\/\/www.gob.mx\/presidencia\/estructuras\/lazaro-cardenas-batel\">a\u00fan est\u00e1 disponible en la p\u00e1gina web de Presidencia<\/a>.<\/p>\n\n\n\n<p>Este medio busc\u00f3 tanto a C\u00e1rdenas Batel como a su equipo cercano para obtener m\u00e1s informaci\u00f3n sobre el hecho, pero no obtuvo respuesta.<\/p>\n\n\n\n<p>Despu\u00e9s de ganar las elecciones del 1 de julio de 2018 postulado por Morena, durante el periodo de transici\u00f3n y cuando era presidente electo, L\u00f3pez Obrador anunci\u00f3 que C\u00e1rdenas Batel estar\u00eda entre sus colaboradores en Presidencia, con el cargo de coordinador de asesores.<\/p>\n\n\n\n<p>C\u00e1rdenas Batel fue uno de los funcionarios que trabajaban en Palacio Nacional y ten\u00eda reuniones regulares con el presidente.\u00a0<\/p>\n\n\n\n<figure class=\"wp-block-embed is-type-video is-provider-youtube wp-block-embed-youtube wp-embed-aspect-16-9 wp-has-aspect-ratio\"><div class=\"wp-block-embed__wrapper\">\n<iframe title=\"L\u00e1zaro C\u00e1rdenas Batel coordinador de asesores: AMLO\" width=\"500\" height=\"281\" src=\"https:\/\/www.youtube.com\/embed\/Pfi_0Gty4FI?feature=oembed\" frameborder=\"0\" allow=\"accelerometer; autoplay; clipboard-write; encrypted-media; gyroscope; picture-in-picture; web-share\" referrerpolicy=\"strict-origin-when-cross-origin\" allowfullscreen><\/iframe>\n<\/div><\/figure>\n\n\n\n<p>Antes de ocupar ese puesto,&nbsp;<strong>fue gobernador de Michoac\u00e1n<\/strong>&nbsp;de 2002 a 2008, senador y diputado federal. Los tres cargos p\u00fablicos&nbsp;<strong>los ocup\u00f3 bajo las siglas del PRD<\/strong>, partido del que su padre fue fundador en 1989.<\/p>\n\n\n\n<p>Ahora, la salida de C\u00e1rdenas Batel del gobierno de L\u00f3pez Obrador se da a conocer mientras el presidente se alista para encabezar un acto masivo por el 85 aniversario de la expropiaci\u00f3n petrolera, una medida que su abuelo anunci\u00f3 el 18 de marzo de 1938. La conmemoraci\u00f3n se realizar\u00e1 este s\u00e1bado en el Z\u00f3calo de la Ciudad de M\u00e9xico, adonde L\u00f3pez Obrador convoca a sus simpatizantes.<\/p>\n\n\n\n<p>La renuncia de C\u00e1rdenas Batel, adem\u00e1s, ocurre a unos meses de que inicie el proceso electoral federal 2023-2024, en el que se renovar\u00e1n la Presidencia de la Rep\u00fablica, el Senado y la C\u00e1mara de Diputados.<\/p>\n\n\n\n<p>Fuente: <a href=\"https:\/\/www.animalpolitico.com\/politica\/lazaro-cardenas-batel-renuncia-coordinacion-asesores-amlo\">https:\/\/www.animalpolitico.com\/politica\/lazaro-cardenas-batel-renuncia-coordinacion-asesores-amlo<\/a><\/p>\n","protected":false},"excerpt":{"rendered":"<p>La dimisi\u00f3n del funcionario se da a conocer d\u00edas antes de que el presidente L\u00f3pez Obrador encabece el s\u00e1bado un [&hellip;]<\/p>\n","protected":false},"author":1,"featured_media":48443,"comment_status":"open","ping_status":"open","sticky":false,"template":"","format":"standard","meta":{"site-sidebar-layout":"default","site-content-layout":"","ast-site-content-layout":"default","site-content-style":"default","site-sidebar-style":"default","ast-global-header-display":"","ast-banner-title-visibility":"","ast-main-header-display":"","ast-hfb-above-header-display":"","ast-hfb-below-header-display":"","ast-hfb-mobile-header-display":"","site-post-title":"","ast-breadcrumbs-content":"","ast-featured-img":"","footer-sml-layout":"","theme-transparent-header-meta":"","adv-header-id-meta":"","stick-header-meta":"","header-above-stick-meta":"","header-main-stick-meta":"","header-below-stick-meta":"","astra-migrate-meta-layouts":"default","ast-page-background-enabled":"default","ast-page-background-meta":{"desktop":{"background-color":"var(--ast-global-color-4)","background-image":"","background-repeat":"repeat","background-position":"center center","background-size":"auto","background-attachment":"scroll","background-type":"","background-media":"","overlay-type":"","overlay-color":"","overlay-opacity":"","overlay-gradient":""},"tablet":{"background-color":"","background-image":"","background-repeat":"repeat","background-position":"center center","background-size":"auto","background-attachment":"scroll","background-type":"","background-media":"","overlay-type":"","overlay-color":"","overlay-opacity":"","overlay-gradient":""},"mobile":{"background-color":"","background-image":"","background-repeat":"repeat","background-position":"center center","background-size":"auto","background-attachment":"scroll","background-type":"","background-media":"","overlay-type":"","overlay-color":"","overlay-opacity":"","overlay-gradient":""}},"ast-content-background-meta":{"desktop":{"background-color":"var(--ast-global-color-5)","background-image":"","background-repeat":"repeat","background-position":"center center","background-size":"auto","background-attachment":"scroll","background-type":"","background-media":"","overlay-type":"","overlay-color":"","overlay-opacity":"","overlay-gradient":""},"tablet":{"background-color":"var(--ast-global-color-5)","background-image":"","background-repeat":"repeat","background-position":"center center","background-size":"auto","background-attachment":"scroll","background-type":"","background-media":"","overlay-type":"","overlay-color":"","overlay-opacity":"","overlay-gradient":""},"mobile":{"background-color":"var(--ast-global-color-5)","background-image":"","background-repeat":"repeat","background-position":"center center","background-size":"auto","background-attachment":"scroll","background-type":"","background-media":"","overlay-type":"","overlay-color":"","overlay-opacity":"","overlay-gradient":""}},"footnotes":""},"categories":[8],"tags":[15589],"class_list":["post-48442","post","type-post","status-publish","format-standard","has-post-thumbnail","hentry","category-noticias","tag-lazaro-cardenas-batel"],"_links":{"self":[{"href":"https:\/\/losperiodistas.com.mx\/portal\/wp-json\/wp\/v2\/posts\/48442","targetHints":{"allow":["GET"]}}],"collection":[{"href":"https:\/\/losperiodistas.com.mx\/portal\/wp-json\/wp\/v2\/posts"}],"about":[{"href":"https:\/\/losperiodistas.com.mx\/portal\/wp-json\/wp\/v2\/types\/post"}],"author":[{"embeddable":true,"href":"https:\/\/losperiodistas.com.mx\/portal\/wp-json\/wp\/v2\/users\/1"}],"replies":[{"embeddable":true,"href":"https:\/\/losperiodistas.com.mx\/portal\/wp-json\/wp\/v2\/comments?post=48442"}],"version-history":[{"count":1,"href":"https:\/\/losperiodistas.com.mx\/portal\/wp-json\/wp\/v2\/posts\/48442\/revisions"}],"predecessor-version":[{"id":48444,"href":"https:\/\/losperiodistas.com.mx\/portal\/wp-json\/wp\/v2\/posts\/48442\/revisions\/48444"}],"wp:featuredmedia":[{"embeddable":true,"href":"https:\/\/losperiodistas.com.mx\/portal\/wp-json\/wp\/v2\/media\/48443"}],"wp:attachment":[{"href":"https:\/\/losperiodistas.com.mx\/portal\/wp-json\/wp\/v2\/media?parent=48442"}],"wp:term":[{"taxonomy":"category","embeddable":true,"href":"https:\/\/losperiodistas.com.mx\/portal\/wp-json\/wp\/v2\/categories?post=48442"},{"taxonomy":"post_tag","embeddable":true,"href":"https:\/\/losperiodistas.com.mx\/portal\/wp-json\/wp\/v2\/tags?post=48442"}],"curies":[{"name":"wp","href":"https:\/\/api.w.org\/{rel}","templated":true}]}}