{"id":48439,"date":"2023-03-17T08:13:06","date_gmt":"2023-03-17T14:13:06","guid":{"rendered":"http:\/\/losperiodistas.com.mx\/portal\/?p=48439"},"modified":"2023-03-17T08:13:08","modified_gmt":"2023-03-17T14:13:08","slug":"a-temblar-fox-y-calderon-aceptaria-genaro-colaborar-con-eu-para-eludir-cadena-perpetua-el-independiente","status":"publish","type":"post","link":"https:\/\/losperiodistas.com.mx\/portal\/a-temblar-fox-y-calderon-aceptaria-genaro-colaborar-con-eu-para-eludir-cadena-perpetua-el-independiente\/","title":{"rendered":"A temblar Fox y Calder\u00f3n: aceptar\u00eda Genaro colaborar con EU para eludir cadena perpetua | El Independiente"},"content":{"rendered":"\n<h2 class=\"has-background has-medium-font-size wp-block-heading\" style=\"background-color:#cbf6af\">El exsecretario de Seguridad P\u00fablica Federal en el sexenio de Felipe Calder\u00f3n (2006-2012) mantiene abierta las posibilidades de colaborar con el Gobierno estadounidense, adelanta su abogado<\/h2>\n\n\n\n<figure class=\"wp-block-image size-full is-style-default\"><img fetchpriority=\"high\" decoding=\"async\" width=\"670\" height=\"447\" src=\"https:\/\/losperiodistas.com.mx\/portal\/wp-content\/uploads\/2023\/03\/Nota-Garcia-Luna.jpg\" alt=\"\" class=\"wp-image-48440\" srcset=\"https:\/\/losperiodistas.com.mx\/portal\/wp-content\/uploads\/2023\/03\/Nota-Garcia-Luna.jpg 670w, https:\/\/losperiodistas.com.mx\/portal\/wp-content\/uploads\/2023\/03\/Nota-Garcia-Luna-300x200.jpg 300w\" sizes=\"(max-width: 670px) 100vw, 670px\" \/><\/figure>\n\n\n\n<p class=\"has-vivid-red-color has-text-color has-medium-font-size\"><strong>REDACCI\u00d3N EL INDEPENDIENTE<\/strong><\/p>\n\n\n\n<p>Luego de haber sido&nbsp;declarado culpable&nbsp;por cargos relacionados al narcotr\u00e1fico,<a href=\"https:\/\/www.infobae.com\/mexico\/2023\/02\/21\/genaro-garcia-luna-que-sigue-tras-ser-declarado-culpable\/\"><em>&nbsp;Genaro Garc\u00eda Luna&nbsp;<\/em><\/a>espera su sentencia en una prisi\u00f3n de m\u00e1xima seguridad en Brooklyn. Debido a que podr\u00eda recibir una cadena perpetua, el exfuncionario de seguridad se ha mostrado&nbsp;abierto a cooperar con las autoridades de Estados Unidos.<\/p>\n\n\n\n<p>Fue el pasado 22 de febrero cuando Garc\u00eda Luna fue declarado&nbsp;<a href=\"https:\/\/www.infobae.com\/mexico\/2023\/02\/21\/suspenso-en-juicio-de-garcia-luna-por-deliberacion-del-jurado-piden-revisar-testimonio-de-el-rey-zambada\/\"><em>culpable de los cinco cargos<\/em><\/a>&nbsp;que se le imputaban: tres por conspiraci\u00f3n para transportar, importar y distribuir coca\u00edna; otro por pertenecer a una empresa criminal y uno m\u00e1s por emitir declaraciones falsas a las autoridades de inmigraci\u00f3n de EEUU.<\/p>\n\n\n\n<p>El juez Brian Cogan dar\u00e1 a conocer su&nbsp;sentencia&nbsp;el pr\u00f3ximo&nbsp;27 de junio.&nbsp;Debido a la gravedad de los delitos podr\u00eda recibir 20 a\u00f1os de prisi\u00f3n como m\u00ednimo; o bien, podr\u00eda pasar el resto de su vida en la c\u00e1rcel. Por ello, el exsecretario de Seguridad P\u00fablica Federal en el sexenio de Felipe Calder\u00f3n (2006-2012) mantiene abierta las&nbsp;posibilidades de colaborar&nbsp;con el Gobierno estadounidense.<\/p>\n\n\n\n<p>As\u00ed lo dio a conocer su abogado defensor&nbsp;C\u00e9sar de Castro, quien en entrevista con&nbsp;<em>CNN<\/em>&nbsp;asegur\u00f3 que el exfuncionario&nbsp;\u201csigue en shock\u201d&nbsp;por la resoluci\u00f3n del jurado. Si bien mencion\u00f3 que su cliente no se arrepiente de no haber cooperado con EEUU anteriormente, indici\u00f3 que a\u00fan existe la posibilidad de que lo haga una vez reciba la sentencia.<\/p>\n\n\n\n<p>\u201c\u00c9l (Garc\u00eda Luna) puede hacer eso y sabr\u00e1 que esa es una opci\u00f3n. Sin duda lo discutiremos. \u00c9l puede explorar esas opciones (\u2026)&nbsp;\u00c9l siempre ha mantenido sus opciones abiertas\u201d, coment\u00f3 de Castro en la entrevista realizada por la periodista Mar\u00eda Santana, publicada este 16 de marzo.<\/p>\n\n\n\n<h4 class=\"has-cyan-bluish-gray-background-color has-background wp-block-heading\">Te puede interesar<\/h4>\n\n\n\n<figure class=\"wp-block-image is-style-default\"><a href=\"https:\/\/elindependiente.mx\/seguridad-y-defensa\/2023\/03\/17\/criminalidad-vinculada-en-mexico-al-trafico-de-cocaina-revela-la-onu\/\"><img decoding=\"async\" src=\"https:\/\/h3w3g6n2.rocketcdn.me\/wp-content\/uploads\/2023\/03\/Nota-Criminalidad-Mexico-150x150.jpg\" alt=\"\"\/><\/a><\/figure>\n\n\n\n<h5 class=\"wp-block-heading\"><a href=\"https:\/\/elindependiente.mx\/seguridad-y-defensa\/2023\/03\/17\/criminalidad-vinculada-en-mexico-al-trafico-de-cocaina-revela-la-onu\/\">Criminalidad vinculada en M\u00e9xico al tr\u00e1fico de coca\u00edna revela la ONU<\/a><\/h5>\n\n\n\n<h6 class=\"wp-block-heading\">&nbsp;<a href=\"https:\/\/elindependiente.mx\/seguridad-y-defensa\/2023\/03\/17\/droga-armamento-y-un-vehiculo-son-asegurados-en-baja-californiaen-una-accion-coordinada-elementos-del-ejercito-conjuntamente-con-la-guardia-nacional-y-la-fgr-realizaron-el-aseguramiento-de-droga-a\/\">Droga, armamento y un veh\u00edculo son asegurados en Baja California<\/a><\/h6>\n\n\n\n<h6 class=\"wp-block-heading\">&nbsp;<a href=\"https:\/\/elindependiente.mx\/seguridad-y-defensa\/2023\/03\/17\/son-asegurados-50-kilogramos-de-posible-metanfetamina-en-chihuahua\/\">Son asegurados 50 kilogramos de posible metanfetamina en Chihuahua<\/a><\/h6>\n\n\n\n<p>Esta posible coolaboraci\u00f3n se har\u00eda con dos fines principalmente: por un lado tratar de&nbsp;reducir la condena&nbsp;que le dictar\u00e1 el juez Cogan, y por otro dar informaci\u00f3n sobre funcionarios de mayor nivel que \u00e9l. De esa manera tambi\u00e9n se podr\u00eda dar a conocer si los expresidentes panistas Vicente Fox y Felipe Calder\u00f3n sab\u00edan o estaban involucrados en los&nbsp;<a href=\"https:\/\/www.infobae.com\/mexico\/2023\/02\/06\/de-los-sobornos-del-cartel-de-sinaloa-a-las-reuniones-con-narcotraficantes-el-juicio-de-garcia-luna-en-resumen\/\"><em>sobornos<\/em><\/a>&nbsp;que Garc\u00eda Luna recib\u00eda del&nbsp;C\u00e1rtel de Sinaloa.<\/p>\n\n\n\n<p>Sin embargo, para ello primero se tiene que dictar la respectiva sentencia. En ese sentido, de Castro detall\u00f3 que se ha discutido la posibilidad de&nbsp;apelar la condena.&nbsp;Explic\u00f3 que la defensa tiene un periodo de 14 d\u00edas a partir del 27 de junio para presentar una notificaci\u00f3n en la corte de apelaciones.<\/p>\n\n\n\n<p>Posteriormente a esa fecha tendr\u00edan tres meses para elaborar y presentar una moci\u00f3n en la que se expongan los argumentos ante un tribunal. No obstante,&nbsp;no podr\u00e1n presentar nuevas pruebas&nbsp;debido al sistema de justicia estadounidense.<\/p>\n\n\n\n<p>A&nbsp;pesar de que Genaro Garc\u00eda Luna fue declarado culpable en Estados Unidos, tambi\u00e9n<a href=\"https:\/\/fgr.org.mx\/es\/FGR\/Prensa\/_rid\/61\/_mod\/story?p=1&amp;ord=desc&amp;f=0&amp;suri=http:\/\/www.FGR.swb%23fgr_Boletin:6430\"><em>&nbsp;enfrenta un par de cargos en M\u00e9xico:&nbsp;<\/em><\/a>uno por la introducci\u00f3n ilegal de armamento en el caso conocido como \u201cR\u00e1pido y Furioso\u201d, y otro por el caso CEFERESOS, en el cual habr\u00eda generado un da\u00f1o patrimonial, detall\u00f3 la Fiscal\u00eda General de la Rep\u00fablica (FGR).<\/p>\n\n\n\n<p>Adem\u00e1s, existen otras investigaciones en curso y una<a href=\"https:\/\/www.infobae.com\/mexico\/2023\/03\/02\/fgr-solicito-nueva-orden-de-aprehension-contra-garcia-luna\/\"><em>&nbsp;solicitud de aprehensi\u00f3n<\/em><\/a>&nbsp;m\u00e1s. Por ello, la Secretar\u00eda de Relaciones Exteriores (SRE) ha analizado la posibilidad de obtener la&nbsp;extradici\u00f3n del \u201csuper polic\u00eda\u201d.<\/p>\n\n\n\n<p>Al respecto, C\u00e9sar de Castro indic\u00f3 que Garc\u00eda Luna&nbsp;s\u00ed podr\u00eda ser entregado a M\u00e9xico.&nbsp;\u201cHa sido condenado por un delito. Por lo tanto, ser\u00eda deportado luego de cumplir su condena. Entonces, tiene que ser sentenciado. Ciertamente vamos a apelar, pero suponiendo que no podamos revertir su condena de alguna manera (\u2026) la pregunta es qu\u00e9 sucede despu\u00e9s de que la cumpla\u201d, coment\u00f3 el abogado al medio referido.<\/p>\n\n\n\n<p>En tanto, Garc\u00eda Luna seguir\u00e1 en una prisi\u00f3n de m\u00e1xima seguridad en<\/p>\n\n\n\n<p>Brooklyn mientras espera la sentencia que dicte el juez Cogan.<\/p>\n\n\n\n<p>No olvides seguirnos y mantenerte actualizado con\u00a0<a href=\"https:\/\/elindependiente.mx\/\">El independiente.<\/a><\/p>\n\n\n\n<p>Fuente: <a href=\"https:\/\/elindependiente.mx\/seguridad-y-defensa\/2023\/03\/17\/a-temblar-fox-y-calderon-aceptaria-genaro-colaborar-con-eu-para-eludir-cadena-perpetua\/\">https:\/\/elindependiente.mx\/seguridad-y-defensa\/2023\/03\/17\/a-temblar-fox-y-calderon-aceptaria-genaro-colaborar-con-eu-para-eludir-cadena-perpetua\/<\/a><\/p>\n\n\n\n<p><\/p>\n","protected":false},"excerpt":{"rendered":"<p>El exsecretario de Seguridad P\u00fablica Federal en el sexenio de Felipe Calder\u00f3n (2006-2012) mantiene abierta las posibilidades de colaborar con [&hellip;]<\/p>\n","protected":false},"author":1,"featured_media":48440,"comment_status":"open","ping_status":"open","sticky":false,"template":"","format":"standard","meta":{"site-sidebar-layout":"default","site-content-layout":"","ast-site-content-layout":"default","site-content-style":"default","site-sidebar-style":"default","ast-global-header-display":"","ast-banner-title-visibility":"","ast-main-header-display":"","ast-hfb-above-header-display":"","ast-hfb-below-header-display":"","ast-hfb-mobile-header-display":"","site-post-title":"","ast-breadcrumbs-content":"","ast-featured-img":"","footer-sml-layout":"","theme-transparent-header-meta":"","adv-header-id-meta":"","stick-header-meta":"","header-above-stick-meta":"","header-main-stick-meta":"","header-below-stick-meta":"","astra-migrate-meta-layouts":"default","ast-page-background-enabled":"default","ast-page-background-meta":{"desktop":{"background-color":"var(--ast-global-color-4)","background-image":"","background-repeat":"repeat","background-position":"center center","background-size":"auto","background-attachment":"scroll","background-type":"","background-media":"","overlay-type":"","overlay-color":"","overlay-opacity":"","overlay-gradient":""},"tablet":{"background-color":"","background-image":"","background-repeat":"repeat","background-position":"center center","background-size":"auto","background-attachment":"scroll","background-type":"","background-media":"","overlay-type":"","overlay-color":"","overlay-opacity":"","overlay-gradient":""},"mobile":{"background-color":"","background-image":"","background-repeat":"repeat","background-position":"center center","background-size":"auto","background-attachment":"scroll","background-type":"","background-media":"","overlay-type":"","overlay-color":"","overlay-opacity":"","overlay-gradient":""}},"ast-content-background-meta":{"desktop":{"background-color":"var(--ast-global-color-5)","background-image":"","background-repeat":"repeat","background-position":"center center","background-size":"auto","background-attachment":"scroll","background-type":"","background-media":"","overlay-type":"","overlay-color":"","overlay-opacity":"","overlay-gradient":""},"tablet":{"background-color":"var(--ast-global-color-5)","background-image":"","background-repeat":"repeat","background-position":"center center","background-size":"auto","background-attachment":"scroll","background-type":"","background-media":"","overlay-type":"","overlay-color":"","overlay-opacity":"","overlay-gradient":""},"mobile":{"background-color":"var(--ast-global-color-5)","background-image":"","background-repeat":"repeat","background-position":"center center","background-size":"auto","background-attachment":"scroll","background-type":"","background-media":"","overlay-type":"","overlay-color":"","overlay-opacity":"","overlay-gradient":""}},"footnotes":""},"categories":[8],"tags":[107,15498],"class_list":["post-48439","post","type-post","status-publish","format-standard","has-post-thumbnail","hentry","category-noticias","tag-genaro-garcia-luna","tag-testigo-cooperante"],"_links":{"self":[{"href":"https:\/\/losperiodistas.com.mx\/portal\/wp-json\/wp\/v2\/posts\/48439","targetHints":{"allow":["GET"]}}],"collection":[{"href":"https:\/\/losperiodistas.com.mx\/portal\/wp-json\/wp\/v2\/posts"}],"about":[{"href":"https:\/\/losperiodistas.com.mx\/portal\/wp-json\/wp\/v2\/types\/post"}],"author":[{"embeddable":true,"href":"https:\/\/losperiodistas.com.mx\/portal\/wp-json\/wp\/v2\/users\/1"}],"replies":[{"embeddable":true,"href":"https:\/\/losperiodistas.com.mx\/portal\/wp-json\/wp\/v2\/comments?post=48439"}],"version-history":[{"count":1,"href":"https:\/\/losperiodistas.com.mx\/portal\/wp-json\/wp\/v2\/posts\/48439\/revisions"}],"predecessor-version":[{"id":48441,"href":"https:\/\/losperiodistas.com.mx\/portal\/wp-json\/wp\/v2\/posts\/48439\/revisions\/48441"}],"wp:featuredmedia":[{"embeddable":true,"href":"https:\/\/losperiodistas.com.mx\/portal\/wp-json\/wp\/v2\/media\/48440"}],"wp:attachment":[{"href":"https:\/\/losperiodistas.com.mx\/portal\/wp-json\/wp\/v2\/media?parent=48439"}],"wp:term":[{"taxonomy":"category","embeddable":true,"href":"https:\/\/losperiodistas.com.mx\/portal\/wp-json\/wp\/v2\/categories?post=48439"},{"taxonomy":"post_tag","embeddable":true,"href":"https:\/\/losperiodistas.com.mx\/portal\/wp-json\/wp\/v2\/tags?post=48439"}],"curies":[{"name":"wp","href":"https:\/\/api.w.org\/{rel}","templated":true}]}}