{"id":48427,"date":"2023-03-17T07:44:03","date_gmt":"2023-03-17T13:44:03","guid":{"rendered":"http:\/\/losperiodistas.com.mx\/portal\/?p=48427"},"modified":"2023-03-17T07:44:20","modified_gmt":"2023-03-17T13:44:20","slug":"prd-denuncio-a-amlo-y-mier-velazco-por-usar-recursos-publicos-para-acarreo-en-evento-del-zocalo-infobae","status":"publish","type":"post","link":"https:\/\/losperiodistas.com.mx\/portal\/prd-denuncio-a-amlo-y-mier-velazco-por-usar-recursos-publicos-para-acarreo-en-evento-del-zocalo-infobae\/","title":{"rendered":"PRD denunci\u00f3 a AMLO y Mier Velazco por usar recursos p\u00fablicos para acarreo en evento del Z\u00f3calo | Infobae"},"content":{"rendered":"\n<h2 class=\"has-background has-medium-font-size wp-block-heading\" style=\"background-color:#3ae2fc\">El representante del Sol Azteca ante el INE aleg\u00f3 que se tratar\u00eda de un evento para promocionar la figura del presidente<\/h2>\n\n\n\n<figure class=\"wp-block-image size-large is-style-default\"><img fetchpriority=\"high\" decoding=\"async\" width=\"1024\" height=\"576\" src=\"https:\/\/losperiodistas.com.mx\/portal\/wp-content\/uploads\/2023\/03\/Captura-de-Pantalla-2023-03-17-a-las-7.37.35-1024x576.jpg\" alt=\"\" class=\"wp-image-48428\" srcset=\"https:\/\/losperiodistas.com.mx\/portal\/wp-content\/uploads\/2023\/03\/Captura-de-Pantalla-2023-03-17-a-las-7.37.35-1024x576.jpg 1024w, https:\/\/losperiodistas.com.mx\/portal\/wp-content\/uploads\/2023\/03\/Captura-de-Pantalla-2023-03-17-a-las-7.37.35-300x169.jpg 300w, https:\/\/losperiodistas.com.mx\/portal\/wp-content\/uploads\/2023\/03\/Captura-de-Pantalla-2023-03-17-a-las-7.37.35-768x432.jpg 768w, https:\/\/losperiodistas.com.mx\/portal\/wp-content\/uploads\/2023\/03\/Captura-de-Pantalla-2023-03-17-a-las-7.37.35-1536x865.jpg 1536w, https:\/\/losperiodistas.com.mx\/portal\/wp-content\/uploads\/2023\/03\/Captura-de-Pantalla-2023-03-17-a-las-7.37.35.jpg 1716w\" sizes=\"(max-width: 1024px) 100vw, 1024px\" \/><figcaption>AMLO y Mier Velazco fueron acusado por el PRD de utilizar recursos p\u00fablicos para la promoci\u00f3n de su imagen en la marcha del 18 de marzo (especial)<\/figcaption><\/figure>\n\n\n\n<p class=\"has-vivid-red-color has-text-color has-medium-font-size\"><strong>FERNANDO COCA \/ INFOBAE<\/strong><\/p>\n\n\n\n<p>El pr\u00f3ximo 18 de marzo se llevar\u00e1 a cabo la movilizaci\u00f3n con la que se busca&nbsp;<a href=\"https:\/\/www.infobae.com\/mexico\/2023\/02\/28\/cuando-sera-la-proxima-megamarcha-de-amlo-con-la-que-buscara-opacar-a-sus-adversarios\/\" target=\"_blank\" rel=\"noreferrer noopener\"><strong>conmemorar la expropiaci\u00f3n petrolera&nbsp;<\/strong><\/a>en el gobierno de<strong>&nbsp;L\u00e1zaro C\u00e1rdenas<\/strong>, la cual ha sido promovida por funcionarios y servidores p\u00fablicos afines al gobierno de la autonombrada Cuarta Transformaci\u00f3n (<strong>4T<\/strong>).<\/p>\n\n\n\n<div class=\"wp-block-image is-style-default\"><figure class=\"alignleft is-resized\"><img decoding=\"async\" src=\"https:\/\/cloudfront-us-east-1.images.arcpublishing.com\/infobae\/USWBR36HTJHD3HWSFFIJP5FYI4.jpg\" alt=\"Mitin AMLO Z\u00f3calo (Presidencia)\" width=\"-429\" height=\"-241\"\/><\/figure><\/div>\n\n\n\n<p>Te puede interesar: <strong><a href=\"https:\/\/www.infobae.com\/mexico\/2023\/03\/15\/diputados-de-morena-pagaran-con-su-sueldo-traslado-de-gente-a-mitin-de-amlo\/\">Diputados de Morena pagar\u00e1n con su sueldo traslado de gente a mitin de AMLO<\/a><\/strong><\/p>\n\n\n\n<p><\/p>\n\n\n\n<p><\/p>\n\n\n\n<p><\/p>\n\n\n\n<p>Hasta el punto de que el presidente de la Junta de Coordinaci\u00f3n Pol\u00edtica (<strong>Jucopo<\/strong>) de la C\u00e1mara de Diputados y miembro del Movimiento Regeneraci\u00f3n Nacional (<strong>Morena<\/strong>),\u00a0<strong>Ignacio Mier Velazco,<\/strong>\u00a0dijo que los legisladores del partido guinda pagar\u00edan de su propio bolsillo el traslado de las personas hacia el Z\u00f3calo capitalino.<\/p>\n\n\n\n<p>Por lo que el Partido de la Revoluci\u00f3n Democr\u00e1tica (<strong>PRD<\/strong>) present\u00f3 una queja ante la Comisi\u00f3n de Quejas y Denuncias en contra del presidente Andr\u00e9s Manuel L\u00f3pez Obrador (<strong>AMLO<\/strong>) y el coordinador del grupo parlamentario de Morena, Mier Velazco, por el presunto&nbsp;<strong>uso indebido de recursos p\u00fablicos<\/strong>.<\/p>\n\n\n\n<p>La queja fue interpuesta por el representante del PRD,\u00a0<strong>\u00c1ngel \u00c1vila Romero,<\/strong>\u00a0quien inform\u00f3 de la acci\u00f3n por medio de sus redes sociales en donde acus\u00f3 al presidente y al legislador morenista de estar<strong>\u00a0utilizando dinero p\u00fablico<\/strong>\u00a0para promocionar la figura presidencial a trav\u00e9s de la marcha.<\/p>\n\n\n\n<figure class=\"wp-block-embed is-type-rich is-provider-twitter wp-block-embed-twitter\"><div class=\"wp-block-embed__wrapper\">\n<blockquote class=\"twitter-tweet\" data-width=\"500\" data-dnt=\"true\"><p lang=\"es\" dir=\"ltr\">Hemos presentado una queja en contra del Presidente <a href=\"https:\/\/twitter.com\/lopezobrador_?ref_src=twsrc%5Etfw\">@lopezobrador_<\/a> , el coordinador de las y los diputados de Morena en la C\u00e1mara de Diputados <a href=\"https:\/\/twitter.com\/NachoMierV?ref_src=twsrc%5Etfw\">@NachoMierV<\/a> y quienes resulten responsables, por el uso indebido de recursos p\u00fablicos para acarrear a la gente a su evento del 18 de <a href=\"https:\/\/t.co\/ISOgrg5YXD\">pic.twitter.com\/ISOgrg5YXD<\/a><\/p>&mdash; Angel Avila (@AngelAvilaPRD) <a href=\"https:\/\/twitter.com\/AngelAvilaPRD\/status\/1636393513150562305?ref_src=twsrc%5Etfw\">March 16, 2023<\/a><\/blockquote><script async src=\"https:\/\/platform.twitter.com\/widgets.js\" charset=\"utf-8\"><\/script>\n<\/div><\/figure>\n\n\n\n<blockquote class=\"wp-block-quote is-layout-flow wp-block-quote-is-layout-flow\"><p>\u201cPresentamos formal queja en contra de Andr\u00e9s Manuel L\u00f3pez Obrador (&#8230;) Ignacio Mier Velazco (&#8230;) y quienes resulten responsables, por el indebido uso de recursos p\u00fablicos con fines de promoci\u00f3n personalizada a favor del titular del ejecutivo federal\u201d.<\/p><\/blockquote>\n\n\n\n<p>A trav\u00e9s de su publicaci\u00f3n de Twitter, se\u00f1al\u00f3 que \u201cla autoridad (INE) debe de investigar si ese dinero<strong>\u00a0vendr\u00e1 de las arcas p\u00fablicas<\/strong>\u201d.<\/p>\n\n\n\n<p class=\"has-cyan-bluish-gray-background-color has-background\"><a href=\"https:\/\/www.infobae.com\/mexico\/2023\/03\/17\/santiago-creel-acuso-a-amlo-de-lucrar-con-el-18-de-marzo-para-hacer-su-marcha\/\" target=\"_blank\" rel=\"noreferrer noopener\">Te puede interesar:<strong>Santiago Creel acus\u00f3 a AMLO de lucrar con el 18 de marzo para hacer su marcha<\/strong><\/a><\/p>\n\n\n\n<p>Igualmente a\u00f1adi\u00f3 que se acreditaron diversas violaciones a la legislaci\u00f3n electoral en materia de propaganda gubernamental por la<strong>&nbsp;realizaci\u00f3n de campa\u00f1as personalizadas<\/strong>&nbsp;a favor de un funcionario como el primer mandatario. Especialmente por el proceso electoral en los estados de Coahuila y Estado de M\u00e9xico.<\/p>\n\n\n\n<p>\u201cPor lo tanto, el enorme despliegue de propaganda a favor de este evento puede generar una campa\u00f1a que&nbsp;<strong>beneficie de manera ilegal a el y la candidata de Morena en esos estados<\/strong>\u201d. se\u00f1al\u00f3 el representante del PRD.<\/p>\n\n\n\n<p>El anuncio de los morenistas fue hecho el pasado 15 de marzo durante rueda de prensa, en la que dio a conocer que los legisladores de Morena ir\u00edan a la congregaci\u00f3n del pr\u00f3ximo s\u00e1bado y que para las personas que quisieran asistir, los morenistas cubrir\u00edan los gastos de viaje.<img decoding=\"async\" alt=\"AMLO ha hecho varias movilizaciones en el Z\u00f3calo para mostrar que a\u00fan puede movilizar a sus simpatizantes (Presidencia)\" height=\"1000\" width=\"1500\" class=\"\" src=\"https:\/\/cloudfront-us-east-1.images.arcpublishing.com\/infobae\/XWEECPDQUNADZJXORDNUYJTR54.jpeg\" srcset=\"https:\/\/www.infobae.com\/new-resizer\/oymUweCqufoA_1Rr77VTy8FcuF8=\/420x280\/filters:format(webp):quality(85)\/cloudfront-us-east-1.images.arcpublishing.com\/infobae\/XWEECPDQUNADZJXORDNUYJTR54.jpeg 420w,https:\/\/www.infobae.com\/new-resizer\/9hutRsTZQH2z-tmycMZCAV_-uBg=\/768x512\/filters:format(webp):quality(85)\/cloudfront-us-east-1.images.arcpublishing.com\/infobae\/XWEECPDQUNADZJXORDNUYJTR54.jpeg 768w,https:\/\/www.infobae.com\/new-resizer\/rEIG2H-Ijd9fOlM6_G1u6c7T6lU=\/992x661\/filters:format(webp):quality(85)\/cloudfront-us-east-1.images.arcpublishing.com\/infobae\/XWEECPDQUNADZJXORDNUYJTR54.jpeg 992w,https:\/\/www.infobae.com\/new-resizer\/OHSLsHzZEzSSPmxVHKPPO067JmI=\/1200x800\/filters:format(webp):quality(85)\/cloudfront-us-east-1.images.arcpublishing.com\/infobae\/XWEECPDQUNADZJXORDNUYJTR54.jpeg 1200w,https:\/\/www.infobae.com\/new-resizer\/v2qf8Gy0kuW1aPkY7I6yQhb1PDE=\/1440x960\/filters:format(webp):quality(85)\/cloudfront-us-east-1.images.arcpublishing.com\/infobae\/XWEECPDQUNADZJXORDNUYJTR54.jpeg 1440w\">AMLO ha hecho varias movilizaciones en el Z\u00f3calo para mostrar que a\u00fan puede movilizar a sus simpatizantes (Presidencia)<\/p>\n\n\n\n<blockquote class=\"wp-block-quote is-layout-flow wp-block-quote-is-layout-flow\"><p>\u201cTengo conocimiento, porque me lo han hecho saber varias diputadas y diputados, de que&nbsp;<strong>van a destinar parte de su dieta<\/strong>&nbsp;para poder estar presentes y con ellos algunos de los compa\u00f1eros que quieren venir tambi\u00e9n y que&nbsp;<strong>solidariamente apoyan su traslado<\/strong>&nbsp;las y los diputados\u201d.<\/p><\/blockquote>\n\n\n\n<p>Se\u00f1al\u00f3 que la asistencia a la movilizaci\u00f3n era fundamental para los militantes de su partido, pues la expropiaci\u00f3n petrolera era parte importante de su movimiento y al no asistir ser\u00eda una \u201comisi\u00f3n a nuestros rituales que le dieron origen\u201d.<\/p>\n\n\n\n<p>El evento se llevar\u00e1 a cabo en la Plaza de la Constituci\u00f3n y fue convocada por AMLO para conmemorar la Expropiaci\u00f3n Petrolera de 1938 y\u00a0<a href=\"https:\/\/www.infobae.com\/mexico\/2023\/03\/15\/sin-adoctrinamiento-adan-augusto-lopez-recordo-que-el-18m-es-por-la-expropiacion-petrolera\/\" target=\"_blank\" rel=\"noreferrer noopener\"><strong>la defensa de la independencia energ\u00e9tica, as\u00ed como la autonom\u00eda\u00a0<\/strong><\/a>del pa\u00eds, de acuerdo con el presidente y el secretario de Gobernaci\u00f3n Ad\u00e1n Augusto L\u00f3pez.<\/p>\n\n\n\n<p class=\"has-cyan-bluish-gray-background-color has-background\"><a href=\"https:\/\/www.infobae.com\/mexico\/2023\/03\/11\/jesus-zambrano-acudio-a-la-scjn-para-presentar-impugnaciones-al-plan-b\/\" target=\"_blank\" rel=\"noreferrer noopener\">Te puede interesar:<strong>Jes\u00fas Zambrano acudi\u00f3 a la SCJN para presentar impugnaciones al Plan B<\/strong><\/a><\/p>\n\n\n\n<p>Pero tambi\u00e9n servir\u00e1 como una respuesta contra la segunda movilizaci\u00f3n a favor del Instituto Nacional Electoral (<strong>INE<\/strong>), llevada a cabo el pasado 26 de febrero.<\/p>\n\n\n\n<p>\u201cEsto exige muchas fatigas, llenan el Z\u00f3calo, bueno, s\u00ed,<strong>\u00a0pero nosotros para poder lograr el cambio lo llenamos 60 veces<\/strong>. Y no solo lo llenamos; desbordamos. Es una de las manifestaciones que han habido en la historia del pa\u00eds\u201d, dijo el presidente en conferencia matutina.<\/p>\n\n\n\n<p>Fuente: <a href=\"https:\/\/www.infobae.com\/mexico\/2023\/03\/17\/prd-denuncio-a-amlo-y-mier-velazco-por-usar-recursos-publicos-para-acarreo-en-evento-del-zocalo\/\">https:\/\/www.infobae.com\/mexico\/2023\/03\/17\/prd-denuncio-a-amlo-y-mier-velazco-por-usar-recursos-publicos-para-acarreo-en-evento-del-zocalo\/<\/a><\/p>\n","protected":false},"excerpt":{"rendered":"<p>El representante del Sol Azteca ante el INE aleg\u00f3 que se tratar\u00eda de un evento para promocionar la figura del [&hellip;]<\/p>\n","protected":false},"author":1,"featured_media":48428,"comment_status":"open","ping_status":"open","sticky":false,"template":"","format":"standard","meta":{"site-sidebar-layout":"default","site-content-layout":"","ast-site-content-layout":"default","site-content-style":"default","site-sidebar-style":"default","ast-global-header-display":"","ast-banner-title-visibility":"","ast-main-header-display":"","ast-hfb-above-header-display":"","ast-hfb-below-header-display":"","ast-hfb-mobile-header-display":"","site-post-title":"","ast-breadcrumbs-content":"","ast-featured-img":"","footer-sml-layout":"","theme-transparent-header-meta":"","adv-header-id-meta":"","stick-header-meta":"","header-above-stick-meta":"","header-main-stick-meta":"","header-below-stick-meta":"","astra-migrate-meta-layouts":"default","ast-page-background-enabled":"default","ast-page-background-meta":{"desktop":{"background-color":"var(--ast-global-color-4)","background-image":"","background-repeat":"repeat","background-position":"center center","background-size":"auto","background-attachment":"scroll","background-type":"","background-media":"","overlay-type":"","overlay-color":"","overlay-opacity":"","overlay-gradient":""},"tablet":{"background-color":"","background-image":"","background-repeat":"repeat","background-position":"center center","background-size":"auto","background-attachment":"scroll","background-type":"","background-media":"","overlay-type":"","overlay-color":"","overlay-opacity":"","overlay-gradient":""},"mobile":{"background-color":"","background-image":"","background-repeat":"repeat","background-position":"center center","background-size":"auto","background-attachment":"scroll","background-type":"","background-media":"","overlay-type":"","overlay-color":"","overlay-opacity":"","overlay-gradient":""}},"ast-content-background-meta":{"desktop":{"background-color":"var(--ast-global-color-5)","background-image":"","background-repeat":"repeat","background-position":"center center","background-size":"auto","background-attachment":"scroll","background-type":"","background-media":"","overlay-type":"","overlay-color":"","overlay-opacity":"","overlay-gradient":""},"tablet":{"background-color":"var(--ast-global-color-5)","background-image":"","background-repeat":"repeat","background-position":"center center","background-size":"auto","background-attachment":"scroll","background-type":"","background-media":"","overlay-type":"","overlay-color":"","overlay-opacity":"","overlay-gradient":""},"mobile":{"background-color":"var(--ast-global-color-5)","background-image":"","background-repeat":"repeat","background-position":"center center","background-size":"auto","background-attachment":"scroll","background-type":"","background-media":"","overlay-type":"","overlay-color":"","overlay-opacity":"","overlay-gradient":""}},"footnotes":""},"categories":[8],"tags":[15584,15585,199,15571,8052],"class_list":["post-48427","post","type-post","status-publish","format-standard","has-post-thumbnail","hentry","category-noticias","tag-18-de-maro","tag-18-de-marzo","tag-amlo","tag-expropiacion-petrolera-mexico","tag-lazaro-cardenas"],"_links":{"self":[{"href":"https:\/\/losperiodistas.com.mx\/portal\/wp-json\/wp\/v2\/posts\/48427","targetHints":{"allow":["GET"]}}],"collection":[{"href":"https:\/\/losperiodistas.com.mx\/portal\/wp-json\/wp\/v2\/posts"}],"about":[{"href":"https:\/\/losperiodistas.com.mx\/portal\/wp-json\/wp\/v2\/types\/post"}],"author":[{"embeddable":true,"href":"https:\/\/losperiodistas.com.mx\/portal\/wp-json\/wp\/v2\/users\/1"}],"replies":[{"embeddable":true,"href":"https:\/\/losperiodistas.com.mx\/portal\/wp-json\/wp\/v2\/comments?post=48427"}],"version-history":[{"count":2,"href":"https:\/\/losperiodistas.com.mx\/portal\/wp-json\/wp\/v2\/posts\/48427\/revisions"}],"predecessor-version":[{"id":48430,"href":"https:\/\/losperiodistas.com.mx\/portal\/wp-json\/wp\/v2\/posts\/48427\/revisions\/48430"}],"wp:featuredmedia":[{"embeddable":true,"href":"https:\/\/losperiodistas.com.mx\/portal\/wp-json\/wp\/v2\/media\/48428"}],"wp:attachment":[{"href":"https:\/\/losperiodistas.com.mx\/portal\/wp-json\/wp\/v2\/media?parent=48427"}],"wp:term":[{"taxonomy":"category","embeddable":true,"href":"https:\/\/losperiodistas.com.mx\/portal\/wp-json\/wp\/v2\/categories?post=48427"},{"taxonomy":"post_tag","embeddable":true,"href":"https:\/\/losperiodistas.com.mx\/portal\/wp-json\/wp\/v2\/tags?post=48427"}],"curies":[{"name":"wp","href":"https:\/\/api.w.org\/{rel}","templated":true}]}}