{"id":48424,"date":"2023-03-17T07:32:09","date_gmt":"2023-03-17T13:32:09","guid":{"rendered":"http:\/\/losperiodistas.com.mx\/portal\/?p=48424"},"modified":"2023-03-17T07:32:11","modified_gmt":"2023-03-17T13:32:11","slug":"amlo-a-banqueros-sigamos-impulsando-el-progreso-con-justicia-social-la-jornada","status":"publish","type":"post","link":"https:\/\/losperiodistas.com.mx\/portal\/amlo-a-banqueros-sigamos-impulsando-el-progreso-con-justicia-social-la-jornada\/","title":{"rendered":"AMLO a banqueros: sigamos impulsando el progreso con justicia social | La Jornada"},"content":{"rendered":"\n<figure class=\"wp-block-image size-full is-style-default\"><img fetchpriority=\"high\" decoding=\"async\" width=\"1024\" height=\"682\" src=\"https:\/\/losperiodistas.com.mx\/portal\/wp-content\/uploads\/2023\/03\/image_large-2.jpeg\" alt=\"\" class=\"wp-image-48425\" srcset=\"https:\/\/losperiodistas.com.mx\/portal\/wp-content\/uploads\/2023\/03\/image_large-2.jpeg 1024w, https:\/\/losperiodistas.com.mx\/portal\/wp-content\/uploads\/2023\/03\/image_large-2-300x200.jpeg 300w, https:\/\/losperiodistas.com.mx\/portal\/wp-content\/uploads\/2023\/03\/image_large-2-768x512.jpeg 768w\" sizes=\"(max-width: 1024px) 100vw, 1024px\" \/><figcaption>El presidente Andr\u00e9s Manuel L\u00f3pez Obrador en la inauguraci\u00f3n de la 86 Convenci\u00f3n bancaria.\u00a0Foto\u00a0<strong>Marco Pel\u00e1ez<\/strong><\/figcaption><\/figure>\n\n\n\n<p class=\"has-vivid-red-color has-text-color has-medium-font-size\"><strong>ROBERTO GONZ\u00c1LEZ AMADOR \/ DORA VILLANUEVA \/ JULIO GUTI\u00c9RREZ \/ LA JORNADA<\/strong><\/p>\n\n\n\n<p><em>M\u00e9rida, Yuc.<\/em>\u00a0El presidente Andr\u00e9s Manuel L\u00f3pez Obrador expres\u00f3 este jueves, reunido con los integrantes del sistema bancario y autoridades financieras, que el pa\u00eds \u201cva bien\u201d y plante\u00f3 la necesidad que \u201csigamos todos impulsando el progreso con justicia social\u201d en el pa\u00eds en el que, destac\u00f3, \u201chay estabilidad pol\u00edtica\u201d.<\/p>\n\n\n\n<p>Ya entrado el \u00faltimo tercio de su mandato, el presidente L\u00f3pez Obrador reiter\u00f3 el compromiso de su administraci\u00f3n, contra\u00eddo desde el inicio del gobierno, de no cambiar las reglas para la operaci\u00f3n de los bancos en M\u00e9xico, un ofrecimiento que concit\u00f3 el aplauso de los asistentes a la sesi\u00f3n inaugural de la 86 Convenci\u00f3n bancaria, que se realiza en esta capital.<\/p>\n\n\n\n<p>En un breve discurso, el \u00faltimo de una larga ceremonia de apertura que se prolong\u00f3 por m\u00e1s de dos horas, L\u00f3pez Obrador cit\u00f3 que la banca que opera en M\u00e9xico, compuesta por 49 instituciones y dominado por firmas del exterior, obtuvo el \u00faltimo a\u00f1o utilidades por 236 mil 743 millones de pesos \u201calgo nunca visto\u201d.<\/p>\n\n\n\n<p>\u201cNo voy a puntualizar sobre (lo que gana) cada banco, nada m\u00e1s el dato general. Nunca hab\u00eda obtenido la banca estas utilidades\u201d, expres\u00f3 el mandatario, que ya hab\u00eda comentado la cifra en su conferencia de prensa matutina en la Ciudad de M\u00e9xico.<\/p>\n\n\n\n<p>\u201cSigan haciendo negocios legales en M\u00e9xico, contin\u00faen obteniendo utilidades leg\u00edtimas y razonables, sigamos todos impulsando el progreso con justicia en nuestro pa\u00eds\u201d, expres\u00f3 el Presidente, quien a lo largo de su mandato no ha dejado de asistir a la cita anual de los banqueros \u2014la cual no se interrumpi\u00f3 incluso en 2021, cuando hab\u00eda restricciones por la pandemia, cuando se realiz\u00f3 en un formato con pocos asistentes en la sede de los banqueros en el centro de la capital del pa\u00eds.<\/p>\n\n\n\n<p>En su intervenci\u00f3n, el presidente L\u00f3pez Obrador detall\u00f3 lo que, a su juicio, constituyen indicadores de que el pa\u00eds \u201cva bien\u201d, entre los que cit\u00f3 un crecimiento del producto interno bruto de 3.1 por ciento en 2022, el que, \u201cno es por presumir\u201d, super\u00f3 a los obtenidos por Estados Unidos y China el mismo a\u00f1o.<\/p>\n\n\n\n<p>Record\u00f3 que su administraci\u00f3n no ha incrementado la deuda p\u00fablica, mientras la recauci\u00f3n aument\u00f3 sin que se elevaran los impuestos ni los precios de los combustibles.<\/p>\n\n\n\n<p>En un entorno en el que \u201chay estabilidad pol\u00edtica, que es algo muy importante\u201d, hay unan disminuci\u00f3n en el n\u00famero de homicidios, se redujo en 75 por ciento el secuestro y alrededor de 40 por ciento los robos a casa-habitaci\u00f3n, transe\u00fante y veh\u00edculo.<\/p>\n\n\n\n<p>Mencion\u00f3 que el n\u00famero de trabajadores en el sector formal de la econom\u00eda, que est\u00e1n afiliados al Seguro Social, lleg\u00f3 a un r\u00e9cord de 21 millones 600 mil, con un salario promedio de 16 mil pesos mensuales, el m\u00e1s alto desde que hay registros.<\/p>\n\n\n\n<p>El gobierno est\u00e1 entregando recursos de los programas de bienestar por 600 mil millones de pesos, en beneficio de 25 millones de hogares, lo que da cobertura a 71 por ciento de las familias en el pa\u00eds.<\/p>\n\n\n\n<p>Fuente: <a href=\"https:\/\/www.jornada.com.mx\/notas\/2023\/03\/16\/economia\/amlo-a-banqueros-sigamos-impulsando-el-progreso-con-justicia-social\/?from=homeonline&amp;block=primeraojeada\">https:\/\/www.jornada.com.mx\/notas\/2023\/03\/16\/economia\/amlo-a-banqueros-sigamos-impulsando-el-progreso-con-justicia-social\/?from=homeonline&amp;block=primeraojeada<\/a><\/p>\n","protected":false},"excerpt":{"rendered":"<p>ROBERTO GONZ\u00c1LEZ AMADOR \/ DORA VILLANUEVA \/ JULIO GUTI\u00c9RREZ \/ LA JORNADA M\u00e9rida, Yuc.\u00a0El presidente Andr\u00e9s Manuel L\u00f3pez Obrador expres\u00f3 [&hellip;]<\/p>\n","protected":false},"author":1,"featured_media":48425,"comment_status":"open","ping_status":"open","sticky":false,"template":"","format":"standard","meta":{"site-sidebar-layout":"default","site-content-layout":"","ast-site-content-layout":"default","site-content-style":"default","site-sidebar-style":"default","ast-global-header-display":"","ast-banner-title-visibility":"","ast-main-header-display":"","ast-hfb-above-header-display":"","ast-hfb-below-header-display":"","ast-hfb-mobile-header-display":"","site-post-title":"","ast-breadcrumbs-content":"","ast-featured-img":"","footer-sml-layout":"","theme-transparent-header-meta":"","adv-header-id-meta":"","stick-header-meta":"","header-above-stick-meta":"","header-main-stick-meta":"","header-below-stick-meta":"","astra-migrate-meta-layouts":"default","ast-page-background-enabled":"default","ast-page-background-meta":{"desktop":{"background-color":"var(--ast-global-color-4)","background-image":"","background-repeat":"repeat","background-position":"center center","background-size":"auto","background-attachment":"scroll","background-type":"","background-media":"","overlay-type":"","overlay-color":"","overlay-opacity":"","overlay-gradient":""},"tablet":{"background-color":"","background-image":"","background-repeat":"repeat","background-position":"center center","background-size":"auto","background-attachment":"scroll","background-type":"","background-media":"","overlay-type":"","overlay-color":"","overlay-opacity":"","overlay-gradient":""},"mobile":{"background-color":"","background-image":"","background-repeat":"repeat","background-position":"center center","background-size":"auto","background-attachment":"scroll","background-type":"","background-media":"","overlay-type":"","overlay-color":"","overlay-opacity":"","overlay-gradient":""}},"ast-content-background-meta":{"desktop":{"background-color":"var(--ast-global-color-5)","background-image":"","background-repeat":"repeat","background-position":"center center","background-size":"auto","background-attachment":"scroll","background-type":"","background-media":"","overlay-type":"","overlay-color":"","overlay-opacity":"","overlay-gradient":""},"tablet":{"background-color":"var(--ast-global-color-5)","background-image":"","background-repeat":"repeat","background-position":"center center","background-size":"auto","background-attachment":"scroll","background-type":"","background-media":"","overlay-type":"","overlay-color":"","overlay-opacity":"","overlay-gradient":""},"mobile":{"background-color":"var(--ast-global-color-5)","background-image":"","background-repeat":"repeat","background-position":"center center","background-size":"auto","background-attachment":"scroll","background-type":"","background-media":"","overlay-type":"","overlay-color":"","overlay-opacity":"","overlay-gradient":""}},"footnotes":""},"categories":[8],"tags":[15583,11912,15581],"class_list":["post-48424","post","type-post","status-publish","format-standard","has-post-thumbnail","hentry","category-noticias","tag-86-convencion-bancaria-2","tag-economia-mexico-2","tag-justicia-social"],"_links":{"self":[{"href":"https:\/\/losperiodistas.com.mx\/portal\/wp-json\/wp\/v2\/posts\/48424","targetHints":{"allow":["GET"]}}],"collection":[{"href":"https:\/\/losperiodistas.com.mx\/portal\/wp-json\/wp\/v2\/posts"}],"about":[{"href":"https:\/\/losperiodistas.com.mx\/portal\/wp-json\/wp\/v2\/types\/post"}],"author":[{"embeddable":true,"href":"https:\/\/losperiodistas.com.mx\/portal\/wp-json\/wp\/v2\/users\/1"}],"replies":[{"embeddable":true,"href":"https:\/\/losperiodistas.com.mx\/portal\/wp-json\/wp\/v2\/comments?post=48424"}],"version-history":[{"count":1,"href":"https:\/\/losperiodistas.com.mx\/portal\/wp-json\/wp\/v2\/posts\/48424\/revisions"}],"predecessor-version":[{"id":48426,"href":"https:\/\/losperiodistas.com.mx\/portal\/wp-json\/wp\/v2\/posts\/48424\/revisions\/48426"}],"wp:featuredmedia":[{"embeddable":true,"href":"https:\/\/losperiodistas.com.mx\/portal\/wp-json\/wp\/v2\/media\/48425"}],"wp:attachment":[{"href":"https:\/\/losperiodistas.com.mx\/portal\/wp-json\/wp\/v2\/media?parent=48424"}],"wp:term":[{"taxonomy":"category","embeddable":true,"href":"https:\/\/losperiodistas.com.mx\/portal\/wp-json\/wp\/v2\/categories?post=48424"},{"taxonomy":"post_tag","embeddable":true,"href":"https:\/\/losperiodistas.com.mx\/portal\/wp-json\/wp\/v2\/tags?post=48424"}],"curies":[{"name":"wp","href":"https:\/\/api.w.org\/{rel}","templated":true}]}}