{"id":48415,"date":"2023-03-17T06:57:59","date_gmt":"2023-03-17T12:57:59","guid":{"rendered":"http:\/\/losperiodistas.com.mx\/portal\/?p=48415"},"modified":"2023-03-17T07:26:13","modified_gmt":"2023-03-17T13:26:13","slug":"garantizados-los-programas-de-bienestar-en-puebla-rodrigo-abdala","status":"publish","type":"post","link":"https:\/\/losperiodistas.com.mx\/portal\/garantizados-los-programas-de-bienestar-en-puebla-rodrigo-abdala\/","title":{"rendered":"Garantizados los Programas de Bienestar en Puebla: Rodrigo Abdala"},"content":{"rendered":"\n<p class=\"has-medium-font-size\">En gira de trabajo en los municipios San Juan Xiutetelco, Libres y Chalchicomula de Sesma continuaron los Operativos de los Pagos de Bienestar<\/p>\n\n\n\n<figure class=\"wp-block-image size-large is-style-default\"><img fetchpriority=\"high\" decoding=\"async\" width=\"1024\" height=\"671\" src=\"https:\/\/losperiodistas.com.mx\/portal\/wp-content\/uploads\/2023\/03\/2-1024x671.jpeg\" alt=\"\" class=\"wp-image-48416\" srcset=\"https:\/\/losperiodistas.com.mx\/portal\/wp-content\/uploads\/2023\/03\/2-1024x671.jpeg 1024w, https:\/\/losperiodistas.com.mx\/portal\/wp-content\/uploads\/2023\/03\/2-300x197.jpeg 300w, https:\/\/losperiodistas.com.mx\/portal\/wp-content\/uploads\/2023\/03\/2-768x504.jpeg 768w, https:\/\/losperiodistas.com.mx\/portal\/wp-content\/uploads\/2023\/03\/2.jpeg 1057w\" sizes=\"(max-width: 1024px) 100vw, 1024px\" \/><figcaption>Bienestar Puebla<\/figcaption><\/figure>\n\n\n\n<p class=\"has-vivid-red-color has-text-color has-medium-font-size\"><strong>COMUNICADO<\/strong><\/p>\n\n\n\n<p>\u201cEn Puebla est\u00e1n garantizados los, Programas de Bienestar, que son un derecho ganado a pulso por los mexicanos\u201d, subray\u00f3 Rodrigo Abdala, Delegado de Programas para el Bienestar en Puebla, durante una visita este jueves a los municipios de San Juan Xiutetelco, Libres y Chalchicomula de Sesma, donde continu\u00f3 la supervisi\u00f3n del Operativo de Pago de Programas para el Bienestar y la entrega de tarjetas a los beneficiarios de los programas para \u201cPersonas Adultas Mayores\u201d, \u201cJ\u00f3venes Construyendo el Futuro\u201d y \u201cPersonas con Discapacidad\u201d.<\/p>\n\n\n\n<p>Junto al Presidente Municipal de San Juan Xiutetelco, Baltazar Narcizo Baltazar, el Delegado Rodrigo Abdala encabez\u00f3 el Operativo de Pago de Programas para el Bienestar, correspondiente al bimestre marzo-abril 2023, en la Plaza C\u00edvica 24 de Junio de dicho municipio de la Sierra nororiental del estado de Puebla.<\/p>\n\n\n\n<p>M\u00e1s de 400 beneficiarios de San Juan Xiutetelco fueron testigos de c\u00f3mo se est\u00e1 cumpliendo con uno de los principios de la Cuarta Transformaci\u00f3n, que es ayudar a la gente que m\u00e1s lo necesita.<\/p>\n\n\n\n<p>\u201cAntes el dinero se quedaba solo con la clase privilegiada, hoy los mexicanos est\u00e1n recibiendo una retribuci\u00f3n, por todo lo que han aportado por nuestro pa\u00eds\u201d, asegur\u00f3 Rodrigo Abdala, en San Juan Xiutetelco, donde tambi\u00e9n visit\u00f3 una de las sucursales que operan en el estado del Banco del Bienestar.<\/p>\n\n\n\n<p>Durante su visita al Banco del Bienestar, los derechohabientes de esta regi\u00f3n del estado de Puebla afirmaron que con estas acciones, ya pueden tener acceso de manera f\u00e1cil y pr\u00e1ctica a las pensiones, que por ley les corresponden, sin tener que realizar largos traslados, ni tr\u00e1mites innecesarios.<\/p>\n\n\n\n<p>Como parte de esta gira de trabajo, Rodrigo Abdala, Delegado de Programas para el Bienestar en Puebla, visit\u00f3 el municipio de Libres donde hizo entrega de Tarjetas como medio de Pago a Beneficiarios del Programa J\u00f3venes Construyendo el Futuro.<\/p>\n\n\n\n<p>\u201cGracias a este programa por primera vez se brindan oportunidades, reales, para impulsar oportunidades laborales para nuestros j\u00f3venes\u201d, afirm\u00f3 Abdala<\/p>\n\n\n\n<p>Este programa tiene como principal objetivo apoyar a j\u00f3venes, entre 18 y 29 a\u00f1os de edad, que por el momento no tengan la oportunidad ni de estudiar, ni de trabajar.<\/p>\n\n\n\n<p>\u201cBuscando un sueldo de trabajo, donde adquieran herramientas que les permitan encontrar trabajo m\u00e1s f\u00e1cil, e incluso emprender un negocio\u201d, recalc\u00f3 el Delegado.<\/p>\n\n\n\n<p>Durante esta gira, que culmin\u00f3 en el municipio de Chalchicomula de Sesma, Rodrigo Abdala subray\u00f3 que desde el arranque del sexenio, y como uno de los pilares de la Cuarta Transformaci\u00f3n, se ha aumentado cada a\u00f1o el monto de las Pensiones para el Bienestar para mayores de 65 a\u00f1os, siendo para este 2023 de $4,800 al bimestre. Para el 2024 ser\u00e1 de 6 mil pesos.<\/p>\n","protected":false},"excerpt":{"rendered":"<p>En gira de trabajo en los municipios San Juan Xiutetelco, Libres y Chalchicomula de Sesma continuaron los Operativos de los [&hellip;]<\/p>\n","protected":false},"author":1,"featured_media":48417,"comment_status":"open","ping_status":"open","sticky":false,"template":"","format":"standard","meta":{"site-sidebar-layout":"default","site-content-layout":"","ast-site-content-layout":"default","site-content-style":"default","site-sidebar-style":"default","ast-global-header-display":"","ast-banner-title-visibility":"","ast-main-header-display":"","ast-hfb-above-header-display":"","ast-hfb-below-header-display":"","ast-hfb-mobile-header-display":"","site-post-title":"","ast-breadcrumbs-content":"","ast-featured-img":"","footer-sml-layout":"","theme-transparent-header-meta":"","adv-header-id-meta":"","stick-header-meta":"","header-above-stick-meta":"","header-main-stick-meta":"","header-below-stick-meta":"","astra-migrate-meta-layouts":"default","ast-page-background-enabled":"default","ast-page-background-meta":{"desktop":{"background-color":"var(--ast-global-color-4)","background-image":"","background-repeat":"repeat","background-position":"center center","background-size":"auto","background-attachment":"scroll","background-type":"","background-media":"","overlay-type":"","overlay-color":"","overlay-opacity":"","overlay-gradient":""},"tablet":{"background-color":"","background-image":"","background-repeat":"repeat","background-position":"center center","background-size":"auto","background-attachment":"scroll","background-type":"","background-media":"","overlay-type":"","overlay-color":"","overlay-opacity":"","overlay-gradient":""},"mobile":{"background-color":"","background-image":"","background-repeat":"repeat","background-position":"center center","background-size":"auto","background-attachment":"scroll","background-type":"","background-media":"","overlay-type":"","overlay-color":"","overlay-opacity":"","overlay-gradient":""}},"ast-content-background-meta":{"desktop":{"background-color":"var(--ast-global-color-5)","background-image":"","background-repeat":"repeat","background-position":"center center","background-size":"auto","background-attachment":"scroll","background-type":"","background-media":"","overlay-type":"","overlay-color":"","overlay-opacity":"","overlay-gradient":""},"tablet":{"background-color":"var(--ast-global-color-5)","background-image":"","background-repeat":"repeat","background-position":"center center","background-size":"auto","background-attachment":"scroll","background-type":"","background-media":"","overlay-type":"","overlay-color":"","overlay-opacity":"","overlay-gradient":""},"mobile":{"background-color":"var(--ast-global-color-5)","background-image":"","background-repeat":"repeat","background-position":"center center","background-size":"auto","background-attachment":"scroll","background-type":"","background-media":"","overlay-type":"","overlay-color":"","overlay-opacity":"","overlay-gradient":""}},"footnotes":""},"categories":[8],"tags":[15579,15580,12572],"class_list":["post-48415","post","type-post","status-publish","format-standard","has-post-thumbnail","hentry","category-noticias","tag-construyendobienestar","tag-rodrigoabdala","tag-rodrigo-abdala"],"_links":{"self":[{"href":"https:\/\/losperiodistas.com.mx\/portal\/wp-json\/wp\/v2\/posts\/48415","targetHints":{"allow":["GET"]}}],"collection":[{"href":"https:\/\/losperiodistas.com.mx\/portal\/wp-json\/wp\/v2\/posts"}],"about":[{"href":"https:\/\/losperiodistas.com.mx\/portal\/wp-json\/wp\/v2\/types\/post"}],"author":[{"embeddable":true,"href":"https:\/\/losperiodistas.com.mx\/portal\/wp-json\/wp\/v2\/users\/1"}],"replies":[{"embeddable":true,"href":"https:\/\/losperiodistas.com.mx\/portal\/wp-json\/wp\/v2\/comments?post=48415"}],"version-history":[{"count":2,"href":"https:\/\/losperiodistas.com.mx\/portal\/wp-json\/wp\/v2\/posts\/48415\/revisions"}],"predecessor-version":[{"id":48423,"href":"https:\/\/losperiodistas.com.mx\/portal\/wp-json\/wp\/v2\/posts\/48415\/revisions\/48423"}],"wp:featuredmedia":[{"embeddable":true,"href":"https:\/\/losperiodistas.com.mx\/portal\/wp-json\/wp\/v2\/media\/48417"}],"wp:attachment":[{"href":"https:\/\/losperiodistas.com.mx\/portal\/wp-json\/wp\/v2\/media?parent=48415"}],"wp:term":[{"taxonomy":"category","embeddable":true,"href":"https:\/\/losperiodistas.com.mx\/portal\/wp-json\/wp\/v2\/categories?post=48415"},{"taxonomy":"post_tag","embeddable":true,"href":"https:\/\/losperiodistas.com.mx\/portal\/wp-json\/wp\/v2\/tags?post=48415"}],"curies":[{"name":"wp","href":"https:\/\/api.w.org\/{rel}","templated":true}]}}