{"id":48397,"date":"2023-03-16T18:27:54","date_gmt":"2023-03-17T00:27:54","guid":{"rendered":"http:\/\/losperiodistas.com.mx\/portal\/?p=48397"},"modified":"2023-03-16T18:27:56","modified_gmt":"2023-03-17T00:27:56","slug":"pobreza-extrema-mundial-podria-ser-erradicada-en-2050-informe-the-guardian","status":"publish","type":"post","link":"https:\/\/losperiodistas.com.mx\/portal\/pobreza-extrema-mundial-podria-ser-erradicada-en-2050-informe-the-guardian\/","title":{"rendered":"Pobreza extrema mundial podr\u00eda ser erradicada en 2050, informe | The Guardian"},"content":{"rendered":"\n<p class=\"has-pale-cyan-blue-background-color has-background has-medium-font-size\">El fin de la pobreza extrema se podr\u00eda alcanzar en 2050, impulsado por el crecimiento econ\u00f3mico en los pa\u00edses de bajos ingresos, seg\u00fan una predicci\u00f3n econ\u00f3mica.<\/p>\n\n\n\n<figure class=\"wp-block-image size-large is-style-default\"><img fetchpriority=\"high\" decoding=\"async\" width=\"1024\" height=\"614\" src=\"https:\/\/losperiodistas.com.mx\/portal\/wp-content\/uploads\/2023\/03\/erradicacion_pobreza_extrema_2050-1024x614.jpg\" alt=\"\" class=\"wp-image-48398\" srcset=\"https:\/\/losperiodistas.com.mx\/portal\/wp-content\/uploads\/2023\/03\/erradicacion_pobreza_extrema_2050-1024x614.jpg 1024w, https:\/\/losperiodistas.com.mx\/portal\/wp-content\/uploads\/2023\/03\/erradicacion_pobreza_extrema_2050-300x180.jpg 300w, https:\/\/losperiodistas.com.mx\/portal\/wp-content\/uploads\/2023\/03\/erradicacion_pobreza_extrema_2050-768x461.jpg 768w, https:\/\/losperiodistas.com.mx\/portal\/wp-content\/uploads\/2023\/03\/erradicacion_pobreza_extrema_2050.jpg 1240w\" sizes=\"(max-width: 1024px) 100vw, 1024px\" \/><figcaption>Lavando ropa en Malawi. El informe predice que, para el a\u00f1o 2050, el porcentaje de personas que vivan con menos de 2.15 d\u00f3lares al d\u00eda en \u00c1frica disminuir\u00e1n del 29% al 7%. Foto: Fredrik Lerneryd\/AFP\/Getty Images<\/figcaption><\/figure>\n\n\n\n<p class=\"has-vivid-red-color has-text-color has-medium-font-size\"><strong>KAAMIL AHMED \/ THE GUARDIAN<\/strong><\/p>\n\n\n\n<p>El fin de la pobreza extrema se podr\u00eda alcanzar por fin en 2050, impulsado por el crecimiento econ\u00f3mico en los pa\u00edses de bajos ingresos, seg\u00fan indica una nueva predicci\u00f3n econ\u00f3mica.<\/p>\n\n\n\n<p>Aunque la pandemia de Covid-19 comenz\u00f3 a revertir los avances logrados en la erradicaci\u00f3n de la pobreza extrema, y a pesar de que surgir\u00e1n nuevos retos, es posible que los da\u00f1os tengan un impacto muy limitado en la trayectoria general del crecimiento econ\u00f3mico, seg\u00fan indica un informe del Centro para el Desarrollo Global (CGD).<\/p>\n\n\n\n<p>\u201cSabemos que el mundo tendr\u00e1 un aspecto muy diferente en 2050, y el cambio clim\u00e1tico es una enorme preocupaci\u00f3n para el futuro\u201d, se\u00f1al\u00f3 Charles Kenny, investigador principal del CGD y uno de los autores del informe. \u201cPero no podemos dejar que eclipse el hecho de que el crecimiento econ\u00f3mico continuo no deber\u00eda dejar a casi nadie en la pobreza m\u00e1s desesperada que fue el destino de la inmensa mayor\u00eda de la humanidad durante la mayor parte de la historia, aunque sea d\u00e9cadas despu\u00e9s de que se pudiera haber erradicado\u201d.<\/p>\n\n\n\n<p>Kenny se\u00f1al\u00f3 que es probable que persista la desigualdad y que seguir\u00e1 existiendo la pobreza, pero que el mayor crecimiento deber\u00eda significar que la mayor\u00eda de las personas tengan un empleo y unos ingresos estables, en lugar de depender del trabajo informal precario o de la agricultura de subsistencia. A\u00f1adi\u00f3 que, para el a\u00f1o 2050, ning\u00fan pa\u00eds estar\u00e1 clasificado como de bajos ingresos, concepto que actualmente se define como aquel cuyo INB per c\u00e1pita es igual o inferior a mil 85 d\u00f3lares (unos 20 mil pesos).<\/p>\n\n\n\n<p class=\"has-cyan-bluish-gray-background-color has-background\">No te pierdas:<a href=\"https:\/\/la-lista.com\/mexico\/2023\/02\/16\/pobreza-en-mexico-aumento-en-3-8-millones-entre-2018-y-2020-coneval\">Pobreza en M\u00e9xico aument\u00f3 en 3.8 millones entre 2018 y 2020: Coneval<\/a><\/p>\n\n\n\n<p>Kenny, autor del libro&nbsp;<em>Getting Better: Why Global Development is Succeeding<\/em>, se\u00f1al\u00f3 que \u00e9l y Zack Gehan, que trabaj\u00f3 con \u00e9l en el informe, utilizaron datos hist\u00f3ricos sobre ingresos, cambios demogr\u00e1ficos, educaci\u00f3n y temperatura para pronosticar la futura estructura de la econom\u00eda mundial.<\/p>\n\n\n\n<p>Seg\u00fan las predicciones, la pobreza extrema \u2013es decir, vivir con menos de 2.15 d\u00f3lares (unos 40 pesos) al d\u00eda\u2013 caer\u00eda por debajo del 2% a nivel mundial antes del a\u00f1o 2050, desde aproximadamente el 8% registrado en 2022. En \u00c1frica, donde se registra el porcentaje m\u00e1s alto, disminuir\u00eda del 29% al 7%.<\/p>\n\n\n\n<p>M\u00e1s de dos tercios de la poblaci\u00f3n mundial podr\u00edan vivir con m\u00e1s de 10 d\u00f3lares (unos 180 pesos) al d\u00eda antes del a\u00f1o 2050, en comparaci\u00f3n con el 42% actual.<\/p>\n\n\n\n<p>Los autores predijeron un crecimiento mucho m\u00e1s lento en los pa\u00edses de altos ingresos durante las dos pr\u00f3ximas d\u00e9cadas, con un aumento del PIB per c\u00e1pita de solo aproximadamente el 20% a partir de 2019, mientras que se duplicar\u00eda en los pa\u00edses de bajos y medianos ingresos.<\/p>\n\n\n\n<p>Rathin Roy, director ejecutivo del centro de estudios sobre asuntos mundiales ODI, anteriormente\u00a0<em>Instituto de Desarrollo de Ultramar<\/em>, coment\u00f3 que las predicciones de Kenny eran posibles \u201csi todos hacen lo correcto\u201d.<\/p>\n\n\n\n<p class=\"has-cyan-bluish-gray-background-color has-background\">No te pierdas:<a href=\"https:\/\/la-lista.com\/economia\/2023\/01\/17\/con-impuesto-a-la-riqueza-se-pueden-sacar-a-2-mil-millones-de-la-pobreza-oxfam\">Con impuesto a la riqueza se pueden sacar a 2 mil millones de la pobreza: Oxfam<\/a><\/p>\n\n\n\n<p>\u201cAlgo que se ha visto durante los \u00faltimos 100 a\u00f1os ha sido que las personas no han hecho lo correcto\u201d, se\u00f1al\u00f3. \u201cDurante la mayor parte de mi vida adulta disminuy\u00f3 la pobreza mundial, hasta que hace tres a\u00f1os comenz\u00f3 a aumentar debido a diversos factores, entre los que destacan de forma importante la pandemia de Covid-19, pero tambi\u00e9n otras cosas. Y est\u00e1 resultando muy dif\u00edcil conseguir que vuelva a disminuir\u201d.<\/p>\n\n\n\n<p>Roy coment\u00f3 que era importante que los pa\u00edses atendieran a los menos afortunados. El hecho de que la pobreza todav\u00eda persista en pa\u00edses como el Reino Unido y Estados Unidos demuestra que se necesitar\u00e1 algo m\u00e1s que crecimiento econ\u00f3mico.<\/p>\n\n\n\n<p>\u201cNo basta con alcanzar altos niveles de ingresos. Si lo fuera, los ni\u00f1os no asistir\u00edan hambrientos a la escuela. Las personas no estar\u00edan sufriendo por la falta de atenci\u00f3n m\u00e9dica y la p\u00e9rdida de empleos. Y no existir\u00eda el tipo de indigencia y de personas sin hogar y el tipo de bancos de alimentos que se ven en un pa\u00eds que tiene unos ingresos per c\u00e1pita de 44 mil d\u00f3lares (unos 750 mil pesos\u201d, coment\u00f3.<\/p>\n\n\n\n<figure class=\"wp-block-image is-style-default\"><img decoding=\"async\" src=\"https:\/\/i0.wp.com\/la-lista.com\/wp-content\/uploads\/2023\/03\/5472-3.jpg?resize=800%2C533&amp;ssl=1\" alt=\"Pobreza extrema mundial podr\u00eda ser erradicada en 2050, informe - 5472-3\" class=\"wp-image-365957\"\/><figcaption>Mineros artesanales de oro en Senegal. El mayor crecimiento para el a\u00f1o 2050 deber\u00eda significar que la mayor\u00eda de las personas tengan un empleo estable en lugar de depender de medios de subsistencia precarios. Foto Andy Hall\/The Observer<\/figcaption><\/figure>\n\n\n\n<p>Kenny coment\u00f3 que la predicci\u00f3n del futuro de las econom\u00edas mundiales era \u00fatil porque ayuda a pensar en c\u00f3mo podr\u00edan ser en el futuro cuestiones como la pobreza o el gasto militar y a adaptar los debates pol\u00edticos en torno a ellas.<\/p>\n\n\n\n<p>Expres\u00f3 su preocupaci\u00f3n por el hecho de que sus predicciones muestren un escaso crecimiento en los pa\u00edses ricos \u2013el envejecimiento de la poblaci\u00f3n puede llevarlos a adoptar pol\u00edticas aislacionistas y autoritarias en respuesta a las recesiones\u2013, pero en general expres\u00f3 que se sent\u00eda optimista.<\/p>\n\n\n\n<p>\u201cSi nos fijamos en cu\u00e1les son las tendencias demogr\u00e1ficas, todo parece bastante positivo para los pa\u00edses de bajos y medianos ingresos en conjunto. Por ello, me siento m\u00e1s optimista con respecto a ellos, con la advertencia de que parte de esto depende de qu\u00e9 hagan los pa\u00edses ricos y la advertencia de que existan simples aspectos desconocidos\u201d, se\u00f1al\u00f3<a href=\"https:\/\/www.theguardian.com\/global-development\/2023\/mar\/13\/extreme-poverty-could-be-eradicated-globally-by-2050-report\" target=\"_blank\" rel=\"noreferrer noopener\">.<\/a><\/p>\n\n\n\n<p>Fuente: <a href=\"https:\/\/la-lista.com\/the-guardian\/2023\/03\/15\/pobreza-extrema-mundial-podria-ser-erradicada-en-2050-informe\">https:\/\/la-lista.com\/the-guardian\/2023\/03\/15\/pobreza-extrema-mundial-podria-ser-erradicada-en-2050-informe<\/a><\/p>\n","protected":false},"excerpt":{"rendered":"<p>El fin de la pobreza extrema se podr\u00eda alcanzar en 2050, impulsado por el crecimiento econ\u00f3mico en los pa\u00edses de [&hellip;]<\/p>\n","protected":false},"author":1,"featured_media":48398,"comment_status":"open","ping_status":"open","sticky":false,"template":"","format":"standard","meta":{"site-sidebar-layout":"default","site-content-layout":"","ast-site-content-layout":"default","site-content-style":"default","site-sidebar-style":"default","ast-global-header-display":"","ast-banner-title-visibility":"","ast-main-header-display":"","ast-hfb-above-header-display":"","ast-hfb-below-header-display":"","ast-hfb-mobile-header-display":"","site-post-title":"","ast-breadcrumbs-content":"","ast-featured-img":"","footer-sml-layout":"","theme-transparent-header-meta":"","adv-header-id-meta":"","stick-header-meta":"","header-above-stick-meta":"","header-main-stick-meta":"","header-below-stick-meta":"","astra-migrate-meta-layouts":"default","ast-page-background-enabled":"default","ast-page-background-meta":{"desktop":{"background-color":"var(--ast-global-color-4)","background-image":"","background-repeat":"repeat","background-position":"center center","background-size":"auto","background-attachment":"scroll","background-type":"","background-media":"","overlay-type":"","overlay-color":"","overlay-opacity":"","overlay-gradient":""},"tablet":{"background-color":"","background-image":"","background-repeat":"repeat","background-position":"center center","background-size":"auto","background-attachment":"scroll","background-type":"","background-media":"","overlay-type":"","overlay-color":"","overlay-opacity":"","overlay-gradient":""},"mobile":{"background-color":"","background-image":"","background-repeat":"repeat","background-position":"center center","background-size":"auto","background-attachment":"scroll","background-type":"","background-media":"","overlay-type":"","overlay-color":"","overlay-opacity":"","overlay-gradient":""}},"ast-content-background-meta":{"desktop":{"background-color":"var(--ast-global-color-5)","background-image":"","background-repeat":"repeat","background-position":"center center","background-size":"auto","background-attachment":"scroll","background-type":"","background-media":"","overlay-type":"","overlay-color":"","overlay-opacity":"","overlay-gradient":""},"tablet":{"background-color":"var(--ast-global-color-5)","background-image":"","background-repeat":"repeat","background-position":"center center","background-size":"auto","background-attachment":"scroll","background-type":"","background-media":"","overlay-type":"","overlay-color":"","overlay-opacity":"","overlay-gradient":""},"mobile":{"background-color":"var(--ast-global-color-5)","background-image":"","background-repeat":"repeat","background-position":"center center","background-size":"auto","background-attachment":"scroll","background-type":"","background-media":"","overlay-type":"","overlay-color":"","overlay-opacity":"","overlay-gradient":""}},"footnotes":""},"categories":[8],"tags":[15577,12507,15576],"class_list":["post-48397","post","type-post","status-publish","format-standard","has-post-thumbnail","hentry","category-noticias","tag-pobreza-en-mexico","tag-pobreza-extrema","tag-pobreza-mundial"],"_links":{"self":[{"href":"https:\/\/losperiodistas.com.mx\/portal\/wp-json\/wp\/v2\/posts\/48397","targetHints":{"allow":["GET"]}}],"collection":[{"href":"https:\/\/losperiodistas.com.mx\/portal\/wp-json\/wp\/v2\/posts"}],"about":[{"href":"https:\/\/losperiodistas.com.mx\/portal\/wp-json\/wp\/v2\/types\/post"}],"author":[{"embeddable":true,"href":"https:\/\/losperiodistas.com.mx\/portal\/wp-json\/wp\/v2\/users\/1"}],"replies":[{"embeddable":true,"href":"https:\/\/losperiodistas.com.mx\/portal\/wp-json\/wp\/v2\/comments?post=48397"}],"version-history":[{"count":1,"href":"https:\/\/losperiodistas.com.mx\/portal\/wp-json\/wp\/v2\/posts\/48397\/revisions"}],"predecessor-version":[{"id":48399,"href":"https:\/\/losperiodistas.com.mx\/portal\/wp-json\/wp\/v2\/posts\/48397\/revisions\/48399"}],"wp:featuredmedia":[{"embeddable":true,"href":"https:\/\/losperiodistas.com.mx\/portal\/wp-json\/wp\/v2\/media\/48398"}],"wp:attachment":[{"href":"https:\/\/losperiodistas.com.mx\/portal\/wp-json\/wp\/v2\/media?parent=48397"}],"wp:term":[{"taxonomy":"category","embeddable":true,"href":"https:\/\/losperiodistas.com.mx\/portal\/wp-json\/wp\/v2\/categories?post=48397"},{"taxonomy":"post_tag","embeddable":true,"href":"https:\/\/losperiodistas.com.mx\/portal\/wp-json\/wp\/v2\/tags?post=48397"}],"curies":[{"name":"wp","href":"https:\/\/api.w.org\/{rel}","templated":true}]}}