{"id":48379,"date":"2023-03-16T09:54:49","date_gmt":"2023-03-16T15:54:49","guid":{"rendered":"http:\/\/losperiodistas.com.mx\/portal\/?p=48379"},"modified":"2023-03-16T09:54:51","modified_gmt":"2023-03-16T15:54:51","slug":"monologos-de-menade-la-lluvia-de-gonzalo-gutierrez-gomez","status":"publish","type":"post","link":"https:\/\/losperiodistas.com.mx\/portal\/monologos-de-menade-la-lluvia-de-gonzalo-gutierrez-gomez\/","title":{"rendered":"Mon\u00f3logos de M\u00e9nade | La lluvia de Gonzalo Guti\u00e9rrez G\u00f3mez"},"content":{"rendered":"\n<figure class=\"wp-block-image size-large is-style-default\"><img fetchpriority=\"high\" decoding=\"async\" width=\"1024\" height=\"576\" src=\"https:\/\/losperiodistas.com.mx\/portal\/wp-content\/uploads\/2023\/03\/La-lluvia-de-Gonzalo-1024x576.jpg\" alt=\"\" class=\"wp-image-48380\" srcset=\"https:\/\/losperiodistas.com.mx\/portal\/wp-content\/uploads\/2023\/03\/La-lluvia-de-Gonzalo-1024x576.jpg 1024w, https:\/\/losperiodistas.com.mx\/portal\/wp-content\/uploads\/2023\/03\/La-lluvia-de-Gonzalo-300x169.jpg 300w, https:\/\/losperiodistas.com.mx\/portal\/wp-content\/uploads\/2023\/03\/La-lluvia-de-Gonzalo-768x432.jpg 768w, https:\/\/losperiodistas.com.mx\/portal\/wp-content\/uploads\/2023\/03\/La-lluvia-de-Gonzalo.jpg 1200w\" sizes=\"(max-width: 1024px) 100vw, 1024px\" \/><\/figure>\n\n\n\n<p><\/p>\n\n\n\n<p class=\"has-vivid-red-color has-text-color\" style=\"font-size:26px\"><strong><em>Por Itandehui Rodr\u00edguez<\/em><\/strong><\/p>\n\n\n\n<p>@Itandehui_RoMa<\/p>\n\n\n\n<p>No, no me refiero a la lluvia de ayer por el frente fr\u00edo.<\/p>\n\n\n\n<p>No, tampoco a que est\u00e9 lloviendo sobre su milpita, porque m\u00e1s bien le deber\u00eda caer una y tormenta pronto, pero tampoco es por ah\u00ed.<\/p>\n\n\n\n<p>Quiten el \u201cla\u201d y hablemos de Lluvia\u2026<\/p>\n\n\n\n<p>De Lluvia Lima Bonilla.<\/p>\n\n\n\n<p>Por supuesto que si Usted, Se\u00f1ora, Se\u00f1or, Damita, Caballerito, anexos y conexos, no saben de qui\u00e9n estoy hablando, ahora les explico.<\/p>\n\n\n\n<p>Primero, \u00bfqui\u00e9n es Lluvia Lima? Pues se trata de la particular de Gonzalo Guti\u00e9rrez G\u00f3mez, el dirigente del SETEP, al que recientemente acusaron de persecuci\u00f3n en contra de algunos de sus compa\u00f1eros.<\/p>\n\n\n\n<p>\u00bfPor qu\u00e9 vamos a hablar de Lluvia? Porque ella es uno de esos hilos que hay que jalar para desenmara\u00f1ar el enredo que hay con el asunto de las plazas Tipo C de la SEP. Aunque Usted, no lo crea\u2026<\/p>\n\n\n\n<p>\u00bfC\u00f3mo me enter\u00e9? Pues porque una fuente que pidi\u00f3 la gracia del anonimato me lo confi\u00f3.<\/p>\n\n\n\n<p>Todo comienza as\u00ed, Gonzalo Guti\u00e9rrez podr\u00e1, presuntamente, perseguir a sus compa\u00f1eros, pero tambi\u00e9n, presuntamente, beneficiar a otros.<\/p>\n\n\n\n<p>Y tal vez en este caso, en el del beneficio, no es tan presuntamente.<\/p>\n\n\n\n<p>\u00a1Pausa! Por cierto, \u00bfpues que no Gonzalo Guti\u00e9rrez era Ingeniero? O es una homonimia, porque ahora el Registro Nacional de Profesionistas corrige autom\u00e1ticamente acentos, o \u2018Inge\u2019 es un apodo y siempre fue abogado.<\/p>\n\n\n\n<figure class=\"wp-block-image is-style-default\"><img decoding=\"async\" src=\"https:\/\/www.apartadomex.com\/wp-content\/uploads\/2023\/03\/El-Inge-Gonzalo-1024x576.webp\" alt=\"\" class=\"wp-image-6051\"\/><figcaption>Gonzalo \u00bf\u2019Inge\u2019 o Abogado?<\/figcaption><\/figure>\n\n\n\n<p>Esa es otra historia, prosigo\u2026 para que un maestro logre tener una categor\u00eda de PROFESOR TITULADO TIEMPO COMPLETO \u201cA\u201d, tiene que pasar por varios escalafones para llegar.<\/p>\n\n\n\n<p>\u00bfY eso qui\u00e9n demonios lo dice? Pues la Ley del USICAMM (Unidad del Sistema para la Carrera de Maestras y Maestros), misma que se public\u00f3 el 30 de septiembre de 2019 en el Diario Oficial de la Federaci\u00f3n.<\/p>\n\n\n\n<p>Si bien la Ley no estipula con exactitud cu\u00e1ntos son los escalafones que hay que completar para poder llegar a una plaza como la de Lluvia, lo cierto es que en la pr\u00e1ctica requiere empezar, primero, por una clave de 20 HRS y pasar las 3 categor\u00edas que hay, \u201cA\u201d, \u201cB\u201d y \u201cC\u201d.<\/p>\n\n\n\n<p>Despu\u00e9s incrementar 10 horas para tener 30 y de ah\u00ed pasar las tres categor\u00edas \u201cA\u201d, \u201cB\u201d y \u201cC\u201d. &nbsp;Luego, se debe incrementar 10 horas m\u00e1s, para tener las 40 HRS y poder tener la categor\u00eda A, con el sueldo que la profesora tiene hoy.<\/p>\n\n\n\n<p>Te recomendamos:&nbsp;<a href=\"https:\/\/www.apartadomex.com\/opinion\/monologos-de-menade\/america-rosas-y-su-familia-de-investigadores\/5662\/\" target=\"_blank\" rel=\"noreferrer noopener\">Am\u00e9rica Soto y su familia de investigadores<\/a>.<\/p>\n\n\n\n<p>Y me queda claro que los d\u00edas de la funcionaria se miden en d\u00edas de Plut\u00f3n o m\u00e1s lejos, porque recorri\u00f3 todo ese camino en \u2018un d\u00eda terr\u00edcola\u2019\u2026 \u00a1UN D\u00cdA!<\/p>\n\n\n\n<p>\u00a1ALGUIEN LLAME A LA OFICINA DE LOS R\u00c9CORDS GUINESS!<\/p>\n\n\n\n<p>En un d\u00eda logr\u00f3 cumplir con todos esos requisitos, pues pas\u00f3 de una plaza de Analista Especializado \u201cC\u201d con una Categor\u00eda P7539, adscrita en Hutzilan de Serd\u00e1n y de ganar $11,196.66 mensuales a una plaza de Profesor Titulado Tiempo Completo Tipo \u201cA\u201d, Categor\u00eda E7813, adscrita al Instituto de Artes Visuales del Estado y con un sueldo mensual de $22,674.24. Detalles que pueden constatar a continuaci\u00f3n.<\/p>\n\n\n\n<figure class=\"wp-block-image is-style-default\"><img decoding=\"async\" src=\"https:\/\/www.apartadomex.com\/wp-content\/uploads\/2023\/03\/Documento-completo-1024x576.webp\" alt=\"Documento completo\" class=\"wp-image-6072\"\/><figcaption>Documento completo<\/figcaption><\/figure>\n\n\n\n<p>Todo este tiempo, ha estado en las oficinas sindicales, obviamente. Porque adem\u00e1s el encargado del Instituto d\u00f3nde deber\u00eda trabajar, solo les pide que firmen un rol antes del t\u00e9rmino de la quincena para \u201cjustificar\u201d que s\u00ed llegaron.<\/p>\n\n\n\n<p>Pero si la Funci\u00f3n P\u00fablica se diera una vuelta por ah\u00ed, se dar\u00edan cuenta que no es solo Lluvia, sino varios, los trabajadores que no est\u00e1n en el centro de trabajo en el que est\u00e1n adscritos.<\/p>\n\n\n\n<p>Les voy a dar una pista, son de la Secc. 51 y del SETEP.<\/p>\n\n\n\n<p>La instrucci\u00f3n era que todo el personal sindicalizado devengara sus plazas durante el d\u00eda y, por la tarde, se presentara en su Sindicato. Pero no es as\u00ed.<\/p>\n\n\n\n<p>Si a partir del lunes, todo el personal que \u201cest\u00e1 adscrito\u201d al Instituto de Artes Visuales, se presenta a trabajar, probablemente acaben incorpor\u00e1ndose m\u00e1s maestros que alumnos. Porque adivinen, \u00bfd\u00f3nde se est\u00e1n las plazas de esos sindicalizados que practican la aviaci\u00f3n? En ese Instituto.<\/p>\n\n\n\n<p>Hace 10 d\u00edas, corri\u00f3 la versi\u00f3n de que la funcionaria no cuenta con C\u00e9dula Profesional de Licenciatura, pero s\u00ed aparece en el Registro Nacional de Profesionistas, no solo con Licenciatura, tambi\u00e9n con Maestr\u00eda.<\/p>\n\n\n\n<figure class=\"wp-block-image is-style-default\"><img decoding=\"async\" src=\"https:\/\/www.apartadomex.com\/wp-content\/uploads\/2023\/03\/Historial-academico-de-Lluvia-1024x576.webp\" alt=\"Estudios de Lluvia Lima\" class=\"wp-image-6048\"\/><figcaption>Estudios de Lluvia Lima<\/figcaption><\/figure>\n\n\n\n<p>Ese no es el pecado en realidad, el pecado es que haya miles de maestros en este pa\u00eds, luchando por lograr una plaza de ese tipo, aspirando a alcanzar un sueldo como ella, que por a\u00f1os se rompan el lomo y se quemen las pesta\u00f1as, para que a Lluvia \u201cle sople el viento\u201d de la Rosa de Guadalupe y le hagan el milagro. Y no solo a ella, a varios m\u00e1s en Puebla.<\/p>\n\n\n\n<p>\u00bfSu fortuna? Ser cercana a Gonzalo y este no es el \u00fanico caso.<\/p>\n\n\n\n<p>El movimiento de la ahora profesora se hizo en 2020, cu\u00e1ndo ya Miguel Barbosa era gobernador. \u00bfQu\u00e9 pas\u00f3 con el no mentir, no robar y no traicionar? \u00a1Uffffff! Y luego Melit\u00f3n Lozano dice que \u201c\u00e9l no fue\u201d\u2026<\/p>\n\n\n\n<p>Esta historia, continuar\u00e1\u2026 \u00a1Aqu\u00ed nos vemos!<\/p>\n","protected":false},"excerpt":{"rendered":"<p>Por Itandehui Rodr\u00edguez @Itandehui_RoMa No, no me refiero a la lluvia de ayer por el frente fr\u00edo. No, tampoco a [&hellip;]<\/p>\n","protected":false},"author":1,"featured_media":48380,"comment_status":"open","ping_status":"open","sticky":false,"template":"","format":"standard","meta":{"site-sidebar-layout":"default","site-content-layout":"","ast-site-content-layout":"default","site-content-style":"default","site-sidebar-style":"default","ast-global-header-display":"","ast-banner-title-visibility":"","ast-main-header-display":"","ast-hfb-above-header-display":"","ast-hfb-below-header-display":"","ast-hfb-mobile-header-display":"","site-post-title":"","ast-breadcrumbs-content":"","ast-featured-img":"","footer-sml-layout":"","theme-transparent-header-meta":"","adv-header-id-meta":"","stick-header-meta":"","header-above-stick-meta":"","header-main-stick-meta":"","header-below-stick-meta":"","astra-migrate-meta-layouts":"default","ast-page-background-enabled":"default","ast-page-background-meta":{"desktop":{"background-color":"var(--ast-global-color-4)","background-image":"","background-repeat":"repeat","background-position":"center center","background-size":"auto","background-attachment":"scroll","background-type":"","background-media":"","overlay-type":"","overlay-color":"","overlay-opacity":"","overlay-gradient":""},"tablet":{"background-color":"","background-image":"","background-repeat":"repeat","background-position":"center center","background-size":"auto","background-attachment":"scroll","background-type":"","background-media":"","overlay-type":"","overlay-color":"","overlay-opacity":"","overlay-gradient":""},"mobile":{"background-color":"","background-image":"","background-repeat":"repeat","background-position":"center center","background-size":"auto","background-attachment":"scroll","background-type":"","background-media":"","overlay-type":"","overlay-color":"","overlay-opacity":"","overlay-gradient":""}},"ast-content-background-meta":{"desktop":{"background-color":"var(--ast-global-color-5)","background-image":"","background-repeat":"repeat","background-position":"center center","background-size":"auto","background-attachment":"scroll","background-type":"","background-media":"","overlay-type":"","overlay-color":"","overlay-opacity":"","overlay-gradient":""},"tablet":{"background-color":"var(--ast-global-color-5)","background-image":"","background-repeat":"repeat","background-position":"center center","background-size":"auto","background-attachment":"scroll","background-type":"","background-media":"","overlay-type":"","overlay-color":"","overlay-opacity":"","overlay-gradient":""},"mobile":{"background-color":"var(--ast-global-color-5)","background-image":"","background-repeat":"repeat","background-position":"center center","background-size":"auto","background-attachment":"scroll","background-type":"","background-media":"","overlay-type":"","overlay-color":"","overlay-opacity":"","overlay-gradient":""}},"footnotes":""},"categories":[8,22],"tags":[15572,12937],"class_list":["post-48379","post","type-post","status-publish","format-standard","has-post-thumbnail","hentry","category-noticias","category-opinion-invitada","tag-lluvia-lima-bonilla","tag-setep"],"_links":{"self":[{"href":"https:\/\/losperiodistas.com.mx\/portal\/wp-json\/wp\/v2\/posts\/48379","targetHints":{"allow":["GET"]}}],"collection":[{"href":"https:\/\/losperiodistas.com.mx\/portal\/wp-json\/wp\/v2\/posts"}],"about":[{"href":"https:\/\/losperiodistas.com.mx\/portal\/wp-json\/wp\/v2\/types\/post"}],"author":[{"embeddable":true,"href":"https:\/\/losperiodistas.com.mx\/portal\/wp-json\/wp\/v2\/users\/1"}],"replies":[{"embeddable":true,"href":"https:\/\/losperiodistas.com.mx\/portal\/wp-json\/wp\/v2\/comments?post=48379"}],"version-history":[{"count":1,"href":"https:\/\/losperiodistas.com.mx\/portal\/wp-json\/wp\/v2\/posts\/48379\/revisions"}],"predecessor-version":[{"id":48381,"href":"https:\/\/losperiodistas.com.mx\/portal\/wp-json\/wp\/v2\/posts\/48379\/revisions\/48381"}],"wp:featuredmedia":[{"embeddable":true,"href":"https:\/\/losperiodistas.com.mx\/portal\/wp-json\/wp\/v2\/media\/48380"}],"wp:attachment":[{"href":"https:\/\/losperiodistas.com.mx\/portal\/wp-json\/wp\/v2\/media?parent=48379"}],"wp:term":[{"taxonomy":"category","embeddable":true,"href":"https:\/\/losperiodistas.com.mx\/portal\/wp-json\/wp\/v2\/categories?post=48379"},{"taxonomy":"post_tag","embeddable":true,"href":"https:\/\/losperiodistas.com.mx\/portal\/wp-json\/wp\/v2\/tags?post=48379"}],"curies":[{"name":"wp","href":"https:\/\/api.w.org\/{rel}","templated":true}]}}