{"id":48376,"date":"2023-03-16T09:49:27","date_gmt":"2023-03-16T15:49:27","guid":{"rendered":"http:\/\/losperiodistas.com.mx\/portal\/?p=48376"},"modified":"2023-03-16T09:49:29","modified_gmt":"2023-03-16T15:49:29","slug":"cuauhtemoc-cardenas-nunca-me-he-considerado-adversario-politico-de-lopez-obrador-el-pais","status":"publish","type":"post","link":"https:\/\/losperiodistas.com.mx\/portal\/cuauhtemoc-cardenas-nunca-me-he-considerado-adversario-politico-de-lopez-obrador-el-pais\/","title":{"rendered":"Cuauht\u00e9moc C\u00e1rdenas: \u201cNunca me he considerado adversario pol\u00edtico de L\u00f3pez Obrador\u201d | El Pais"},"content":{"rendered":"\n<h2 class=\"has-light-green-cyan-background-color has-background has-medium-font-size wp-block-heading\">El hijo de L\u00e1zaro C\u00e1rdenas y t\u00f3tem de la izquierda mexicana habla con EL PA\u00cdS de las cr\u00edticas del presidente y de su futuro pol\u00edtico inmediato<\/h2>\n\n\n\n<figure class=\"wp-block-image size-large is-style-default\"><img fetchpriority=\"high\" decoding=\"async\" width=\"1024\" height=\"681\" src=\"https:\/\/losperiodistas.com.mx\/portal\/wp-content\/uploads\/2023\/03\/Captura-de-Pantalla-2023-03-16-a-las-9.41.23-1024x681.jpg\" alt=\"\" class=\"wp-image-48377\" srcset=\"https:\/\/losperiodistas.com.mx\/portal\/wp-content\/uploads\/2023\/03\/Captura-de-Pantalla-2023-03-16-a-las-9.41.23-1024x681.jpg 1024w, https:\/\/losperiodistas.com.mx\/portal\/wp-content\/uploads\/2023\/03\/Captura-de-Pantalla-2023-03-16-a-las-9.41.23-300x200.jpg 300w, https:\/\/losperiodistas.com.mx\/portal\/wp-content\/uploads\/2023\/03\/Captura-de-Pantalla-2023-03-16-a-las-9.41.23-768x511.jpg 768w, https:\/\/losperiodistas.com.mx\/portal\/wp-content\/uploads\/2023\/03\/Captura-de-Pantalla-2023-03-16-a-las-9.41.23-1536x1022.jpg 1536w, https:\/\/losperiodistas.com.mx\/portal\/wp-content\/uploads\/2023\/03\/Captura-de-Pantalla-2023-03-16-a-las-9.41.23-2048x1363.jpg 2048w\" sizes=\"(max-width: 1024px) 100vw, 1024px\" \/><figcaption>El ingeniero Cuauht\u00e9moc C\u00e1rdenas, en su despacho en Ciudad de M\u00e9xico, el 14 de marzo.NADYA MURILLO<\/figcaption><\/figure>\n\n\n\n<p class=\"has-vivid-red-color has-text-color has-medium-font-size\"><strong>ZEDRYK RAZIEL \/ EL PA\u00cdS<\/strong><\/p>\n\n\n\n<p>Cuauht\u00e9moc C\u00e1rdenas Sol\u00f3rzano (Ciudad de M\u00e9xico, 88 a\u00f1os) no recuerda con precisi\u00f3n cu\u00e1ndo fue que decidi\u00f3 ya no volver a ser candidato a nada. La \u00faltima vez que se supo de sus aspiraciones a un cargo de elecci\u00f3n popular fue en 2005, cuando quiso ser, por cuarta vez, candidato a la Presidencia de la Rep\u00fablica. Aquella vez termin\u00f3 por hacerse a un lado para dar paso a Andr\u00e9s Manuel L\u00f3pez Obrador, que comenzaba a tomar un lugar preponderante en el movimiento de izquierda en M\u00e9xico. Al paso del tiempo, C\u00e1rdenas, hijo del a\u00f1orado expresidente obrerista y agrarista L\u00e1zaro C\u00e1rdenas (1934-1940), opt\u00f3 por dar una lucha discreta, menos de candidato y m\u00e1s de ide\u00f3logo de causas progresistas.<\/p>\n\n\n\n<p>Su m\u00e1s reciente aventura, el dise\u00f1o de un&nbsp;<a href=\"https:\/\/elpais.com\/mexico\/2023-01-30\/la-oposicion-en-mexico-lanza-una-nueva-organizacion-politica-con-el-respaldo-de-movimiento-ciudadano.html\">nuevo frente pol\u00edtico de la mano de Movimiento Ciudadano<\/a>&nbsp;(MC), le vali\u00f3 duras cr\u00edticas de parte del presidente L\u00f3pez Obrador, que&nbsp;<a href=\"https:\/\/elpais.com\/mexico\/2023-01-31\/lopez-obrador-afirma-que-cuauhtemoc-cardenas-fundador-de-la-izquierda-en-mexico-es-ahora-su-adversario-politico.html\">lo calific\u00f3 de adversario pol\u00edtico<\/a>&nbsp;por colaborar con los opositores a su Gobierno. C\u00e1rdenas, el primer gobernante electo de Ciudad de M\u00e9xico, ha salido a dar respuesta por primera vez a las cr\u00edticas de L\u00f3pez Obrador, que alguna vez fue su correligionario en el PRD y su ahijado pol\u00edtico. El Ingeniero, como es llamado com\u00fanmente, responde parco, sin \u00e1nimo de polemizar: que no es adversario del presidente; al contrario, le tiene aprecio, y que no hay distanciamiento entre ambos. Pero tambi\u00e9n advierte de que \u00e9l seguir\u00e1 promoviendo que haya democracia plena en M\u00e9xico y que nunca se va a quedar callado.<\/p>\n\n\n\n<p>C\u00e1rdenas se mueve despacio, como si fuera consciente de cada uno de sus pasos, por su estudio en el Centro L\u00e1zaro C\u00e1rdenas y Amalia Sol\u00f3rzano A. C., donde recibe a EL PA\u00cdS, entre bustos de bronce y pinturas de su padre. Aunque es hijo de un mito, El Ingeniero se ha ganado el lugar de gu\u00eda moral de la izquierda mexicana. Con todo, \u00e9l considera que la lucha democr\u00e1tica antecede su existencia y le sobrevivir\u00e1 cuando \u00e9l ya no est\u00e9.<\/p>\n\n\n\n<p><strong>Pregunta.&nbsp;<\/strong>El fin de semana habr\u00e1 una&nbsp;<a href=\"https:\/\/elpais.com\/mexico\/2023-01-25\/lopez-obrador-convoca-a-una-nueva-movilizacion-ciudadana-en-apoyo-a-la-politica-energetica-de-su-gobierno.html\">conmemoraci\u00f3n de la expropiaci\u00f3n petrolera<\/a>&nbsp;convocada por el Gobierno. El presidente L\u00f3pez Obrador dijo que usted est\u00e1 invitado.<\/p>\n\n\n\n<p><strong>Respuesta.&nbsp;<\/strong>Bueno, \u00e9l dijo que est\u00e1 invitado todo el mundo. Que nadie est\u00e1 desinvitado.<\/p>\n\n\n\n<p><strong>P.&nbsp;<\/strong>\u00bfConsidera ir?<\/p>\n\n\n\n<p><strong>R.&nbsp;<\/strong>No lo he considerado hasta este momento.<\/p>\n\n\n\n<p><strong>P.&nbsp;<\/strong>\u00bfPero tampoco es un no?<\/p>\n\n\n\n<p><strong>R.&nbsp;<\/strong>No es un no ni es un s\u00ed. Nosotros normalmente el 18 de marzo vamos al Monumento a la Revoluci\u00f3n, donde est\u00e1n los restos de mi padre, y ah\u00ed hay una reuni\u00f3n familiar. Eso s\u00ed lo haremos, como lo hemos hecho todos los a\u00f1os.<\/p>\n\n\n\n<p><strong>P.&nbsp;<\/strong>\u00bfCu\u00e1l fue su participaci\u00f3n en Colectivo por M\u00e9xico, o Mexicolectivo?<\/p>\n\n\n\n<p><strong>R.&nbsp;<\/strong>Estuve participando durante un tiempo, un a\u00f1o o a\u00f1o y medio, en donde nos fueron informando c\u00f3mo se iba elaborando un documento. Esto se hizo, hasta donde yo tengo conocimiento, sin hacer ninguna informaci\u00f3n p\u00fablica al respecto. Y luego se decidi\u00f3 que se hiciera una presentaci\u00f3n p\u00fablica, y en ese momento yo le inform\u00e9 a quien me hab\u00eda invitado a participar en la formulaci\u00f3n de este \u2014yo dir\u00eda\u2014 esqueleto de un proyecto nacional, no llega a ser un proyecto nacional, sino que es el marco para construir un proyecto,&nbsp;<a href=\"https:\/\/elpais.com\/mexico\/2023-01-31\/cuauhtemoc-cardenas-se-deslinda-de-mexicolectivo-tras-las-criticas-de-lopez-obrador.html\">inform\u00e9 que ya no asistir\u00eda<\/a>. Simplemente fue eso. Yo no invit\u00e9 a nadie a participar, ni en las reuniones previas ni tampoco que estuviesen presentes el d\u00eda que se iba a presentar el proyecto p\u00fablicamente.<\/p>\n\n\n\n<figure class=\"wp-block-image is-style-default\"><img decoding=\"async\" src=\"https:\/\/imagenes.elpais.com\/resizer\/OPAr7jpPJg-7tPip9HTL05ms2eA=\/414x0\/cloudfront-eu-central-1.images.arcpublishing.com\/prisa\/RJFPVNRM3ZB47C7SSDAKWHQX3M.jpg\" alt=\"C\u00e1rdenas durante la entrevista.\"\/><figcaption>C\u00e1rdenas durante la entrevista.NADYA MURILLO<\/figcaption><\/figure>\n\n\n\n<p><strong>P.<\/strong>&nbsp;\u00bfA usted qui\u00e9n lo invit\u00f3?<\/p>\n\n\n\n<p><strong>R.<\/strong>&nbsp;El senador&nbsp;<a href=\"https:\/\/elpais.com\/mexico\/2022-12-03\/que-esconde-dante-delgado-en-el-sombrero.html\">Dante Delgado<\/a>, que es amigo m\u00edo desde hace mucho tiempo.<\/p>\n\n\n\n<p><strong>P.<\/strong>&nbsp;\u00bfPor qu\u00e9 decidi\u00f3 ya no seguir participando?<\/p>\n\n\n\n<p><strong>R.<\/strong>&nbsp;Pues simplemente pens\u00e9 que ya con eso conclu\u00eda mi participaci\u00f3n. Tengo otras actividades y prefiero ya no tener m\u00e1s compromisos en este momento.<\/p>\n\n\n\n<p><strong>P.<\/strong>&nbsp;\u00bfQu\u00e9 le respondi\u00f3 Dante?<\/p>\n\n\n\n<p><strong>R.&nbsp;<\/strong>Acept\u00f3 lo que le dije y no hubo ninguna otra observaci\u00f3n. Tan amigos como siempre.<\/p>\n\n\n\n<p><strong>P.&nbsp;<\/strong>Parece que este colectivo perdi\u00f3 mucho cuando usted se fue.<\/p>\n\n\n\n<p><strong>R.&nbsp;<\/strong>No me fui, porque no hab\u00eda llegado.<\/p>\n\n\n\n<p><strong>P.&nbsp;<\/strong>Pero s\u00ed tuvo una participaci\u00f3n en armar ese \u201cesqueleto\u201d.<\/p>\n\n\n\n<p><strong>R.<\/strong>&nbsp;Hasta ah\u00ed. Y hasta ah\u00ed lo dej\u00e9.<\/p>\n\n\n\n<p><strong>P.&nbsp;<\/strong>Todo esto despert\u00f3 cr\u00edticas duras del presidente L\u00f3pez Obrador. \u00bfQu\u00e9 pens\u00f3 cuando se enter\u00f3 de que \u00e9l dijo que usted era su adversario pol\u00edtico?<\/p>\n\n\n\n<p><strong>R.<\/strong>&nbsp;Pues simplemente que no ten\u00eda raz\u00f3n para decir eso. Yo no soy adversario pol\u00edtico de \u00e9l. Seguramente de otros puedo serlo, pero nunca me he considerado adversario pol\u00edtico del hoy presidente de la Rep\u00fablica.<\/p>\n\n\n\n<p><strong>P.&nbsp;<\/strong>A ra\u00edz de eso se empez\u00f3 a hablar del distanciamiento que hay entre ustedes dos.<\/p>\n\n\n\n<p><strong>R.<\/strong>&nbsp;No hay distanciamiento. Hemos tenido esta relaci\u00f3n desde hace muchos a\u00f1os.<\/p>\n\n\n\n<p><strong>P.<\/strong>&nbsp;Si bien no son adversarios, como usted aclara, tampoco se puede decir que son los mejores amigos.<\/p>\n\n\n\n<p><strong>R.<\/strong>&nbsp;Bueno, yo no soy colaborador del Gobierno, eso es una cosa, pero la amistad yo la mantengo en el mismo grado de aprecio que he tenido por \u00e9l desde que empezamos a caminar juntos. A veces m\u00e1s juntos, a veces un poco menos, pero el grado de amistad lo mantengo.<\/p>\n\n\n\n<p><strong>P.<\/strong>&nbsp;Dice usted que no es colaborador del Gobierno, \u00bfpero es simpatizante?<\/p>\n\n\n\n<p><strong>R.&nbsp;<\/strong>No s\u00e9 qu\u00e9 quiera decir eso.<\/p>\n\n\n\n<p><strong>P.&nbsp;<\/strong>Pues que hay un grado de coincidencias.<\/p>\n\n\n\n<p><strong>R.&nbsp;<\/strong>Hay un grado de coincidencias y hay un grado de diferencias, como lo tenemos pr\u00e1cticamente con cualquier otra persona.<\/p>\n\n\n\n<p><strong>P.&nbsp;<\/strong>En Mexicolectivo colabora&nbsp;<a href=\"https:\/\/elpais.com\/diario\/2000\/07\/04\/internacional\/962661602_850215.html\">Francisco Labastida, del PRI<\/a>, que fue contendiente contra usted en la elecci\u00f3n presidencial del 2000. \u00bfC\u00f3mo fue para usted volver a encontrarse con \u00e9l?<\/p>\n\n\n\n<p><strong>R.&nbsp;<\/strong>No, lo he encontrado desde hace mucho tiempo, no solo como contendientes en una campa\u00f1a electoral: nos hemos encontrado con amigos comunes, nos hemos encontrado en distintas circunstancias, o sea que no hubo sorpresas en ese sentido.<\/p>\n\n\n\n<p><strong>P.&nbsp;<\/strong>Solo que ahora se lo encontr\u00f3 como colaborador de un proyecto.<\/p>\n\n\n\n<p><strong>R.<\/strong>&nbsp;No, simplemente cada qui\u00e9n hizo las observaciones que consider\u00f3 necesario hacer, y, como digo, para construir un proyecto nacional encuentra uno muchas diferencias y muchas coincidencias.<\/p>\n\n\n\n<p><strong>P.&nbsp;<\/strong>L\u00f3pez Obrador lo ha reconocido a usted como un \u201cprecursor del movimiento democr\u00e1tico en M\u00e9xico\u201d, cit\u00e1ndolo textualmente. \u00bfC\u00f3mo se siente al ser puesto solo como un precursor?<\/p>\n\n\n\n<p><strong>R.<\/strong>&nbsp;Yo considero que sigo siendo un promotor de un profundo cambio democr\u00e1tico en el pa\u00eds. Hay muchas cosas pendientes todav\u00eda para que podamos considerarnos vivir en una democracia plena.<\/p>\n\n\n\n<figure class=\"wp-block-image is-style-default\"><img decoding=\"async\" src=\"https:\/\/imagenes.elpais.com\/resizer\/ujtbFyQq6hB5Mqu-bWhYD_6tG3w=\/414x0\/cloudfront-eu-central-1.images.arcpublishing.com\/prisa\/TB2LPQA2U5G6VHBEJRUSAZT4Q4.jpg\" alt=\"Cuauht\u00e9moc C\u00e1rdenas y Andr\u00e9s Manuel L\u00f3pez Obrador, durante la campa\u00f1a para las elecciones presidenciales y capitalinas del 2000.\"\/><figcaption>Cuauht\u00e9moc C\u00e1rdenas y Andr\u00e9s Manuel L\u00f3pez Obrador, durante la campa\u00f1a para las elecciones presidenciales y capitalinas del 2000.PEDRO MERA (CUARTOSCURO)<\/figcaption><\/figure>\n\n\n\n<p><strong>P.<\/strong>&nbsp;\u00bfEs m\u00e1s que un precursor?<\/p>\n\n\n\n<p><strong>R.&nbsp;<\/strong>Podemos llamarme precursor o no, seg\u00fan lo que quiera decir: \u00bfprecursor de qu\u00e9? Yo creo que la lucha por la democracia en M\u00e9xico empez\u00f3 mucho m\u00e1s atr\u00e1s de mi propia existencia y seguramente seguir\u00e1 tambi\u00e9n mucho m\u00e1s all\u00e1 de mi propia existencia.<\/p>\n\n\n\n<p><strong>P.<\/strong>&nbsp;Hablando de esos ancestros en la lucha de izquierda, L\u00f3pez Obrador ha elegido la figura de su padre, L\u00e1zaro C\u00e1rdenas, como insignia de su Gobierno. \u00bfA usted le parece que L\u00f3pez Obrador es cardenista?<\/p>\n\n\n\n<p><strong>R.&nbsp;<\/strong>No,&nbsp;<a href=\"https:\/\/elpais.com\/internacional\/2019\/12\/04\/actualidad\/1575489863_502560.html\">yo no creo que sea cardenista<\/a>. Yo no creo que \u00e9l sea tampoco maderista, ni que sea juarista o hidalguista. Yo creo que \u00e9l toma ideas de muchas grandes personalidades que han tenido una presencia muy importante en la historia de M\u00e9xico.<\/p>\n\n\n\n<p><strong>P.<\/strong>&nbsp;\u00bfQu\u00e9 piensa de la oposici\u00f3n pol\u00edtica que quiere hacerle frente a L\u00f3pez Obrador en 2024?<\/p>\n\n\n\n<p><strong>R.&nbsp;<\/strong>Yo lo que no veo de ninguno de los partidos pol\u00edticos es un programa de por d\u00f3nde quieren llevar al pa\u00eds. Sin un programa no podemos saber qu\u00e9 quieren hacer los distintos partidos, coaligados o no coaligados, juntos o separados.<\/p>\n\n\n\n<p><strong>P.&nbsp;<\/strong>\u00bfC\u00f3mo ve que Movimiento Ciudadano&nbsp;<a href=\"https:\/\/elpais.com\/mexico\/2023-03-06\/movimiento-ciudadano-declina-contender-en-las-elecciones-del-estado-de-mexico-y-coahuila-y-despeja-el-camino-a-morena.html\">no haya querido participar en las elecciones<\/a>&nbsp;del Estado de M\u00e9xico y Coahuila este a\u00f1o?<\/p>\n\n\n\n<p><strong>R.<\/strong>&nbsp;Son decisiones de un partido pol\u00edtico. Yo no me meto en la vida de casas ajenas. Yo no estoy en ning\u00fan partido, por lo tanto me es dif\u00edcil opinar de las decisiones que toman.<\/p>\n\n\n\n<p><strong>P.&nbsp;<\/strong>\u00bfQu\u00e9 opina de las alianzas del PRD, que es el partido que usted fund\u00f3?<\/p>\n\n\n\n<p><strong>R.&nbsp;<\/strong>Y del que sal\u00ed en 2014.<\/p>\n\n\n\n<p><strong>P.&nbsp;<\/strong>\u00bfDej\u00f3 de ser el PRD que usted fund\u00f3 en 1989?<\/p>\n\n\n\n<p><strong>R.<\/strong>&nbsp;En 2014 empez\u00f3 a dejar de ser lo que yo conoc\u00ed cuando se fund\u00f3 el partido. Me pareci\u00f3 que se hab\u00edan abandonado ciertos principios, que no se estaba trabajando en fortalecer las bases territoriales, que hab\u00eda una disputa de grupos internos.<\/p>\n\n\n\n<p><strong>P.<\/strong>&nbsp;\u00bfQu\u00e9 piensa de los aspirantes presidenciales de Morena? \u00bfPrometen ser solo una extensi\u00f3n del proyecto de L\u00f3pez Obrador?<\/p>\n\n\n\n<p><strong>R.<\/strong>&nbsp;No conozco sus programas. No le podr\u00eda decir qu\u00e9 nos proponen ni ellos ni quienes est\u00e9n eventualmente pensando en ser candidatos de los partidos de oposici\u00f3n.<\/p>\n\n\n\n<p><strong>P.&nbsp;<\/strong>\u00bfQu\u00e9 opina de Marcelo Ebrard?<\/p>\n\n\n\n<p><strong>R.<\/strong>&nbsp;Es un buen amigo.<\/p>\n\n\n\n<p><strong>P.&nbsp;<\/strong>\u00bfDe Claudia Sheinbaum?<\/p>\n\n\n\n<p><strong>R.<\/strong>&nbsp;Lo mismo le digo: una buena amiga.<\/p>\n\n\n\n<p><strong>P.<\/strong>&nbsp;\u00bfDe Ad\u00e1n Augusto L\u00f3pez?<\/p>\n\n\n\n<p><strong>R.<\/strong>&nbsp;En mi caso es buen amigo tambi\u00e9n.<\/p>\n\n\n\n<p><strong>P.<\/strong>&nbsp;\u00bfY de Ricardo Monreal?<\/p>\n\n\n\n<p><strong>R.&nbsp;<\/strong>Tambi\u00e9n. Hemos trabajado juntos desde hace mucho, cuando estaba en el PRD. Y seguimos siendo amigos.<\/p>\n\n\n\n<p><strong>P.<\/strong>&nbsp;\u00bfLe dan confianza los cuatro?<\/p>\n\n\n\n<p><strong>R.<\/strong>&nbsp;No s\u00e9 qu\u00e9 propongan los cuatro como candidatos eventuales a la Presidencia de la Rep\u00fablica. No conozco que alguno de ellos haya presentado ya un programa integral como proyecto de naci\u00f3n.<\/p>\n\n\n\n<figure class=\"wp-block-image is-style-default\"><img decoding=\"async\" src=\"https:\/\/imagenes.elpais.com\/resizer\/K_4LufHcp-1IBqA02PcTkszvXxk=\/414x0\/cloudfront-eu-central-1.images.arcpublishing.com\/prisa\/DD5TO2U2YZHMHFYHJLKNZWNGME.jpg\" alt=\"Cuauht\u00e9moc C\u00e1rdenas en su casa, en Ciudad de M\u00e9xico.\"\/><figcaption>Cuauht\u00e9moc C\u00e1rdenas en su casa, en Ciudad de M\u00e9xico.NADYA MURILLO<\/figcaption><\/figure>\n\n\n\n<p><strong>P.<\/strong>&nbsp;\u00bfQu\u00e9 balance hace del Gobierno de L\u00f3pez Obrador, en lo que es pr\u00e1cticamente su \u00faltimo a\u00f1o?<\/p>\n\n\n\n<p><strong>R.<\/strong>&nbsp;Yo esperar\u00eda a que terminara el Gobierno para hacer un balance.<\/p>\n\n\n\n<p><strong>P.<\/strong>&nbsp;Como hijo del autor de la Expropiaci\u00f3n petrolera, \u00bfqu\u00e9 opina de la pol\u00edtica energ\u00e9tica de esta Administraci\u00f3n?<\/p>\n\n\n\n<p><strong>R.<\/strong>&nbsp;Tiene que haber un cambio importante para que Petr\u00f3leos Mexicanos (Pemex) tenga una autonom\u00eda presupuestal y de gesti\u00f3n. Tenemos que pensar en un manejo muy responsable de las reservas petroleras. Tenemos que pensar en los cambios que se est\u00e1n dando en el mundo de la energ\u00eda, para ir m\u00e1s hacia las energ\u00edas renovables y dedicar el petr\u00f3leo principalmente a la petroqu\u00edmica y a la industrializaci\u00f3n, m\u00e1s que a la producci\u00f3n de combustibles. Son cambios que tendr\u00edan que estarse dando en nuestro pa\u00eds con mucha m\u00e1s intensidad.<\/p>\n\n\n\n<p><strong>P.&nbsp;<\/strong>\u00bfC\u00f3mo ve la apuesta de este Gobierno por la refinaci\u00f3n?<\/p>\n\n\n\n<p><strong>R.<\/strong>&nbsp;Me parece que es importante. No podemos dejar todav\u00eda de producir combustibles. Hay que acelerar la modernizaci\u00f3n de las refiner\u00edas existentes y disminuir la importaci\u00f3n que tenemos de gasolinas. Pero al mismo tiempo tendr\u00edamos que aprovechar una buena parte de las instalaciones existentes, no para producir combustibles, sino para ir justamente a la industria petroqu\u00edmica.<\/p>\n\n\n\n<p><strong>P.&nbsp;<\/strong>\u00bfC\u00f3mo eval\u00faa el combate a la desigualdad?<\/p>\n\n\n\n<p><strong>P.&nbsp;<\/strong>Si vemos las cifras que da el propio Gobierno, la mitad de la poblaci\u00f3n&nbsp;<a href=\"https:\/\/elpais.com\/mexico\/2023-01-30\/de-un-lado-del-otro-asi-se-vive-la-desigualdad-en-mexico.html\">vive en condiciones de pobreza<\/a>&nbsp;y hay una concentraci\u00f3n de riqueza en grupos cada vez m\u00e1s reducidos. Tenemos que tomar medidas serias en ese sentido. Universalizar la seguridad social, por ejemplo, y pensar seriamente \u2014para tener recursos para ello\u2014 en una reforma fiscal y hacendaria profunda, que no se ha llevado a cabo y que es un reclamo que se ha venido haciendo desde distintos grupos pol\u00edticos y distintas visiones econ\u00f3micas.<\/p>\n\n\n\n<p><strong>P.&nbsp;<\/strong>\u00bfQu\u00e9 caracter\u00edsticas deber\u00eda tener esta reforma fiscal?<\/p>\n\n\n\n<p><strong>R.<\/strong>&nbsp;Ser progresiva, gravar m\u00e1s a quienes m\u00e1s ingresos tienen y quitar cargas fiscales a quienes menos ingresos est\u00e1n recibiendo. Desde luego, hay que reconocer que se ha hecho un esfuerzo importante para mejorar la recaudaci\u00f3n, pero no ha sido suficiente para que el Estado cuente con los recursos necesarios que nos est\u00e1 demandando el desarrollo del pa\u00eds.<\/p>\n\n\n\n<p><strong>P.<\/strong>&nbsp;\u00bfY en el aspecto de la seguridad p\u00fablica?<\/p>\n\n\n\n<p><strong>R.<\/strong>&nbsp;Tambi\u00e9n tendr\u00eda que darse un cambio importante. Es que se ha venido haciendo m\u00e1s o menos lo mismo desde hace ya varias d\u00e9cadas, y si se vuelve a hacer lo mismo, se vuelve a tener el mismo resultado. Entonces, tendr\u00eda que abrirse una revisi\u00f3n muy seria y profunda de cu\u00e1les pueden ser los mejores caminos para combatir la delincuencia y lograr seguridad para la gente, eliminar la extorsi\u00f3n, el cobro de piso, etc\u00e9tera, que hemos visto por todo el pa\u00eds. Y me parece que esto requiere de un cambio en las estrategias: mejorar la inteligencia, la investigaci\u00f3n. Pero requiere tambi\u00e9n de una participaci\u00f3n en este esfuerzo de los distintos sectores de la sociedad, y tendr\u00eda que haber una buena coordinaci\u00f3n de estos esfuerzos.<\/p>\n\n\n\n<p><strong>P.&nbsp;<\/strong>\u00bfLe parece suficiente el enfoque del Gobierno de combatir las ra\u00edces de la violencia: ir a la pobreza, entregar programas sociales?<\/p>\n\n\n\n<p><strong>R.&nbsp;<\/strong>Habr\u00eda que ir al fondo, efectivamente. Buscar c\u00f3mo elevar consistentemente el ingreso de todos los sectores, reducir la informalidad a trav\u00e9s de tener buenas oportunidades de trabajo formal, combatir la pobreza tambi\u00e9n a trav\u00e9s de trabajo formal y de servicios de seguridad social de car\u00e1cter universal.<\/p>\n\n\n\n<p><strong>P.<\/strong>&nbsp;Ya est\u00e1n surgiendo propuestas extremistas de algunos cr\u00edticos del Gobierno y aspirantes presidenciales de, por ejemplo, copiar&nbsp;<a href=\"https:\/\/elpais.com\/internacional\/2023-02-28\/nayib-bukele-exhibe-a-miles-de-pandilleros-en-un-traslado-espectacular-a-su-enorme-carcel-contra-el-terrorismo.html\">el modelo de El Salvador para combatir la inseguridad<\/a>.<\/p>\n\n\n\n<p><strong>R.&nbsp;<\/strong>Es lo peor que pudiera sucederle al pa\u00eds.<\/p>\n\n\n\n<p><strong>P.&nbsp;<\/strong>\u00bfQu\u00e9 piensa de&nbsp;<a href=\"https:\/\/elpais.com\/mexico\/2023-03-06\/lopez-obrador-condena-la-propuesta-del-congreso-de-ee-uu-para-que-su-ejercito-actue-contra-el-trafico-de-fentanilo-en-mexico.html\">la propuesta de los dos congresistas republicanos<\/a>&nbsp;para que participe el Ej\u00e9rcito estadounidense en el combate al narcotr\u00e1fico?<\/p>\n\n\n\n<p><strong>R.<\/strong>&nbsp;Ser\u00eda la peor medida aceptar que aqu\u00ed viniera gente de afuera a resolvernos los problemas.<\/p>\n\n\n\n<p><strong>P.&nbsp;<\/strong>A sus 88 a\u00f1os, \u00bfusted seguir\u00e1 participando pol\u00edticamente?<\/p>\n\n\n\n<p><strong>R.&nbsp;<\/strong>Yo no veo por qu\u00e9 dejar de hacerlo.<\/p>\n\n\n\n<p><strong>P.<\/strong>&nbsp;\u00bfAs\u00ed como lo ha hecho \u00faltimamente, aportando ideas?<\/p>\n\n\n\n<p><strong>R.&nbsp;<\/strong>Es decir, no voy a participar electoralmente, no voy a ser candidato a nada. Pero callarme, no me voy a callar.<\/p>\n\n\n\n<p><a href=\"https:\/\/plus.elpais.com\/newsletters\/lnp\/1\/348\"><strong>Suscr\u00edbase aqu\u00ed<\/strong><\/a>a la\u00a0<em>newsletter<\/em>\u00a0de EL PA\u00cdS M\u00e9xico y reciba todas las claves informativas de la actualidad de este pa\u00eds<\/p>\n\n\n\n<p>Fuente: <a href=\"https:\/\/elpais.com\/mexico\/2023-03-16\/cuauhtemoc-cardenas-nunca-me-he-considerado-adversario-politico-de-lopez-obrador.html\">https:\/\/elpais.com\/mexico\/2023-03-16\/cuauhtemoc-cardenas-nunca-me-he-considerado-adversario-politico-de-lopez-obrador.html<\/a><\/p>\n","protected":false},"excerpt":{"rendered":"<p>El hijo de L\u00e1zaro C\u00e1rdenas y t\u00f3tem de la izquierda mexicana habla con EL PA\u00cdS de las cr\u00edticas del presidente [&hellip;]<\/p>\n","protected":false},"author":1,"featured_media":48377,"comment_status":"open","ping_status":"open","sticky":false,"template":"","format":"standard","meta":{"site-sidebar-layout":"default","site-content-layout":"","ast-site-content-layout":"default","site-content-style":"default","site-sidebar-style":"default","ast-global-header-display":"","ast-banner-title-visibility":"","ast-main-header-display":"","ast-hfb-above-header-display":"","ast-hfb-below-header-display":"","ast-hfb-mobile-header-display":"","site-post-title":"","ast-breadcrumbs-content":"","ast-featured-img":"","footer-sml-layout":"","theme-transparent-header-meta":"","adv-header-id-meta":"","stick-header-meta":"","header-above-stick-meta":"","header-main-stick-meta":"","header-below-stick-meta":"","astra-migrate-meta-layouts":"default","ast-page-background-enabled":"default","ast-page-background-meta":{"desktop":{"background-color":"var(--ast-global-color-4)","background-image":"","background-repeat":"repeat","background-position":"center center","background-size":"auto","background-attachment":"scroll","background-type":"","background-media":"","overlay-type":"","overlay-color":"","overlay-opacity":"","overlay-gradient":""},"tablet":{"background-color":"","background-image":"","background-repeat":"repeat","background-position":"center center","background-size":"auto","background-attachment":"scroll","background-type":"","background-media":"","overlay-type":"","overlay-color":"","overlay-opacity":"","overlay-gradient":""},"mobile":{"background-color":"","background-image":"","background-repeat":"repeat","background-position":"center center","background-size":"auto","background-attachment":"scroll","background-type":"","background-media":"","overlay-type":"","overlay-color":"","overlay-opacity":"","overlay-gradient":""}},"ast-content-background-meta":{"desktop":{"background-color":"var(--ast-global-color-5)","background-image":"","background-repeat":"repeat","background-position":"center center","background-size":"auto","background-attachment":"scroll","background-type":"","background-media":"","overlay-type":"","overlay-color":"","overlay-opacity":"","overlay-gradient":""},"tablet":{"background-color":"var(--ast-global-color-5)","background-image":"","background-repeat":"repeat","background-position":"center center","background-size":"auto","background-attachment":"scroll","background-type":"","background-media":"","overlay-type":"","overlay-color":"","overlay-opacity":"","overlay-gradient":""},"mobile":{"background-color":"var(--ast-global-color-5)","background-image":"","background-repeat":"repeat","background-position":"center center","background-size":"auto","background-attachment":"scroll","background-type":"","background-media":"","overlay-type":"","overlay-color":"","overlay-opacity":"","overlay-gradient":""}},"footnotes":""},"categories":[8],"tags":[199,1619,15571],"class_list":["post-48376","post","type-post","status-publish","format-standard","has-post-thumbnail","hentry","category-noticias","tag-amlo","tag-cuauhtemoc-cardenas","tag-expropiacion-petrolera-mexico"],"_links":{"self":[{"href":"https:\/\/losperiodistas.com.mx\/portal\/wp-json\/wp\/v2\/posts\/48376","targetHints":{"allow":["GET"]}}],"collection":[{"href":"https:\/\/losperiodistas.com.mx\/portal\/wp-json\/wp\/v2\/posts"}],"about":[{"href":"https:\/\/losperiodistas.com.mx\/portal\/wp-json\/wp\/v2\/types\/post"}],"author":[{"embeddable":true,"href":"https:\/\/losperiodistas.com.mx\/portal\/wp-json\/wp\/v2\/users\/1"}],"replies":[{"embeddable":true,"href":"https:\/\/losperiodistas.com.mx\/portal\/wp-json\/wp\/v2\/comments?post=48376"}],"version-history":[{"count":1,"href":"https:\/\/losperiodistas.com.mx\/portal\/wp-json\/wp\/v2\/posts\/48376\/revisions"}],"predecessor-version":[{"id":48378,"href":"https:\/\/losperiodistas.com.mx\/portal\/wp-json\/wp\/v2\/posts\/48376\/revisions\/48378"}],"wp:featuredmedia":[{"embeddable":true,"href":"https:\/\/losperiodistas.com.mx\/portal\/wp-json\/wp\/v2\/media\/48377"}],"wp:attachment":[{"href":"https:\/\/losperiodistas.com.mx\/portal\/wp-json\/wp\/v2\/media?parent=48376"}],"wp:term":[{"taxonomy":"category","embeddable":true,"href":"https:\/\/losperiodistas.com.mx\/portal\/wp-json\/wp\/v2\/categories?post=48376"},{"taxonomy":"post_tag","embeddable":true,"href":"https:\/\/losperiodistas.com.mx\/portal\/wp-json\/wp\/v2\/tags?post=48376"}],"curies":[{"name":"wp","href":"https:\/\/api.w.org\/{rel}","templated":true}]}}