{"id":48370,"date":"2023-03-16T07:47:19","date_gmt":"2023-03-16T13:47:19","guid":{"rendered":"http:\/\/losperiodistas.com.mx\/portal\/?p=48370"},"modified":"2023-03-16T07:47:21","modified_gmt":"2023-03-16T13:47:21","slug":"el-inah-implementara-operativo-por-el-equinoccio-de-primavera-2023-la-lista","status":"publish","type":"post","link":"https:\/\/losperiodistas.com.mx\/portal\/el-inah-implementara-operativo-por-el-equinoccio-de-primavera-2023-la-lista\/","title":{"rendered":"El INAH implementar\u00e1 operativo por el equinoccio de primavera 2023 | La-Lista"},"content":{"rendered":"\n<p class=\"has-vivid-green-cyan-background-color has-background has-medium-font-size\">\u00c1reas protegidas como Teotihuac\u00e1n y Chich\u00e9n Itz\u00e1 tendr\u00e1n horarios especiales.<\/p>\n\n\n\n<figure class=\"wp-block-image size-large is-style-default\"><img fetchpriority=\"high\" decoding=\"async\" width=\"1024\" height=\"631\" src=\"https:\/\/losperiodistas.com.mx\/portal\/wp-content\/uploads\/2023\/03\/chichen_itza_piramide_kukulkan-1024x631.jpg\" alt=\"\" class=\"wp-image-48371\" srcset=\"https:\/\/losperiodistas.com.mx\/portal\/wp-content\/uploads\/2023\/03\/chichen_itza_piramide_kukulkan-1024x631.jpg 1024w, https:\/\/losperiodistas.com.mx\/portal\/wp-content\/uploads\/2023\/03\/chichen_itza_piramide_kukulkan-300x185.jpg 300w, https:\/\/losperiodistas.com.mx\/portal\/wp-content\/uploads\/2023\/03\/chichen_itza_piramide_kukulkan-768x473.jpg 768w, https:\/\/losperiodistas.com.mx\/portal\/wp-content\/uploads\/2023\/03\/chichen_itza_piramide_kukulkan.jpg 1201w\" sizes=\"(max-width: 1024px) 100vw, 1024px\" \/><figcaption>La pir\u00e1mide de Kukulk\u00e1n en la zona arqueol\u00f3gica de Chich\u00e9n Itz\u00e1. Foto: Wikimedia commons<\/figcaption><\/figure>\n\n\n\n<p class=\"has-vivid-red-color has-text-color has-medium-font-size\"><strong>REDACCI\u00d3N LA-LISTA<\/strong><\/p>\n\n\n\n<p>El Instituto Nacional de Antropolog\u00eda e Historia&nbsp;<strong>(INAH)<\/strong>&nbsp;llevar\u00e1 a cabo un operativo para asegurar la conservaci\u00f3n del patrimonio en el marco del&nbsp;<strong>equinoccio de primavera 2023<\/strong>.<\/p>\n\n\n\n<p>El organismo inform\u00f3 que estas actividades tambi\u00e9n buscar\u00e1n la garant\u00eda de la seguridad de todos los visitantes a las\u00a0<strong>zonas arqueol\u00f3gicas<\/strong>\u00a0emblem\u00e1ticas de nuestro pa\u00eds, tales como\u00a0<strong>Teotihuac\u00e1n<\/strong>\u00a0o\u00a0<strong>Chich\u00e9n Itz\u00e1<\/strong>.<\/p>\n\n\n\n<p class=\"has-cyan-bluish-gray-background-color has-background has-medium-font-size\">No te pierdas:<a href=\"https:\/\/la-lista.com\/mexico\/2023\/02\/28\/que-se-celebra-en-marzo-2023\">\u00bfQu\u00e9 se celebra en el mes de marzo? La-Lista de conmemoraciones<\/a><\/p>\n\n\n\n<p>Adem\u00e1s de autoridades de los tres \u00f3rdenes de gobierno, este programa tambi\u00e9n involucra a personal m\u00e9dico especializado, elementos de seguridad p\u00fablica y de la&nbsp;<strong>Guardia Nacional<\/strong>.PUBLICIDAD<\/p>\n\n\n\n<figure class=\"wp-block-image is-style-default\"><img decoding=\"async\" src=\"https:\/\/i0.wp.com\/la-lista.com\/wp-content\/uploads\/2023\/02\/tumba-elite-maya-chichen-itza.jpg?resize=800%2C488&amp;ssl=1\" alt=\"El INAH implementar\u00e1 operativo por el equinoccio de primavera 2023 - tumba-elite-maya-chichen-itza\" class=\"wp-image-346688\"\/><figcaption>Chich\u00e9n Itz\u00e1 es una de las zonas arqueol\u00f3gicas preferidas para recibir el equinoccio. Foto: Twitter \/ INAH<\/figcaption><\/figure>\n\n\n\n<p>El INAH inform\u00f3 que el Operativo Equinoccio de Primavera 2023 se llevar\u00e1 a cabo\u00a0<strong>del 18 al 21 de marzo<\/strong>.<\/p>\n\n\n\n<p class=\"has-cyan-bluish-gray-background-color has-background\">No te pierdas:<a href=\"https:\/\/la-lista.com\/actualidad\/2023\/02\/18\/los-tacos-y-el-higado-encebollado-entre-lo-mejor-y-los-peor-de-la-gastronomia-mexicana\">Los tacos y el h\u00edgado encebollado, entre lo mejor y lo peor de la gastronom\u00eda mexicana<\/a><\/p>\n\n\n\n<p>El costo de acceso individual para las zonas arqueol\u00f3gicas Categor\u00eda I es de 90 pesos; para las de Categor\u00eda II, 75 pesos; y para las Categor\u00eda III, 70 pesos.<\/p>\n\n\n\n<p>La mayor parte de las zonas arqueol\u00f3gicas en el pa\u00eds operar\u00e1n en sus horarios habituales, los cuales pueden consultarse en la&nbsp;<a href=\"https:\/\/www.inah.gob.mx\/zonas-arqueologicas\" target=\"_blank\" rel=\"noreferrer noopener\">p\u00e1gina web<\/a>&nbsp;del INAH.<\/p>\n\n\n\n<figure class=\"wp-block-image is-style-default\"><img decoding=\"async\" src=\"https:\/\/i0.wp.com\/la-lista.com\/wp-content\/uploads\/2022\/03\/teotihuacan_zona_arqueologica_equinoccio_de_primavera.jpg?resize=800%2C493&amp;ssl=1\" alt=\"El INAH implementar\u00e1 operativo por el equinoccio de primavera 2023 - teotihuacan_zona_arqueologica_equinoccio_de_primavera\" class=\"wp-image-157372\"\/><figcaption>La zona arqueol\u00f3gica de Teotihuac\u00e1n es uno de los puntos recurridos. Foto: Wikimedia Commons<\/figcaption><\/figure>\n\n\n\n<h2 class=\"wp-block-heading\">Cambios en zonas arqueol\u00f3gicas<\/h2>\n\n\n\n<ul class=\"wp-block-list\"><li>En&nbsp;Teotihuacan, Estado de M\u00e9xico, el horario de visita ser\u00e1 de las 8:00 a las 17:00 horas, con el \u00faltimo ingreso a las 16:00 horas.<\/li><li>En&nbsp;Chich\u00e9n Itz\u00e1, Yucat\u00e1n, el operativo ir\u00e1 del 18 al 21 de marzo, en un horario de 8:00 a 17:00 horas, con el \u00faltimo acceso a las 16:00 horas.<\/li><li>En Tulum, Quintana Roo, y Yagul, Oaxaca, el horario ser\u00e1 de 8:00 a 17:00 horas, con \u00faltimos accesos a las 16:00 horas.<\/li><li>Monte Alb\u00e1n, Oaxaca, operar\u00e1 en su horario habitual de 8:00 a 17:00 horas.<\/li><li><strong><a href=\"https:\/\/inah.gob.mx\/zonas\/zona-arqueologica-y-museo-de-sitio-de-tula\" target=\"_blank\" rel=\"noreferrer noopener\">Tula<\/a><\/strong>, en Hidalgo, estar\u00e1 abierto entre las 9:00 y las 17:00 horas.<\/li><\/ul>\n\n\n\n<figure class=\"wp-block-image is-style-default\"><img decoding=\"async\" src=\"https:\/\/i0.wp.com\/la-lista.com\/wp-content\/uploads\/2022\/11\/chichen_itza_piramide_kukulkan.jpg?resize=800%2C493&amp;ssl=1\" alt=\"El INAH implementar\u00e1 operativo por el equinoccio de primavera 2023 - chichen_itza_piramide_kukulkan\" class=\"wp-image-294206\"\/><figcaption>La pir\u00e1mide de Kukulk\u00e1n en la zona arqueol\u00f3gica de Chich\u00e9n Itz\u00e1. Foto: Wikimedia commons<\/figcaption><\/figure>\n\n\n\n<h2 class=\"wp-block-heading\" id=\"h-cuando-y-a-que-hora-sera-el-equinoccio-de-primavera-2023\">\u00bfCu\u00e1ndo y a qu\u00e9 hora ser\u00e1 el equinoccio de primavera 2023?<\/h2>\n\n\n\n<p>De acuerdo con el\u00a0<strong>Instituto de Astronom\u00eda<\/strong>\u00a0de la\u00a0<strong>Universidad Nacional Aut\u00f3noma de M\u00e9xico<\/strong>, este a\u00f1o el equinoccio de primavera se realizar\u00e1 el 20 de marzo a las 21:24 horas del tiempo universal coordinado (UTC), equivalente a las 15:24 horas del centro de M\u00e9xico.<\/p>\n\n\n\n<p>Fuente: <a href=\"https:\/\/la-lista.com\/cultura\/2023\/03\/15\/el-inah-implementara-operativo-por-el-equinoccio-de-primavera-2023\">https:\/\/la-lista.com\/cultura\/2023\/03\/15\/el-inah-implementara-operativo-por-el-equinoccio-de-primavera-2023<\/a><\/p>\n","protected":false},"excerpt":{"rendered":"<p>\u00c1reas protegidas como Teotihuac\u00e1n y Chich\u00e9n Itz\u00e1 tendr\u00e1n horarios especiales. REDACCI\u00d3N LA-LISTA El Instituto Nacional de Antropolog\u00eda e Historia&nbsp;(INAH)&nbsp;llevar\u00e1 a [&hellip;]<\/p>\n","protected":false},"author":1,"featured_media":48371,"comment_status":"open","ping_status":"open","sticky":false,"template":"","format":"standard","meta":{"site-sidebar-layout":"default","site-content-layout":"","ast-site-content-layout":"default","site-content-style":"default","site-sidebar-style":"default","ast-global-header-display":"","ast-banner-title-visibility":"","ast-main-header-display":"","ast-hfb-above-header-display":"","ast-hfb-below-header-display":"","ast-hfb-mobile-header-display":"","site-post-title":"","ast-breadcrumbs-content":"","ast-featured-img":"","footer-sml-layout":"","theme-transparent-header-meta":"","adv-header-id-meta":"","stick-header-meta":"","header-above-stick-meta":"","header-main-stick-meta":"","header-below-stick-meta":"","astra-migrate-meta-layouts":"default","ast-page-background-enabled":"default","ast-page-background-meta":{"desktop":{"background-color":"var(--ast-global-color-4)","background-image":"","background-repeat":"repeat","background-position":"center center","background-size":"auto","background-attachment":"scroll","background-type":"","background-media":"","overlay-type":"","overlay-color":"","overlay-opacity":"","overlay-gradient":""},"tablet":{"background-color":"","background-image":"","background-repeat":"repeat","background-position":"center center","background-size":"auto","background-attachment":"scroll","background-type":"","background-media":"","overlay-type":"","overlay-color":"","overlay-opacity":"","overlay-gradient":""},"mobile":{"background-color":"","background-image":"","background-repeat":"repeat","background-position":"center center","background-size":"auto","background-attachment":"scroll","background-type":"","background-media":"","overlay-type":"","overlay-color":"","overlay-opacity":"","overlay-gradient":""}},"ast-content-background-meta":{"desktop":{"background-color":"var(--ast-global-color-5)","background-image":"","background-repeat":"repeat","background-position":"center center","background-size":"auto","background-attachment":"scroll","background-type":"","background-media":"","overlay-type":"","overlay-color":"","overlay-opacity":"","overlay-gradient":""},"tablet":{"background-color":"var(--ast-global-color-5)","background-image":"","background-repeat":"repeat","background-position":"center center","background-size":"auto","background-attachment":"scroll","background-type":"","background-media":"","overlay-type":"","overlay-color":"","overlay-opacity":"","overlay-gradient":""},"mobile":{"background-color":"var(--ast-global-color-5)","background-image":"","background-repeat":"repeat","background-position":"center center","background-size":"auto","background-attachment":"scroll","background-type":"","background-media":"","overlay-type":"","overlay-color":"","overlay-opacity":"","overlay-gradient":""}},"footnotes":""},"categories":[8],"tags":[15570,1037,15569],"class_list":["post-48370","post","type-post","status-publish","format-standard","has-post-thumbnail","hentry","category-noticias","tag-equinoccio-primavera-2023","tag-inah","tag-zonas-arqueologicas-mexico"],"_links":{"self":[{"href":"https:\/\/losperiodistas.com.mx\/portal\/wp-json\/wp\/v2\/posts\/48370","targetHints":{"allow":["GET"]}}],"collection":[{"href":"https:\/\/losperiodistas.com.mx\/portal\/wp-json\/wp\/v2\/posts"}],"about":[{"href":"https:\/\/losperiodistas.com.mx\/portal\/wp-json\/wp\/v2\/types\/post"}],"author":[{"embeddable":true,"href":"https:\/\/losperiodistas.com.mx\/portal\/wp-json\/wp\/v2\/users\/1"}],"replies":[{"embeddable":true,"href":"https:\/\/losperiodistas.com.mx\/portal\/wp-json\/wp\/v2\/comments?post=48370"}],"version-history":[{"count":1,"href":"https:\/\/losperiodistas.com.mx\/portal\/wp-json\/wp\/v2\/posts\/48370\/revisions"}],"predecessor-version":[{"id":48372,"href":"https:\/\/losperiodistas.com.mx\/portal\/wp-json\/wp\/v2\/posts\/48370\/revisions\/48372"}],"wp:featuredmedia":[{"embeddable":true,"href":"https:\/\/losperiodistas.com.mx\/portal\/wp-json\/wp\/v2\/media\/48371"}],"wp:attachment":[{"href":"https:\/\/losperiodistas.com.mx\/portal\/wp-json\/wp\/v2\/media?parent=48370"}],"wp:term":[{"taxonomy":"category","embeddable":true,"href":"https:\/\/losperiodistas.com.mx\/portal\/wp-json\/wp\/v2\/categories?post=48370"},{"taxonomy":"post_tag","embeddable":true,"href":"https:\/\/losperiodistas.com.mx\/portal\/wp-json\/wp\/v2\/tags?post=48370"}],"curies":[{"name":"wp","href":"https:\/\/api.w.org\/{rel}","templated":true}]}}