{"id":48365,"date":"2023-03-16T07:30:15","date_gmt":"2023-03-16T13:30:15","guid":{"rendered":"http:\/\/losperiodistas.com.mx\/portal\/?p=48365"},"modified":"2023-03-16T07:30:17","modified_gmt":"2023-03-16T13:30:17","slug":"primero-los-pobres-en-puebla","status":"publish","type":"post","link":"https:\/\/losperiodistas.com.mx\/portal\/primero-los-pobres-en-puebla\/","title":{"rendered":"<strong>Primero los pobres en Puebla<\/strong>"},"content":{"rendered":"\n<p><\/p>\n\n\n\n<p class=\"has-vivid-red-color has-text-color\" style=\"font-size:26px\"><strong><em>Por Fernando Manzanilla Prieto<\/em><\/strong><\/p>\n\n\n\n<p>Hace unos d\u00edas en la ciudad de Puebla, inici\u00f3 la construcci\u00f3n de jardineras y orejas viales en algunas calles del centro hist\u00f3rico. De acuerdo con lo expresado por las propias autoridades municipales, estas obras, que se realizar\u00e1n por ahora en la 11 y 13 oriente-poniente, tendr\u00e1n una inversi\u00f3n superior a los 2 millones de pesos.<\/p>\n\n\n\n<p>La intenci\u00f3n es reducir la velocidad de los automovilistas en la zona y lograr que se respeten los 30 kil\u00f3metros de velocidad m\u00e1xima para circular.<\/p>\n\n\n\n<p>En este sentido es que, en las esquinas de las calles se\u00f1aladas, ya se puede observar c\u00f3mo se ha abierto el concreto o el pavimento para construir las orejas o bah\u00edas viales, estructuras consistentes en peque\u00f1as extensiones curvas que sobresaldr\u00e1n de la calle y cuyo objetivo es similar al de los tan criticados bolardos que hace poco fueron colocados en la ciudad y, posteriormente, retirados.<\/p>\n\n\n\n<p>Es as\u00ed que esta iniciativa, por s\u00ed sola no es mala, sin embargo, si la analizamos con mayor profundidad nos lleva a preguntarnos sobre la importancia que tiene para el ayuntamiento el trabajar en las colonias y juntas auxiliares del municipio y no s\u00f3lo en el centro o fraccionamientos.<\/p>\n\n\n\n<p>Como escrib\u00ed la semana pasada en este mismo espacio, acciones como \u00e9stas permiten vislumbrar que en Puebla hay dos ciudades por la realidad que viven sus habitantes. Por una parte, hay una Puebla bien conectada, en la que, si bien los servicios p\u00fablicos son deficientes y las calles se encuentran en mal estado, se tiene lo indispensable para vivir. Pero tambi\u00e9n hay otra en la que las carencias son grandes y las necesidades b\u00e1sicas son urgentes.<\/p>\n\n\n\n<p>Insisto, no s\u00f3lo se trata de calles sin pavimento o de parques en mal estado, sino sobre todo de carencia total de servicios b\u00e1sicos como son alumbrado p\u00fablico, agua potable, alcantarillado, drenaje, recolecci\u00f3n de basura; entre otros, adem\u00e1s de carencia de seguridad p\u00fablica.<\/p>\n\n\n\n<p>Don Jaime, un vecino de Canoa que todos los d\u00edas viene al centro de Puebla con su esposa a vender gorditas y tacos, me expres\u00f3 su molestia por estas obras de \u201crelumbr\u00f3n\u201d:<\/p>\n\n\n\n<p>\u201cA ver si no pasa lo mismo que con los bolardos que ya se hab\u00edan instalado, que al poco tiempo, muchos de ellos tuvieron que ser quitados ya que estorbaban m\u00e1s de lo que serv\u00edan. Yo al menos as\u00ed lo veo, que van a terminar siendo un estorbo para la circulaci\u00f3n, pues no son tan \u00fatiles en estas calles tan angostas. \u00bfY qu\u00e9 va pasar? Que van a ser dinero echado a la basura, lo cual es un insulto para la gente que tambi\u00e9n vivimos en esta ciudad, pero no tenemos ni banqueta, ni agua todos los d\u00edas en nuestra calle\u201d.<\/p>\n\n\n\n<p>La percepci\u00f3n de don Jaime no es equivocada, ya que la carencia o mala calidad de los servicios p\u00fablicos en las colonias y juntas auxiliares marginadas de la ciudad va m\u00e1s all\u00e1 de imagen, sino que genera graves consecuencias en la calidad de vida de sus habitantes.<\/p>\n\n\n\n<p>La falta de acceso a servicios b\u00e1sicos como agua potable, saneamiento y recolecci\u00f3n de basura conduce a la propagaci\u00f3n de enfermedades infecciosas y aumenta el riesgo de enfermedades respiratorias y gastrointestinales.<\/p>\n\n\n\n<p>La falta de iluminaci\u00f3n adecuada y la presencia de espacios p\u00fablicos descuidados aumenta la inseguridad y la delincuencia.<\/p>\n\n\n\n<p>Los cortes de luz y los problemas de suministro de agua afectan la asistencia y el desempe\u00f1o escolar de los ni\u00f1os.<\/p>\n\n\n\n<p>Desde luego que es esta propia falta de servicios b\u00e1sicos la que tambi\u00e9n afecta el desarrollo econ\u00f3mico de estas zonas, ya que los empresarios y emprendedores tienen dificultades para establecer negocios all\u00ed debido a la falta de infraestructura y servicios.<\/p>\n\n\n\n<p>Por ello, urge un plan de trabajo integral por parte del ayuntamiento para que los recursos existentes permitan priorizar las necesidades fundamentales de estas familias cuya calidad de vida est\u00e1 en juego.<\/p>\n\n\n\n<p>Ya sean uno, dos o m\u00e1s millones de pesos, siempre se podr\u00e1 hacer con ellos algo para mermar lo urgente, ya despu\u00e9s ser\u00e1 tiempo de atender lo importante. Lo fundamental es que no se pierda el foco de que, como bien dice nuestro presidente Andr\u00e9s Manuel L\u00f3pez Obrador, hoy lo imprescindible es \u201cPrimero los pobres\u201d.<\/p>\n","protected":false},"excerpt":{"rendered":"<p>Por Fernando Manzanilla Prieto Hace unos d\u00edas en la ciudad de Puebla, inici\u00f3 la construcci\u00f3n de jardineras y orejas viales [&hellip;]<\/p>\n","protected":false},"author":1,"featured_media":48366,"comment_status":"open","ping_status":"open","sticky":false,"template":"","format":"standard","meta":{"site-sidebar-layout":"default","site-content-layout":"","ast-site-content-layout":"default","site-content-style":"default","site-sidebar-style":"default","ast-global-header-display":"","ast-banner-title-visibility":"","ast-main-header-display":"","ast-hfb-above-header-display":"","ast-hfb-below-header-display":"","ast-hfb-mobile-header-display":"","site-post-title":"","ast-breadcrumbs-content":"","ast-featured-img":"","footer-sml-layout":"","theme-transparent-header-meta":"","adv-header-id-meta":"","stick-header-meta":"","header-above-stick-meta":"","header-main-stick-meta":"","header-below-stick-meta":"","astra-migrate-meta-layouts":"default","ast-page-background-enabled":"default","ast-page-background-meta":{"desktop":{"background-color":"var(--ast-global-color-4)","background-image":"","background-repeat":"repeat","background-position":"center center","background-size":"auto","background-attachment":"scroll","background-type":"","background-media":"","overlay-type":"","overlay-color":"","overlay-opacity":"","overlay-gradient":""},"tablet":{"background-color":"","background-image":"","background-repeat":"repeat","background-position":"center center","background-size":"auto","background-attachment":"scroll","background-type":"","background-media":"","overlay-type":"","overlay-color":"","overlay-opacity":"","overlay-gradient":""},"mobile":{"background-color":"","background-image":"","background-repeat":"repeat","background-position":"center center","background-size":"auto","background-attachment":"scroll","background-type":"","background-media":"","overlay-type":"","overlay-color":"","overlay-opacity":"","overlay-gradient":""}},"ast-content-background-meta":{"desktop":{"background-color":"var(--ast-global-color-5)","background-image":"","background-repeat":"repeat","background-position":"center center","background-size":"auto","background-attachment":"scroll","background-type":"","background-media":"","overlay-type":"","overlay-color":"","overlay-opacity":"","overlay-gradient":""},"tablet":{"background-color":"var(--ast-global-color-5)","background-image":"","background-repeat":"repeat","background-position":"center center","background-size":"auto","background-attachment":"scroll","background-type":"","background-media":"","overlay-type":"","overlay-color":"","overlay-opacity":"","overlay-gradient":""},"mobile":{"background-color":"var(--ast-global-color-5)","background-image":"","background-repeat":"repeat","background-position":"center center","background-size":"auto","background-attachment":"scroll","background-type":"","background-media":"","overlay-type":"","overlay-color":"","overlay-opacity":"","overlay-gradient":""}},"footnotes":""},"categories":[24,8],"tags":[14427],"class_list":["post-48365","post","type-post","status-publish","format-standard","has-post-thumbnail","hentry","category-fernando-manzanilla","category-noticias","tag-pobreza-en-puebla"],"_links":{"self":[{"href":"https:\/\/losperiodistas.com.mx\/portal\/wp-json\/wp\/v2\/posts\/48365","targetHints":{"allow":["GET"]}}],"collection":[{"href":"https:\/\/losperiodistas.com.mx\/portal\/wp-json\/wp\/v2\/posts"}],"about":[{"href":"https:\/\/losperiodistas.com.mx\/portal\/wp-json\/wp\/v2\/types\/post"}],"author":[{"embeddable":true,"href":"https:\/\/losperiodistas.com.mx\/portal\/wp-json\/wp\/v2\/users\/1"}],"replies":[{"embeddable":true,"href":"https:\/\/losperiodistas.com.mx\/portal\/wp-json\/wp\/v2\/comments?post=48365"}],"version-history":[{"count":1,"href":"https:\/\/losperiodistas.com.mx\/portal\/wp-json\/wp\/v2\/posts\/48365\/revisions"}],"predecessor-version":[{"id":48369,"href":"https:\/\/losperiodistas.com.mx\/portal\/wp-json\/wp\/v2\/posts\/48365\/revisions\/48369"}],"wp:featuredmedia":[{"embeddable":true,"href":"https:\/\/losperiodistas.com.mx\/portal\/wp-json\/wp\/v2\/media\/48366"}],"wp:attachment":[{"href":"https:\/\/losperiodistas.com.mx\/portal\/wp-json\/wp\/v2\/media?parent=48365"}],"wp:term":[{"taxonomy":"category","embeddable":true,"href":"https:\/\/losperiodistas.com.mx\/portal\/wp-json\/wp\/v2\/categories?post=48365"},{"taxonomy":"post_tag","embeddable":true,"href":"https:\/\/losperiodistas.com.mx\/portal\/wp-json\/wp\/v2\/tags?post=48365"}],"curies":[{"name":"wp","href":"https:\/\/api.w.org\/{rel}","templated":true}]}}