{"id":483,"date":"2020-10-26T18:52:19","date_gmt":"2020-10-27T00:52:19","guid":{"rendered":"http:\/\/losperiodistas.com.mx\/portal\/?p=483"},"modified":"2020-10-26T18:52:19","modified_gmt":"2020-10-27T00:52:19","slug":"oms-pide-no-bajar-los-brazos-ante-el-covid-19","status":"publish","type":"post","link":"https:\/\/losperiodistas.com.mx\/portal\/oms-pide-no-bajar-los-brazos-ante-el-covid-19\/","title":{"rendered":"OMS pide \u00abno bajar los brazos\u00bb ante el COVID-19"},"content":{"rendered":"\n<p class=\"has-medium-font-size\">El director general de la OMS hizo un llamado a no bajar la guardia tras el deterioro de la situaci\u00f3n del coronavirus en Europa y Estados Unidos<\/p>\n\n\n\n<p><\/p>\n\n\n\n<p><\/p>\n\n\n\n<p>DW<\/p>\n\n\n\n<p><strong>Las cifras m\u00e1s recientes sobre el COVID-19<\/strong>&nbsp;&#8211;<strong>seg\u00fan el \u00faltimo recuento de la estadounidense&nbsp;<a href=\"https:\/\/gisanddata.maps.arcgis.com\/apps\/opsdashboard\/index.html#\/bda7594740fd40299423467b48e9ecf6\" target=\"_blank\" rel=\"noreferrer noopener\">Universidad Johns Hopkins<\/a>&#8211; detallan que, a escala mundial, el virus ha contagiado a 43.385.581 personas y<\/strong>&nbsp;<strong>se ha cobrado 1.157.714 vidas en todo el planeta.<\/strong><\/p>\n\n\n\n<ul class=\"wp-block-list\"><li>Estados Unidos es el pa\u00eds con mayor cantidad de casos confirmados en el mundo con 8.695.375, seguido por India con 7.909.959, Brasil con 5.394.128, Rusia con 1.520.800, Francia con 1.209.079 y Espa\u00f1a con 1.098.320.<\/li><li>En&nbsp;<strong>Am\u00e9rica Latina y el Caribe<\/strong>&nbsp;-luego de Brasil- Argentina es el segundo pa\u00eds con m\u00e1s casos positivos al alcanzar 1.090.589 pacientes, seguido por Colombia con 1.015.885, M\u00e9xico con 891.160, Per\u00fa con 888.715, Chile con 503.598, Ecuador con 161.635 y Bolivia con 140.853.<\/li><li>Panam\u00e1 contin\u00faa en la lista latinoamericana con 129.200 casos, luego Rep\u00fablica Dominicana con 124.843, Guatemala con 104.894, Costa Rica con 104.460, Honduras con 93.214, Venezuela con 89.565, Paraguay con 59.594, El Salvador con 32.925, Hait\u00ed con 9.026 y Jamaica con 8.749.<\/li><li>El registro incluye a Cuba con 6.595 casos, Bahamas con 6.410, Trinidad y Tobago con 5.535, Nicaragua con 5.434, Surinam con 5.170, Guyana con 4.026, Belice con 3.145 y&nbsp;Uruguay con 2.851.<\/li><li>La lista la sigue Barbados con 233 casos confirmados, Antigua y Barbuda con 124, San Vicente y Granadinas con 73, Santa Luc\u00eda con 54, Dominica con 38, Granada con 28 y San Kitts y Nevis con 19 pacientes.<\/li><\/ul>\n\n\n\n<p><em>Todas las actualizaciones en Hora Central Europea (CET, por sus siglas en ingl\u00e9s)<\/em><\/p>\n\n\n\n<p><strong>00:00 OMS insiste en \u00abno bajar los brazos\u00bb ante la segunda ola del COVID-19<\/strong><\/p>\n\n\n\n<p>El director general de la Organizaci\u00f3n Mundial de la Salud (OMS), Tedros Adhanom Ghebreyesus, hizo este lunes (26.10.2020) un llamado a \u00abno bajar los brazos\u00bb ante el deterioro de la situaci\u00f3n del COVID-19 en Europa y Estados Unidos.<\/p>\n\n\n\n<p>\u00abNo podemos bajar los brazos, no podemos bajar los brazos\u00bb, insisti\u00f3 Ghebreyesus durante una rueda de prensa, en la que defendi\u00f3 que \u00abcuando los dirigentes act\u00faan r\u00e1pidamente, el virus puede ser frenado\u00bb. El funcionario agreg\u00f3 que \u00abes peligroso renunciar a controlar\u00bb la pandemia en referencia a las declaraciones del jefe de gabinete del presidente estadounidense, Donald Trump, que el domingo insinu\u00f3 que renunciar\u00edan a intentar controlar el virus y apostar\u00edan por encontrar una vacuna y tratamientos m\u00e9dicos.<\/p>\n\n\n\n<figure class=\"wp-block-video\"><video controls src=\"https:\/\/platform.twitter.com\/embed\/index.html?dnt=false&amp;embedId=twitter-widget-0&amp;frame=false&amp;hideCard=false&amp;hideThread=false&amp;id=1320772042149433349&amp;lang=en&amp;origin=https%3A%2F%2Fwww.dw.com%2Fes%2Fcoronavirus-hoy-oms-pide-no-bajar-los-brazos-ante-el-covid-19%2Fa-55405338&amp;siteScreenName=dw_espanol&amp;theme=light&amp;widgetsVersion=ed20a2b%3A1601588405575&amp;width=550px\"><\/video><\/figure>\n\n\n\n<p>ama (efe, afp)<\/p>\n\n\n\n<p>Fuente: https:\/\/www.dw.com\/es\/coronavirus-hoy-oms-pide-no-bajar-los-brazos-ante-el-covid-19\/a-55405338<\/p>\n","protected":false},"excerpt":{"rendered":"<p>El director general de la OMS hizo un llamado a no bajar la guardia tras el deterioro de la situaci\u00f3n [&hellip;]<\/p>\n","protected":false},"author":1,"featured_media":484,"comment_status":"open","ping_status":"open","sticky":false,"template":"","format":"standard","meta":{"site-sidebar-layout":"default","site-content-layout":"","ast-site-content-layout":"default","site-content-style":"default","site-sidebar-style":"default","ast-global-header-display":"","ast-banner-title-visibility":"","ast-main-header-display":"","ast-hfb-above-header-display":"","ast-hfb-below-header-display":"","ast-hfb-mobile-header-display":"","site-post-title":"","ast-breadcrumbs-content":"","ast-featured-img":"","footer-sml-layout":"","theme-transparent-header-meta":"","adv-header-id-meta":"","stick-header-meta":"","header-above-stick-meta":"","header-main-stick-meta":"","header-below-stick-meta":"","astra-migrate-meta-layouts":"default","ast-page-background-enabled":"default","ast-page-background-meta":{"desktop":{"background-color":"var(--ast-global-color-4)","background-image":"","background-repeat":"repeat","background-position":"center center","background-size":"auto","background-attachment":"scroll","background-type":"","background-media":"","overlay-type":"","overlay-color":"","overlay-opacity":"","overlay-gradient":""},"tablet":{"background-color":"","background-image":"","background-repeat":"repeat","background-position":"center center","background-size":"auto","background-attachment":"scroll","background-type":"","background-media":"","overlay-type":"","overlay-color":"","overlay-opacity":"","overlay-gradient":""},"mobile":{"background-color":"","background-image":"","background-repeat":"repeat","background-position":"center center","background-size":"auto","background-attachment":"scroll","background-type":"","background-media":"","overlay-type":"","overlay-color":"","overlay-opacity":"","overlay-gradient":""}},"ast-content-background-meta":{"desktop":{"background-color":"var(--ast-global-color-5)","background-image":"","background-repeat":"repeat","background-position":"center center","background-size":"auto","background-attachment":"scroll","background-type":"","background-media":"","overlay-type":"","overlay-color":"","overlay-opacity":"","overlay-gradient":""},"tablet":{"background-color":"var(--ast-global-color-5)","background-image":"","background-repeat":"repeat","background-position":"center center","background-size":"auto","background-attachment":"scroll","background-type":"","background-media":"","overlay-type":"","overlay-color":"","overlay-opacity":"","overlay-gradient":""},"mobile":{"background-color":"var(--ast-global-color-5)","background-image":"","background-repeat":"repeat","background-position":"center center","background-size":"auto","background-attachment":"scroll","background-type":"","background-media":"","overlay-type":"","overlay-color":"","overlay-opacity":"","overlay-gradient":""}},"footnotes":""},"categories":[8],"tags":[],"class_list":["post-483","post","type-post","status-publish","format-standard","has-post-thumbnail","hentry","category-noticias"],"_links":{"self":[{"href":"https:\/\/losperiodistas.com.mx\/portal\/wp-json\/wp\/v2\/posts\/483","targetHints":{"allow":["GET"]}}],"collection":[{"href":"https:\/\/losperiodistas.com.mx\/portal\/wp-json\/wp\/v2\/posts"}],"about":[{"href":"https:\/\/losperiodistas.com.mx\/portal\/wp-json\/wp\/v2\/types\/post"}],"author":[{"embeddable":true,"href":"https:\/\/losperiodistas.com.mx\/portal\/wp-json\/wp\/v2\/users\/1"}],"replies":[{"embeddable":true,"href":"https:\/\/losperiodistas.com.mx\/portal\/wp-json\/wp\/v2\/comments?post=483"}],"version-history":[{"count":1,"href":"https:\/\/losperiodistas.com.mx\/portal\/wp-json\/wp\/v2\/posts\/483\/revisions"}],"predecessor-version":[{"id":485,"href":"https:\/\/losperiodistas.com.mx\/portal\/wp-json\/wp\/v2\/posts\/483\/revisions\/485"}],"wp:featuredmedia":[{"embeddable":true,"href":"https:\/\/losperiodistas.com.mx\/portal\/wp-json\/wp\/v2\/media\/484"}],"wp:attachment":[{"href":"https:\/\/losperiodistas.com.mx\/portal\/wp-json\/wp\/v2\/media?parent=483"}],"wp:term":[{"taxonomy":"category","embeddable":true,"href":"https:\/\/losperiodistas.com.mx\/portal\/wp-json\/wp\/v2\/categories?post=483"},{"taxonomy":"post_tag","embeddable":true,"href":"https:\/\/losperiodistas.com.mx\/portal\/wp-json\/wp\/v2\/tags?post=483"}],"curies":[{"name":"wp","href":"https:\/\/api.w.org\/{rel}","templated":true}]}}