{"id":48280,"date":"2023-03-15T02:41:05","date_gmt":"2023-03-15T08:41:05","guid":{"rendered":"http:\/\/losperiodistas.com.mx\/portal\/?p=48280"},"modified":"2023-03-15T02:41:07","modified_gmt":"2023-03-15T08:41:07","slug":"el-regreso-de-edmundo-jacobo","status":"publish","type":"post","link":"https:\/\/losperiodistas.com.mx\/portal\/el-regreso-de-edmundo-jacobo\/","title":{"rendered":"El regreso de Edmundo Jacobo"},"content":{"rendered":"\n<p class=\"has-vivid-red-color has-text-color\" style=\"font-size:26px\"><strong><em>Por Humberto Aguilar Coronado*<\/em><\/strong><\/p>\n\n\n\n<p>Tal como lo anticipamos muchas veces, desde que fracas\u00f3 la intentona de L\u00f3pez Obrador de reformar la Constituci\u00f3n para contar con un \u00f3rgano electoral a modo en el proceso de sucesi\u00f3n del 2024, empieza a ser visible que el Plan B, esa arbitraria imposici\u00f3n de la mayor\u00eda irresponsable en el Congreso de la Uni\u00f3n, est\u00e1 plagada de inconstitucionalidades.<\/p>\n\n\n\n<p>Para muestra un bot\u00f3n: La Jueza Decimosegunda de Distrito en Materia Administrativa en la Ciudad de M\u00e9xico, determin\u00f3 otorgar la suspensi\u00f3n definitiva en el amparo indirecto promovido por el secretario ejecutivo del INE.<\/p>\n\n\n\n<p>Es decir, deja sin efectos, de manera temporal y hasta que se decida el fondo del asunto, el inconstitucional cese del secretario ejecutivo del Instituto Nacional Electoral provocado por la entrada en vigor del art\u00edculo 17 transitorio del decreto de reformas en materia electoral.<\/p>\n\n\n\n<p>En la sentencia de la Juez otorgante de la medida, se reconoce que la persona titular de la Secretar\u00eda Ejecutiva tiene un derecho que merece ser tutelado, mismo que se deriva de la licitud de su designaci\u00f3n como secretario ejecutivo de esta instituci\u00f3n y del respeto al andamiaje legal en el que funciona el INE y sobre el que fue designado.<\/p>\n\n\n\n<p>As\u00ed, la juzgadora deja en claro que las mayor\u00edas parlamentarias no pueden lesionar los derechos de las personas por la simple suma de sus votos, aunque los usen para complacer los caprichos del presidente y, demuestra tambi\u00e9n, que el sistema de divisi\u00f3n de poderes en M\u00e9xico funciona para contener las arbitrariedades derivadas de la borrachera del poder.<\/p>\n\n\n\n<p>El viernes 03 de marzo se los dijimos: \u201cEl cese del secretario ejecutivo es un acto de venganza y una expresi\u00f3n de odio irracional de los que, por supuesto, no razonan y solo saben obedecer.<\/p>\n\n\n\n<p>Es una medida injustificada, que muestra en todo su esplendor el sinsentido, la l\u00f3gica de la sin raz\u00f3n, y la soberbia de los enemigos de la democracia.<\/p>\n\n\n\n<p>Ya veo la expresi\u00f3n de gozo perverso y malsano, de los sujetos de MORENA y los incondicionales de L\u00f3pez Obrador, al ver un cese por control remoto, sin causas que lo expliquen, y sin fundamentos ni motivaciones, del secretario ejecutivo\u201d.<\/p>\n\n\n\n<p>Pasaron del gozo al pozo en menos de una semana.<\/p>\n\n\n\n<p>En democracia no puede haber leyes especiales que se dirijan a una sola persona, como la que pretend\u00eda cesar al secretario, ni pueden permitirse triqui\u00f1uelas legislativas para arrebatar al Consejo General la facultad de destituir al secretario ejecutivo que se deriva del texto de la Constituci\u00f3n.<\/p>\n\n\n\n<p>Enhorabuena al Ciudadano Edmundo Jacobo y a todos los integrantes del Consejo General por esta reincorporaci\u00f3n que detiene el manotazo autoritario del r\u00e9gimen y llena de esperanza y entusiasmo a los millones de mexicanos que estamos atentos a la suerte y al destino de esta instituci\u00f3n y de nuestra democracia.<\/p>\n\n\n\n<p>*Es Diputado Federal del PAN por el distrito 10 con cabecera en San Pedro Cholula<\/p>\n","protected":false},"excerpt":{"rendered":"<p>Por Humberto Aguilar Coronado* Tal como lo anticipamos muchas veces, desde que fracas\u00f3 la intentona de L\u00f3pez Obrador de reformar [&hellip;]<\/p>\n","protected":false},"author":1,"featured_media":48281,"comment_status":"open","ping_status":"open","sticky":false,"template":"","format":"standard","meta":{"site-sidebar-layout":"default","site-content-layout":"","ast-site-content-layout":"default","site-content-style":"default","site-sidebar-style":"default","ast-global-header-display":"","ast-banner-title-visibility":"","ast-main-header-display":"","ast-hfb-above-header-display":"","ast-hfb-below-header-display":"","ast-hfb-mobile-header-display":"","site-post-title":"","ast-breadcrumbs-content":"","ast-featured-img":"","footer-sml-layout":"","theme-transparent-header-meta":"","adv-header-id-meta":"","stick-header-meta":"","header-above-stick-meta":"","header-main-stick-meta":"","header-below-stick-meta":"","astra-migrate-meta-layouts":"default","ast-page-background-enabled":"default","ast-page-background-meta":{"desktop":{"background-color":"var(--ast-global-color-4)","background-image":"","background-repeat":"repeat","background-position":"center center","background-size":"auto","background-attachment":"scroll","background-type":"","background-media":"","overlay-type":"","overlay-color":"","overlay-opacity":"","overlay-gradient":""},"tablet":{"background-color":"","background-image":"","background-repeat":"repeat","background-position":"center center","background-size":"auto","background-attachment":"scroll","background-type":"","background-media":"","overlay-type":"","overlay-color":"","overlay-opacity":"","overlay-gradient":""},"mobile":{"background-color":"","background-image":"","background-repeat":"repeat","background-position":"center center","background-size":"auto","background-attachment":"scroll","background-type":"","background-media":"","overlay-type":"","overlay-color":"","overlay-opacity":"","overlay-gradient":""}},"ast-content-background-meta":{"desktop":{"background-color":"var(--ast-global-color-5)","background-image":"","background-repeat":"repeat","background-position":"center center","background-size":"auto","background-attachment":"scroll","background-type":"","background-media":"","overlay-type":"","overlay-color":"","overlay-opacity":"","overlay-gradient":""},"tablet":{"background-color":"var(--ast-global-color-5)","background-image":"","background-repeat":"repeat","background-position":"center center","background-size":"auto","background-attachment":"scroll","background-type":"","background-media":"","overlay-type":"","overlay-color":"","overlay-opacity":"","overlay-gradient":""},"mobile":{"background-color":"var(--ast-global-color-5)","background-image":"","background-repeat":"repeat","background-position":"center center","background-size":"auto","background-attachment":"scroll","background-type":"","background-media":"","overlay-type":"","overlay-color":"","overlay-opacity":"","overlay-gradient":""}},"footnotes":""},"categories":[8,18],"tags":[15536,885,14189],"class_list":["post-48280","post","type-post","status-publish","format-standard","has-post-thumbnail","hentry","category-noticias","category-palabra-de-tigre","tag-edmundo-jacobo","tag-ine","tag-plan-b"],"_links":{"self":[{"href":"https:\/\/losperiodistas.com.mx\/portal\/wp-json\/wp\/v2\/posts\/48280","targetHints":{"allow":["GET"]}}],"collection":[{"href":"https:\/\/losperiodistas.com.mx\/portal\/wp-json\/wp\/v2\/posts"}],"about":[{"href":"https:\/\/losperiodistas.com.mx\/portal\/wp-json\/wp\/v2\/types\/post"}],"author":[{"embeddable":true,"href":"https:\/\/losperiodistas.com.mx\/portal\/wp-json\/wp\/v2\/users\/1"}],"replies":[{"embeddable":true,"href":"https:\/\/losperiodistas.com.mx\/portal\/wp-json\/wp\/v2\/comments?post=48280"}],"version-history":[{"count":1,"href":"https:\/\/losperiodistas.com.mx\/portal\/wp-json\/wp\/v2\/posts\/48280\/revisions"}],"predecessor-version":[{"id":48282,"href":"https:\/\/losperiodistas.com.mx\/portal\/wp-json\/wp\/v2\/posts\/48280\/revisions\/48282"}],"wp:featuredmedia":[{"embeddable":true,"href":"https:\/\/losperiodistas.com.mx\/portal\/wp-json\/wp\/v2\/media\/48281"}],"wp:attachment":[{"href":"https:\/\/losperiodistas.com.mx\/portal\/wp-json\/wp\/v2\/media?parent=48280"}],"wp:term":[{"taxonomy":"category","embeddable":true,"href":"https:\/\/losperiodistas.com.mx\/portal\/wp-json\/wp\/v2\/categories?post=48280"},{"taxonomy":"post_tag","embeddable":true,"href":"https:\/\/losperiodistas.com.mx\/portal\/wp-json\/wp\/v2\/tags?post=48280"}],"curies":[{"name":"wp","href":"https:\/\/api.w.org\/{rel}","templated":true}]}}