{"id":48277,"date":"2023-03-15T02:32:09","date_gmt":"2023-03-15T08:32:09","guid":{"rendered":"http:\/\/losperiodistas.com.mx\/portal\/?p=48277"},"modified":"2023-03-15T02:32:11","modified_gmt":"2023-03-15T08:32:11","slug":"biden-firma-orden-ejecutiva-para-hacer-mas-estricta-la-venta-de-armas-la-jornada","status":"publish","type":"post","link":"https:\/\/losperiodistas.com.mx\/portal\/biden-firma-orden-ejecutiva-para-hacer-mas-estricta-la-venta-de-armas-la-jornada\/","title":{"rendered":"Biden firma orden ejecutiva para hacer m\u00e1s estricta la venta de armas\u00a0| La Jornada"},"content":{"rendered":"\n<figure class=\"wp-block-image size-full is-resized\"><img fetchpriority=\"high\" decoding=\"async\" src=\"https:\/\/losperiodistas.com.mx\/portal\/wp-content\/uploads\/2023\/03\/image_preview.jpeg\" alt=\"\" class=\"wp-image-48278\" width=\"836\" height=\"555\" srcset=\"https:\/\/losperiodistas.com.mx\/portal\/wp-content\/uploads\/2023\/03\/image_preview.jpeg 425w, https:\/\/losperiodistas.com.mx\/portal\/wp-content\/uploads\/2023\/03\/image_preview-300x199.jpeg 300w\" sizes=\"(max-width: 836px) 100vw, 836px\" \/><figcaption>Armer\u00eda de Maryland \/ Foto AFP<\/figcaption><\/figure>\n\n\n\n<p class=\"has-vivid-red-color has-text-color has-medium-font-size\"><strong>AFP \/ LA JORNADA<\/strong><\/p>\n\n\n\n<p><em>Monterey Park.<\/em>\u00a0El presidente Joe Biden anunci\u00f3 este martes una nueva salva de medidas para limitar la circulaci\u00f3n de las armas de fuego, pero record\u00f3 que el Congreso debe imponer restricciones contra los tiroteos que se suceden a\u00f1o tras a\u00f1o.<\/p>\n\n\n\n<p>En un tono sombr\u00edo, Biden se dirigi\u00f3 a la comunidad inmigrante de Monterey Park, en California, y record\u00f3 a cada una de las 11 v\u00edctimas de la matanza cometida el 21 de enero durante las celebraciones del A\u00f1o Nuevo Lunar.<\/p>\n\n\n\n<p>Record\u00f3 por ejemplo a la abuela que cantaba karaoke, la profesora de baile de 72 a\u00f1os del Star Ballroom donde ocurri\u00f3 la masacre o la mujer a la que le gustaba jugar a las cartas y compartir verduras de su huerta con sus vecinos y amigos. Intent\u00f3 as\u00ed personalizar para que las v\u00edctimas no queden reducidas a estad\u00edsticas que no paran de aumentar.<\/p>\n\n\n\n<p>Cuando dio paso a Brandon Tsay, el joven de 26 a\u00f1os que logr\u00f3 desarmar al tirador antes de que abriera fuego en un segundo sal\u00f3n de baile, el p\u00fablico estall\u00f3 en aplausos.<\/p>\n\n\n\n<figure class=\"wp-block-image\"><img decoding=\"async\" src=\"https:\/\/www.jornada.com.mx\/ultimas\/2023\/03\/14\/biden-firma-orden-ejecutiva-para-hacer-mas-estricta-la-venta-de-armas-8487.html\/joebiden4_ap.jpg-5710.html\" alt=\"\"\/><\/figure>\n\n\n\n<p>Foto: Ap<\/p>\n\n\n\n<p>Despu\u00e9s Biden inst\u00f3 al Congreso a asumir la \u00abresponsabilidad\u00bb y tomar medidas dr\u00e1sticas contra los rifles semiautom\u00e1ticos de estilo militar, que se usan con mayor frecuencia en tiroteos masivos.<\/p>\n\n\n\n<p>\u00abProh\u00edban las armas de asalto\u00bb, dijo, entre v\u00edtores de unas 200 personas. \u00abH\u00e1ganlo ahora. \u00a1Basta ya! Hagan algo. Hagan algo grande\u00bb, pidi\u00f3.<\/p>\n\n\n\n<p>Pero \u00e9l sabe que el Congreso est\u00e1 dividido, con un Senado en manos de los dem\u00f3cratas y la C\u00e1mara de Representantes bajo control de los republicanos. Y estos \u00faltimos han rechazado durante d\u00e9cadas leyes m\u00e1s estrictas sobre la compra de armas.<\/p>\n\n\n\n<h2 class=\"wp-block-heading\">Verificar antecedentes<\/h2>\n\n\n\n<p>La medida m\u00e1s importante de las promulgadas el martes es un decreto que endurece las normas sobre la verificaci\u00f3n de antecedentes.<\/p>\n\n\n\n<p>Las encuestas demuestran un apoyo popular abrumador a una regla general que requiere que se verifiquen los antecedentes penales de cualquier persona que compre un arma de fuego.<\/p>\n\n\n\n<p>Los congresistas republicanos se oponen alegando que merma el derecho constitucional a poseer armas y que deber\u00eda decidirlo cada estado en particular.<\/p>\n\n\n\n<p>En la actualidad solo los comerciantes con licencia federal, responsables de menos de la mitad de las ventas de armas, deben realizar verificaciones de antecedentes en todo el pa\u00eds, aunque algunos estados han impuesto requisitos adicionales.<\/p>\n\n\n\n<p>La medida de Biden ordena al fiscal general a tomar medidas dr\u00e1sticas contra los vendedores que incumplan los controles.<\/p>\n\n\n\n<p>\u00abEs solo sentido com\u00fan: verificar si alguien es un delincuente o un maltratador dom\u00e9stico antes de comprar un arma\u00bb, dijo el presidente.<\/p>\n\n\n\n<p>Seg\u00fan Biden el decreto u orden ejecutiva, que el presidente puede aplicar sin la aprobaci\u00f3n del Congreso, tambi\u00e9n apretar\u00e1 las tuercas a los traficantes de armas.<\/p>\n\n\n\n<p>Conducir\u00e1 a un estudio independiente que exponga \u00abc\u00f3mo los fabricantes de armas comercializan agresivamente armas de fuego entre civiles, especialmente menores de edad, incluso mediante el uso de im\u00e1genes militares\u00bb, afirm\u00f3.<\/p>\n\n\n\n<p>El fiscal general tambi\u00e9n deber\u00e1 publicar informes oficiales que nombran a los traficantes de armas de fuego que violan las leyes.<\/p>\n\n\n\n<p>La t\u00e1ctica del nombre y la verg\u00fcenza ayudar\u00e1 a los congresistas a \u00abtomar medidas en\u00e9rgicas\u00bb, estim\u00f3 el presidente dem\u00f3crata.<\/p>\n\n\n\n<p>Seg\u00fan el recuento de Gun Violence Archive, 8.415 personas han muerto por armas de fuego en lo que va del a\u00f1o en Estados Unidos, m\u00e1s de la mitad de ellas por suicidio.<\/p>\n\n\n\n<p>El sitio registr\u00f3 durante el mismo per\u00edodo 110 tiroteos que hirieron o mataron a por lo menos cuatro personas, sin incluir al tirador.<\/p>\n\n\n\n<p>Fuente: <a href=\"https:\/\/www.jornada.com.mx\/notas\/2023\/03\/14\/mundo\/biden-firma-orden-ejecutiva-para-hacer-mas-estricta-la-venta-de-armas\/?from=homeonline&amp;block=primeraojeada\">https:\/\/www.jornada.com.mx\/notas\/2023\/03\/14\/mundo\/biden-firma-orden-ejecutiva-para-hacer-mas-estricta-la-venta-de-armas\/?from=homeonline&amp;block=primeraojeada<\/a><\/p>\n","protected":false},"excerpt":{"rendered":"<p>AFP \/ LA JORNADA Monterey Park.\u00a0El presidente Joe Biden anunci\u00f3 este martes una nueva salva de medidas para limitar la [&hellip;]<\/p>\n","protected":false},"author":1,"featured_media":48278,"comment_status":"open","ping_status":"open","sticky":false,"template":"","format":"standard","meta":{"site-sidebar-layout":"default","site-content-layout":"","ast-site-content-layout":"default","site-content-style":"default","site-sidebar-style":"default","ast-global-header-display":"","ast-banner-title-visibility":"","ast-main-header-display":"","ast-hfb-above-header-display":"","ast-hfb-below-header-display":"","ast-hfb-mobile-header-display":"","site-post-title":"","ast-breadcrumbs-content":"","ast-featured-img":"","footer-sml-layout":"","theme-transparent-header-meta":"","adv-header-id-meta":"","stick-header-meta":"","header-above-stick-meta":"","header-main-stick-meta":"","header-below-stick-meta":"","astra-migrate-meta-layouts":"default","ast-page-background-enabled":"default","ast-page-background-meta":{"desktop":{"background-color":"var(--ast-global-color-4)","background-image":"","background-repeat":"repeat","background-position":"center center","background-size":"auto","background-attachment":"scroll","background-type":"","background-media":"","overlay-type":"","overlay-color":"","overlay-opacity":"","overlay-gradient":""},"tablet":{"background-color":"","background-image":"","background-repeat":"repeat","background-position":"center center","background-size":"auto","background-attachment":"scroll","background-type":"","background-media":"","overlay-type":"","overlay-color":"","overlay-opacity":"","overlay-gradient":""},"mobile":{"background-color":"","background-image":"","background-repeat":"repeat","background-position":"center center","background-size":"auto","background-attachment":"scroll","background-type":"","background-media":"","overlay-type":"","overlay-color":"","overlay-opacity":"","overlay-gradient":""}},"ast-content-background-meta":{"desktop":{"background-color":"var(--ast-global-color-5)","background-image":"","background-repeat":"repeat","background-position":"center center","background-size":"auto","background-attachment":"scroll","background-type":"","background-media":"","overlay-type":"","overlay-color":"","overlay-opacity":"","overlay-gradient":""},"tablet":{"background-color":"var(--ast-global-color-5)","background-image":"","background-repeat":"repeat","background-position":"center center","background-size":"auto","background-attachment":"scroll","background-type":"","background-media":"","overlay-type":"","overlay-color":"","overlay-opacity":"","overlay-gradient":""},"mobile":{"background-color":"var(--ast-global-color-5)","background-image":"","background-repeat":"repeat","background-position":"center center","background-size":"auto","background-attachment":"scroll","background-type":"","background-media":"","overlay-type":"","overlay-color":"","overlay-opacity":"","overlay-gradient":""}},"footnotes":""},"categories":[8],"tags":[14573,15552,4025,15553],"class_list":["post-48277","post","type-post","status-publish","format-standard","has-post-thumbnail","hentry","category-noticias","tag-armas-de-fuego","tag-decreto-joe-biden","tag-estados-unidos","tag-mexico-armas"],"_links":{"self":[{"href":"https:\/\/losperiodistas.com.mx\/portal\/wp-json\/wp\/v2\/posts\/48277","targetHints":{"allow":["GET"]}}],"collection":[{"href":"https:\/\/losperiodistas.com.mx\/portal\/wp-json\/wp\/v2\/posts"}],"about":[{"href":"https:\/\/losperiodistas.com.mx\/portal\/wp-json\/wp\/v2\/types\/post"}],"author":[{"embeddable":true,"href":"https:\/\/losperiodistas.com.mx\/portal\/wp-json\/wp\/v2\/users\/1"}],"replies":[{"embeddable":true,"href":"https:\/\/losperiodistas.com.mx\/portal\/wp-json\/wp\/v2\/comments?post=48277"}],"version-history":[{"count":1,"href":"https:\/\/losperiodistas.com.mx\/portal\/wp-json\/wp\/v2\/posts\/48277\/revisions"}],"predecessor-version":[{"id":48279,"href":"https:\/\/losperiodistas.com.mx\/portal\/wp-json\/wp\/v2\/posts\/48277\/revisions\/48279"}],"wp:featuredmedia":[{"embeddable":true,"href":"https:\/\/losperiodistas.com.mx\/portal\/wp-json\/wp\/v2\/media\/48278"}],"wp:attachment":[{"href":"https:\/\/losperiodistas.com.mx\/portal\/wp-json\/wp\/v2\/media?parent=48277"}],"wp:term":[{"taxonomy":"category","embeddable":true,"href":"https:\/\/losperiodistas.com.mx\/portal\/wp-json\/wp\/v2\/categories?post=48277"},{"taxonomy":"post_tag","embeddable":true,"href":"https:\/\/losperiodistas.com.mx\/portal\/wp-json\/wp\/v2\/tags?post=48277"}],"curies":[{"name":"wp","href":"https:\/\/api.w.org\/{rel}","templated":true}]}}