{"id":48273,"date":"2023-03-15T02:21:18","date_gmt":"2023-03-15T08:21:18","guid":{"rendered":"http:\/\/losperiodistas.com.mx\/portal\/?p=48273"},"modified":"2023-03-15T02:21:20","modified_gmt":"2023-03-15T08:21:20","slug":"ken-salazar-asegura-que-eu-inicio-la-lucha-contra-el-fentanilo-y-trafico-de-armas-el-financiero","status":"publish","type":"post","link":"https:\/\/losperiodistas.com.mx\/portal\/ken-salazar-asegura-que-eu-inicio-la-lucha-contra-el-fentanilo-y-trafico-de-armas-el-financiero\/","title":{"rendered":"Ken Salazar asegura que EU inici\u00f3 la lucha contra el fentanilo y tr\u00e1fico de armas| El Financiero"},"content":{"rendered":"\n<h2 class=\"has-light-green-cyan-background-color has-background has-medium-font-size wp-block-heading\">Ken Salazar record\u00f3 los esfuerzos de los gobiernos de M\u00e9xico y Estados Unidos contra el fentanilo y el tr\u00e1fico de armas.<\/h2>\n\n\n\n<figure class=\"wp-block-image size-large\"><img fetchpriority=\"high\" decoding=\"async\" width=\"1024\" height=\"577\" src=\"https:\/\/losperiodistas.com.mx\/portal\/wp-content\/uploads\/2023\/03\/Captura-de-pantalla-2023-03-15-a-las-2.12.34-1024x577.jpg\" alt=\"\" class=\"wp-image-48275\" srcset=\"https:\/\/losperiodistas.com.mx\/portal\/wp-content\/uploads\/2023\/03\/Captura-de-pantalla-2023-03-15-a-las-2.12.34-1024x577.jpg 1024w, https:\/\/losperiodistas.com.mx\/portal\/wp-content\/uploads\/2023\/03\/Captura-de-pantalla-2023-03-15-a-las-2.12.34-300x169.jpg 300w, https:\/\/losperiodistas.com.mx\/portal\/wp-content\/uploads\/2023\/03\/Captura-de-pantalla-2023-03-15-a-las-2.12.34-768x433.jpg 768w, https:\/\/losperiodistas.com.mx\/portal\/wp-content\/uploads\/2023\/03\/Captura-de-pantalla-2023-03-15-a-las-2.12.34-1536x866.jpg 1536w, https:\/\/losperiodistas.com.mx\/portal\/wp-content\/uploads\/2023\/03\/Captura-de-pantalla-2023-03-15-a-las-2.12.34.jpg 1632w\" sizes=\"(max-width: 1024px) 100vw, 1024px\" \/><figcaption>Ken Salazar destac\u00f3 las medidas de Biden en la lucha contra el fentanilo.\u00a0(Shutterstock | cuartoscuro)<\/figcaption><\/figure>\n\n\n\n<p class=\"has-vivid-red-color has-text-color has-medium-font-size\"><strong>REDACCI\u00d3N EL FINANCIERO<\/strong><\/p>\n\n\n\n<p><a href=\"https:\/\/www.elfinanciero.com.mx\/nacional\/2023\/03\/13\/inquietudes-y-desacuerdos-no-rompen-la-unidad-de-mexico-y-eua-ken-salazar\/\" target=\"_blank\" rel=\"noreferrer noopener\">Ken Salazar, embajador de Estados Unidos en M\u00e9xico<\/a>, defendi\u00f3 la lucha que lleva el pa\u00eds gobernado por<strong>&nbsp;Joe Biden contra el tr\u00e1fico ilegal de fentanilo<\/strong>, misma que ha sido pol\u00e9mica en semanas recientes, luego de que el presidente&nbsp;<a href=\"https:\/\/www.elfinanciero.com.mx\/nacional\/2023\/03\/14\/mexico-es-mas-seguro-que-eu-como-dice-amlo-estas-son-sus-ciudades-mas-violentas\/\" target=\"_blank\" rel=\"noreferrer noopener\">Andr\u00e9s Manuel L\u00f3pez Obrador se\u00f1alara que el asunto es \u00fanicamente problema<\/a>&nbsp;de los vecinos del norte.<\/p>\n\n\n\n<p>A trav\u00e9s de un comunicado, Salazar destac\u00f3 las acciones de gobierno de Biden contra el consumo de fentanilo,\u00a0<strong>as\u00ed como para atrapar a c\u00e1rteles y personas implicadas en el tr\u00e1fico de la droga sint\u00e9tica<\/strong>\u00a0que mata a decenas de miles de personas al a\u00f1o.<\/p>\n\n\n\n<p>En medio de la pol\u00e9mica sobre c\u00f3mo enfrentar a los c\u00e1rteles mexicanos, que dio como resultado<strong>&nbsp;la iniciativa republicana para que el ej\u00e9rcito estadounidense entre a M\u00e9xico<\/strong>, el embajador rescat\u00f3 la uni\u00f3n entre ambos pa\u00edses. Adem\u00e1s, el comunicado llega un d\u00eda despu\u00e9s de que&nbsp;<a href=\"https:\/\/www.elfinanciero.com.mx\/nacional\/2023\/03\/13\/amlo-mananera-temas-hoy-13-de-marzo-2023-en-vivo\/\" target=\"_blank\" rel=\"noreferrer noopener\">L\u00f3pez Obrador anunciara que recibi\u00f3 una carta de Joe Biden<\/a>&nbsp;en la que se se\u00f1ala el respeto a la soberan\u00eda nacional, contrario a lo sugerido por funcionarios como Dan Crenshaw y Wiliam Barr.<\/p>\n\n\n\n<p><a href=\"https:\/\/www.elfinanciero.com.mx\/nacional\/2023\/03\/12\/trafico-de-fentanilo-asi-es-como-los-criminales-mexicanos-obtienen-los-precursores-de-esta-droga\/\" target=\"_blank\" rel=\"noreferrer noopener\">\u201cLa lucha contra el tr\u00e1fico ilegal de fentanilo y armas la iniciamos en casa\u201d<\/a>, se titula la misiva de Salazar que destaca la<strong>&nbsp;destinaci\u00f3n de 42 mil millones de d\u00f3lares para fortalecer la pol\u00edtica de drogas de Estados Unidos<\/strong>, as\u00ed como la uni\u00f3n de esfuerzos de M\u00e9xico y Estados Unidos pactada en la Cumbre de L\u00edderes de Am\u00e9rica del Norte, realizada en enero.<\/p>\n\n\n\n<h2 class=\"wp-block-heading\">\u00bfC\u00f3mo ha combatido Joe Biden el tr\u00e1fico de fentanilo?<\/h2>\n\n\n\n<ul class=\"wp-block-list\"><li>Propuesta presupuestal para el a\u00f1o fiscal 2023 que incluye una inversi\u00f3n de\u00a0<strong>42 mil millones de d\u00f3lares para vencer la \u201cpandemia de sobredosis\u201d.<\/strong><\/li><li>Plan de rescate que consiste en una\u00a0<strong>inversi\u00f3n de 5 mil millones de d\u00f3lares en servicios de adicci\u00f3n y salud mental<\/strong>, as\u00ed como una inversi\u00f3n hist\u00f3rica de 30 millones de d\u00f3lares en \u201creducci\u00f3n de da\u00f1os\u201d.<\/li><li>Inversi\u00f3n de m\u00e1s de\u00a0<strong>25 mil millones de d\u00f3lares en tratamientos para adicciones<\/strong>\u00a0e interdicci\u00f3n de narc\u00f3ticos il\u00edcitos.<\/li><li>Inversi\u00f3n de<strong>\u00a093 millones de d\u00f3lares en el programa Comunidades Libres de Drogas<\/strong>, mismo que se encarga de atender a alrededor de 57 millones de habitantes.<\/li><li>La ley bipartidista de comunidades m\u00e1s seguras, que tipifica al tr\u00e1fico de armas como delito\u00a0<strong>con sanciones de hasta 25 a\u00f1os de c\u00e1rcel<\/strong>.<\/li><li>Se increment\u00f3 el<a href=\"https:\/\/www.elfinanciero.com.mx\/nacional\/2023\/03\/10\/ebrard-responde-a-propuesta-de-barr-mexico-es-socio-clave-de-eu-y-merece-respeto\/\" target=\"_blank\" rel=\"noreferrer noopener\">\u00a0decomiso de armas de fuego con direcci\u00f3n a M\u00e9xico\u00a0<\/a>en un 300 por ciento.\u00a0<strong>A\u00f1o con a\u00f1o se decomisan m\u00e1s de 600 mil armas.<\/strong><\/li><\/ul>\n\n\n\n<p>Fuente: <a href=\"https:\/\/www.elfinanciero.com.mx\/nacional\/2023\/03\/14\/ken-salazar-asegura-que-eu-inicio-la-lucha-contra-el-fentanilo-y-trafico-de-armas\/\">https:\/\/www.elfinanciero.com.mx\/nacional\/2023\/03\/14\/ken-salazar-asegura-que-eu-inicio-la-lucha-contra-el-fentanilo-y-trafico-de-armas\/<\/a><\/p>\n","protected":false},"excerpt":{"rendered":"<p>Ken Salazar record\u00f3 los esfuerzos de los gobiernos de M\u00e9xico y Estados Unidos contra el fentanilo y el tr\u00e1fico de [&hellip;]<\/p>\n","protected":false},"author":1,"featured_media":48275,"comment_status":"open","ping_status":"open","sticky":false,"template":"","format":"standard","meta":{"site-sidebar-layout":"default","site-content-layout":"","ast-site-content-layout":"default","site-content-style":"default","site-sidebar-style":"default","ast-global-header-display":"","ast-banner-title-visibility":"","ast-main-header-display":"","ast-hfb-above-header-display":"","ast-hfb-below-header-display":"","ast-hfb-mobile-header-display":"","site-post-title":"","ast-breadcrumbs-content":"","ast-featured-img":"","footer-sml-layout":"","theme-transparent-header-meta":"","adv-header-id-meta":"","stick-header-meta":"","header-above-stick-meta":"","header-main-stick-meta":"","header-below-stick-meta":"","astra-migrate-meta-layouts":"default","ast-page-background-enabled":"default","ast-page-background-meta":{"desktop":{"background-color":"var(--ast-global-color-4)","background-image":"","background-repeat":"repeat","background-position":"center center","background-size":"auto","background-attachment":"scroll","background-type":"","background-media":"","overlay-type":"","overlay-color":"","overlay-opacity":"","overlay-gradient":""},"tablet":{"background-color":"","background-image":"","background-repeat":"repeat","background-position":"center center","background-size":"auto","background-attachment":"scroll","background-type":"","background-media":"","overlay-type":"","overlay-color":"","overlay-opacity":"","overlay-gradient":""},"mobile":{"background-color":"","background-image":"","background-repeat":"repeat","background-position":"center center","background-size":"auto","background-attachment":"scroll","background-type":"","background-media":"","overlay-type":"","overlay-color":"","overlay-opacity":"","overlay-gradient":""}},"ast-content-background-meta":{"desktop":{"background-color":"var(--ast-global-color-5)","background-image":"","background-repeat":"repeat","background-position":"center center","background-size":"auto","background-attachment":"scroll","background-type":"","background-media":"","overlay-type":"","overlay-color":"","overlay-opacity":"","overlay-gradient":""},"tablet":{"background-color":"var(--ast-global-color-5)","background-image":"","background-repeat":"repeat","background-position":"center center","background-size":"auto","background-attachment":"scroll","background-type":"","background-media":"","overlay-type":"","overlay-color":"","overlay-opacity":"","overlay-gradient":""},"mobile":{"background-color":"var(--ast-global-color-5)","background-image":"","background-repeat":"repeat","background-position":"center center","background-size":"auto","background-attachment":"scroll","background-type":"","background-media":"","overlay-type":"","overlay-color":"","overlay-opacity":"","overlay-gradient":""}},"footnotes":""},"categories":[8],"tags":[11045,15551,696,2901],"class_list":["post-48273","post","type-post","status-publish","format-standard","has-post-thumbnail","hentry","category-noticias","tag-armas-mexico","tag-fentanilo-eeuu","tag-joe-biden","tag-ken-salazar"],"_links":{"self":[{"href":"https:\/\/losperiodistas.com.mx\/portal\/wp-json\/wp\/v2\/posts\/48273","targetHints":{"allow":["GET"]}}],"collection":[{"href":"https:\/\/losperiodistas.com.mx\/portal\/wp-json\/wp\/v2\/posts"}],"about":[{"href":"https:\/\/losperiodistas.com.mx\/portal\/wp-json\/wp\/v2\/types\/post"}],"author":[{"embeddable":true,"href":"https:\/\/losperiodistas.com.mx\/portal\/wp-json\/wp\/v2\/users\/1"}],"replies":[{"embeddable":true,"href":"https:\/\/losperiodistas.com.mx\/portal\/wp-json\/wp\/v2\/comments?post=48273"}],"version-history":[{"count":1,"href":"https:\/\/losperiodistas.com.mx\/portal\/wp-json\/wp\/v2\/posts\/48273\/revisions"}],"predecessor-version":[{"id":48276,"href":"https:\/\/losperiodistas.com.mx\/portal\/wp-json\/wp\/v2\/posts\/48273\/revisions\/48276"}],"wp:featuredmedia":[{"embeddable":true,"href":"https:\/\/losperiodistas.com.mx\/portal\/wp-json\/wp\/v2\/media\/48275"}],"wp:attachment":[{"href":"https:\/\/losperiodistas.com.mx\/portal\/wp-json\/wp\/v2\/media?parent=48273"}],"wp:term":[{"taxonomy":"category","embeddable":true,"href":"https:\/\/losperiodistas.com.mx\/portal\/wp-json\/wp\/v2\/categories?post=48273"},{"taxonomy":"post_tag","embeddable":true,"href":"https:\/\/losperiodistas.com.mx\/portal\/wp-json\/wp\/v2\/tags?post=48273"}],"curies":[{"name":"wp","href":"https:\/\/api.w.org\/{rel}","templated":true}]}}