{"id":48196,"date":"2023-03-13T08:10:28","date_gmt":"2023-03-13T14:10:28","guid":{"rendered":"http:\/\/losperiodistas.com.mx\/portal\/?p=48196"},"modified":"2023-03-13T08:10:30","modified_gmt":"2023-03-13T14:10:30","slug":"monologos-de-menade-america-rosas-y-su-familia-de-investigadores","status":"publish","type":"post","link":"https:\/\/losperiodistas.com.mx\/portal\/monologos-de-menade-america-rosas-y-su-familia-de-investigadores\/","title":{"rendered":"Mon\u00f3logos de M\u00e9nade | Am\u00e9rica Rosas y su familia de investigadores"},"content":{"rendered":"\n<figure class=\"wp-block-image size-large is-style-default\"><img fetchpriority=\"high\" decoding=\"async\" width=\"1024\" height=\"576\" src=\"https:\/\/losperiodistas.com.mx\/portal\/wp-content\/uploads\/2023\/03\/America-Rosas-y-su-familia-de-investigadores-1024x576.jpg\" alt=\"\" class=\"wp-image-48197\" srcset=\"https:\/\/losperiodistas.com.mx\/portal\/wp-content\/uploads\/2023\/03\/America-Rosas-y-su-familia-de-investigadores-1024x576.jpg 1024w, https:\/\/losperiodistas.com.mx\/portal\/wp-content\/uploads\/2023\/03\/America-Rosas-y-su-familia-de-investigadores-300x169.jpg 300w, https:\/\/losperiodistas.com.mx\/portal\/wp-content\/uploads\/2023\/03\/America-Rosas-y-su-familia-de-investigadores-768x432.jpg 768w, https:\/\/losperiodistas.com.mx\/portal\/wp-content\/uploads\/2023\/03\/America-Rosas-y-su-familia-de-investigadores.jpg 1200w\" sizes=\"(max-width: 1024px) 100vw, 1024px\" \/><\/figure>\n\n\n\n<p><\/p>\n\n\n\n<p class=\"has-vivid-red-color has-text-color\" style=\"font-size:26px\"><strong><em>Por Itandehui Rodr\u00edguez<\/em><\/strong><\/p>\n\n\n\n<p>@Itandehui_RoMa<\/p>\n\n\n\n<p>Si pueden comp\u00e1rtanle esta columna a las nuevas Secretar\u00edas de Igualdad Sustantiva y a la de Educaci\u00f3n P\u00fablica del Gobierno de Puebla, porque la informaci\u00f3n que est\u00e1n por leer les interesa, les s\u00faper interesa. Melva Navarro e Isabel Merlo, ojo aqu\u00ed.<\/p>\n\n\n\n<p>Cu\u00e1ndo se llega a ocupar una casa nueva\u2026 o usada, hay que darle una \u201climpiadita\u201d, barrer, trapear, encerar y pulir al estilo de \u201cDaniel San\u201d. Por supuesto revisar debajo de las alfombras despu\u00e9s de aspirar, para hacer una limpieza profunda. Por aquello de los \u00e1caros, las liendres y los aviadores\u2026<\/p>\n\n\n\n<p>Pues eso tienen que hacer las nuevas titulares de la SEP y la SIS, Isabel Merlo y Melva Navarro, darle una revisada \u201cdebajo\u201d de las alfombras. Y es que su antecesora, Am\u00e9rica Rosas Tapia, les dej\u00f3 unos regalitos.<\/p>\n\n\n\n<p>Recuerden que en esta columna, nos gusta el chisme y ah\u00ed les va el \u00faltimo que me contaron.<\/p>\n\n\n\n<p>La familia Rosas Tapia no solo es grande, adem\u00e1s es de personas muy preparadas, investigadores en su mayor\u00eda. No, no como Sherlock Holmes o como Gadget. Mejor sigan leyendo.<\/p>\n\n\n\n<p>Esta historia se remonta al paso de la ex titular por la Secretar\u00eda de Educaci\u00f3n P\u00fablica por la Subsecretar\u00eda de Educaci\u00f3n Superior de la&nbsp;<a href=\"https:\/\/sep.puebla.gob.mx\/\" target=\"_blank\" rel=\"noreferrer noopener\">SEP<\/a>&nbsp;y es que, Am\u00e9rica Rosas fue Subsecretaria de Educaci\u00f3n Superior, como recordar\u00e1n.<\/p>\n\n\n\n<p>Am\u00e9rica Rosas cuenta con una plaza Tipo C, mismas que corresponden a docentes investigadores. Gracioso\u2026 pero no gracioso de risa, gracioso de raro. Curiosamente, la asignaci\u00f3n de este tipo de plazas corresponde a la Subsecretar\u00eda que ella encabez\u00f3.<\/p>\n\n\n\n<p>Pero aqu\u00ed no para la cosa, dos de sus hermanos tambi\u00e9n tienen plazas de investigadores, Jos\u00e9 Juan y Juan Manuel Rosas Tapia.<\/p>\n\n\n\n<p>Gracioso\u2026 pero no gracioso de risa, gracioso de raro.<\/p>\n\n\n\n<p>Mientras pas\u00f3 por esa dependencia tuvo el apoyo de un staff compuesto por 10 personas que percib\u00edan sueldos superiores a los 25 mil pesos. Cabe resaltar que algunas de estas personas presentaron una denuncia en contra de la exfuncionaria porque aseguran que les ped\u00eda una parte de su sueldo. Les ped\u00eda moche, dir\u00edan por ah\u00ed. Gracioso, pero no gracioso de risa\u2026<\/p>\n\n\n\n<p>A las personas que no la denunciaron, se las llev\u00f3 a la SIS, entonces cobraban dos plazas. Una por honorarios profesionales como eventuales y otra como empleados de confianza\u2026 gracioso de raro.<\/p>\n\n\n\n<p>A las plazas Tipo C para investigadores de las que gozan Am\u00e9rica, Jos\u00e9 Juan y Juan Manuel, hay que sumar la de Omar Momox. Preguntar\u00e1n \u00bfqui\u00e9n es Omar Momox? Pues dicen los que dicen que saben, que era el particular de la ex secretaria de Igualdad Sustantiva.<\/p>\n\n\n\n<p>Todos familia, todos cercanos\u2026 todos docentes investigadores.<\/p>\n\n\n\n<p>Aqu\u00ed quiero hacer un par\u00e9ntesis y una petici\u00f3n, porque como buena \u201cstalker\u201d que soy, soy una gran investigadora. Creo que puedo cumplir mejor con el perfil para que me \u201crolen\u201d una de esas plazas, \u00bfno?<\/p>\n\n\n\n<p>Es importante recordar que durante el paso de Melit\u00f3n Lozano por la SEP \u201csupuestamente\u201d se revisaron estos casos y se retiraron plazas a personas que no cumpl\u00edan con el perfil. S\u00ed a Usted, se\u00f1ora, se\u00f1or, se\u00f1ore, le quitaron una plaza Tipo C y le parece injusto, recuerde que esa revisi\u00f3n no le hizo ni cosquillas a los Rosas Tapia.<\/p>\n\n\n\n<p>El caso es que, entre que son peras o manzanas, las secretarias reci\u00e9n nombradas, deber\u00e1n hacer una revisi\u00f3n exhaustiva de sus plantillas de personal, o les van a \u201cmeter unos golazos\u201d.<\/p>\n\n\n\n<p>Si seguimos rascando, van a aparecer las primas y las t\u00edas, \u00bfa poco no?<\/p>\n","protected":false},"excerpt":{"rendered":"<p>Por Itandehui Rodr\u00edguez @Itandehui_RoMa Si pueden comp\u00e1rtanle esta columna a las nuevas Secretar\u00edas de Igualdad Sustantiva y a la de [&hellip;]<\/p>\n","protected":false},"author":1,"featured_media":48197,"comment_status":"open","ping_status":"open","sticky":false,"template":"","format":"standard","meta":{"site-sidebar-layout":"default","site-content-layout":"","ast-site-content-layout":"default","site-content-style":"default","site-sidebar-style":"default","ast-global-header-display":"","ast-banner-title-visibility":"","ast-main-header-display":"","ast-hfb-above-header-display":"","ast-hfb-below-header-display":"","ast-hfb-mobile-header-display":"","site-post-title":"","ast-breadcrumbs-content":"","ast-featured-img":"","footer-sml-layout":"","theme-transparent-header-meta":"","adv-header-id-meta":"","stick-header-meta":"","header-above-stick-meta":"","header-main-stick-meta":"","header-below-stick-meta":"","astra-migrate-meta-layouts":"default","ast-page-background-enabled":"default","ast-page-background-meta":{"desktop":{"background-color":"var(--ast-global-color-4)","background-image":"","background-repeat":"repeat","background-position":"center center","background-size":"auto","background-attachment":"scroll","background-type":"","background-media":"","overlay-type":"","overlay-color":"","overlay-opacity":"","overlay-gradient":""},"tablet":{"background-color":"","background-image":"","background-repeat":"repeat","background-position":"center center","background-size":"auto","background-attachment":"scroll","background-type":"","background-media":"","overlay-type":"","overlay-color":"","overlay-opacity":"","overlay-gradient":""},"mobile":{"background-color":"","background-image":"","background-repeat":"repeat","background-position":"center center","background-size":"auto","background-attachment":"scroll","background-type":"","background-media":"","overlay-type":"","overlay-color":"","overlay-opacity":"","overlay-gradient":""}},"ast-content-background-meta":{"desktop":{"background-color":"var(--ast-global-color-5)","background-image":"","background-repeat":"repeat","background-position":"center center","background-size":"auto","background-attachment":"scroll","background-type":"","background-media":"","overlay-type":"","overlay-color":"","overlay-opacity":"","overlay-gradient":""},"tablet":{"background-color":"var(--ast-global-color-5)","background-image":"","background-repeat":"repeat","background-position":"center center","background-size":"auto","background-attachment":"scroll","background-type":"","background-media":"","overlay-type":"","overlay-color":"","overlay-opacity":"","overlay-gradient":""},"mobile":{"background-color":"var(--ast-global-color-5)","background-image":"","background-repeat":"repeat","background-position":"center center","background-size":"auto","background-attachment":"scroll","background-type":"","background-media":"","overlay-type":"","overlay-color":"","overlay-opacity":"","overlay-gradient":""}},"footnotes":""},"categories":[8,22],"tags":[15360,15490,15533,12895],"class_list":["post-48196","post","type-post","status-publish","format-standard","has-post-thumbnail","hentry","category-noticias","category-opinion-invitada","tag-america-rosas","tag-isabel-merlo","tag-melva-navarro","tag-politica-puebla"],"_links":{"self":[{"href":"https:\/\/losperiodistas.com.mx\/portal\/wp-json\/wp\/v2\/posts\/48196","targetHints":{"allow":["GET"]}}],"collection":[{"href":"https:\/\/losperiodistas.com.mx\/portal\/wp-json\/wp\/v2\/posts"}],"about":[{"href":"https:\/\/losperiodistas.com.mx\/portal\/wp-json\/wp\/v2\/types\/post"}],"author":[{"embeddable":true,"href":"https:\/\/losperiodistas.com.mx\/portal\/wp-json\/wp\/v2\/users\/1"}],"replies":[{"embeddable":true,"href":"https:\/\/losperiodistas.com.mx\/portal\/wp-json\/wp\/v2\/comments?post=48196"}],"version-history":[{"count":1,"href":"https:\/\/losperiodistas.com.mx\/portal\/wp-json\/wp\/v2\/posts\/48196\/revisions"}],"predecessor-version":[{"id":48198,"href":"https:\/\/losperiodistas.com.mx\/portal\/wp-json\/wp\/v2\/posts\/48196\/revisions\/48198"}],"wp:featuredmedia":[{"embeddable":true,"href":"https:\/\/losperiodistas.com.mx\/portal\/wp-json\/wp\/v2\/media\/48197"}],"wp:attachment":[{"href":"https:\/\/losperiodistas.com.mx\/portal\/wp-json\/wp\/v2\/media?parent=48196"}],"wp:term":[{"taxonomy":"category","embeddable":true,"href":"https:\/\/losperiodistas.com.mx\/portal\/wp-json\/wp\/v2\/categories?post=48196"},{"taxonomy":"post_tag","embeddable":true,"href":"https:\/\/losperiodistas.com.mx\/portal\/wp-json\/wp\/v2\/tags?post=48196"}],"curies":[{"name":"wp","href":"https:\/\/api.w.org\/{rel}","templated":true}]}}