{"id":48186,"date":"2023-03-13T07:37:43","date_gmt":"2023-03-13T13:37:43","guid":{"rendered":"http:\/\/losperiodistas.com.mx\/portal\/?p=48186"},"modified":"2023-03-13T07:38:28","modified_gmt":"2023-03-13T13:38:28","slug":"gustavo-de-hoyos-se-destapa-para-2024","status":"publish","type":"post","link":"https:\/\/losperiodistas.com.mx\/portal\/gustavo-de-hoyos-se-destapa-para-2024\/","title":{"rendered":"Gustavo de Hoyos se destapa para 2024"},"content":{"rendered":"\n<p class=\"has-luminous-vivid-amber-background-color has-background has-medium-font-size\">Empresario declara a Ciro G\u00f3mez Leyva su deseo de competir por la candidatura a Presidente de M\u00e9xico en 2024<\/p>\n\n\n\n<figure class=\"wp-block-image size-full is-style-default\"><img fetchpriority=\"high\" decoding=\"async\" width=\"1010\" height=\"842\" src=\"https:\/\/losperiodistas.com.mx\/portal\/wp-content\/uploads\/2023\/03\/Captura-de-Pantalla-2023-03-13-a-las-7.31.53.jpg\" alt=\"\" class=\"wp-image-48187\" srcset=\"https:\/\/losperiodistas.com.mx\/portal\/wp-content\/uploads\/2023\/03\/Captura-de-Pantalla-2023-03-13-a-las-7.31.53.jpg 1010w, https:\/\/losperiodistas.com.mx\/portal\/wp-content\/uploads\/2023\/03\/Captura-de-Pantalla-2023-03-13-a-las-7.31.53-300x250.jpg 300w, https:\/\/losperiodistas.com.mx\/portal\/wp-content\/uploads\/2023\/03\/Captura-de-Pantalla-2023-03-13-a-las-7.31.53-768x640.jpg 768w\" sizes=\"(max-width: 1010px) 100vw, 1010px\" \/><\/figure>\n\n\n\n<p><\/p>\n\n\n\n<p>Gustavo de Hoyos da por hecho que renuncia&nbsp;a S\u00ed por M\u00e9xico, a los consejos de la Coparmex y del Consejo Coordinador Empresarial para tomar un rumbo diferente en busca de representar a la sociedad civil en las elecciones presidenciales de 2024 en M\u00e9xico.<\/p>\n\n\n\n<p>De Hoyos public\u00f3 en su cuenta de twitter: <strong>\u00bfQu\u00e9 pasar\u00eda si UNO DE NOSOTROS, alguien que no est\u00e1 podrido por el poder, se levanta para tomar las riendas de este pa\u00eds?<\/strong><\/p>\n\n\n\n<figure class=\"wp-block-embed is-type-rich is-provider-twitter wp-block-embed-twitter\"><div class=\"wp-block-embed__wrapper\">\n<blockquote class=\"twitter-tweet\" data-width=\"500\" data-dnt=\"true\"><p lang=\"qht\" dir=\"ltr\"><a href=\"https:\/\/twitter.com\/hashtag\/HastaLaMadre?src=hash&amp;ref_src=twsrc%5Etfw\">#HastaLaMadre<\/a> <a href=\"https:\/\/t.co\/SSETmebDsY\">https:\/\/t.co\/SSETmebDsY<\/a><\/p>&mdash; Jes\u00fas M Hern\u00e1ndez (@jesusmanuelh) <a href=\"https:\/\/twitter.com\/jesusmanuelh\/status\/1635271865500569602?ref_src=twsrc%5Etfw\">March 13, 2023<\/a><\/blockquote><script async src=\"https:\/\/platform.twitter.com\/widgets.js\" charset=\"utf-8\"><\/script>\n<\/div><\/figure>\n\n\n\n<p>En la emisi\u00f3n de este 13 de marzo del programa de Ciro G\u00f3mez Leyva el empresario acept\u00f3 que ha tomado la decisi\u00f3n por estar \u00abhasta la madre de los pol\u00edticos\u00bb<\/p>\n\n\n\n<figure class=\"wp-block-embed is-type-rich is-provider-twitter wp-block-embed-twitter\"><div class=\"wp-block-embed__wrapper\">\n<blockquote class=\"twitter-tweet\" data-width=\"500\" data-dnt=\"true\"><p lang=\"es\" dir=\"ltr\">Se destapa <a href=\"https:\/\/twitter.com\/gdehoyoswalther?ref_src=twsrc%5Etfw\">@gdehoyoswalther<\/a> <a href=\"https:\/\/twitter.com\/hashtag\/PartidosPoliticos?src=hash&amp;ref_src=twsrc%5Etfw\">#PartidosPoliticos<\/a> agotados <a href=\"https:\/\/t.co\/u4phK98OHe\">https:\/\/t.co\/u4phK98OHe<\/a><\/p>&mdash; Jes\u00fas M Hern\u00e1ndez (@jesusmanuelh) <a href=\"https:\/\/twitter.com\/jesusmanuelh\/status\/1635271647585525763?ref_src=twsrc%5Etfw\">March 13, 2023<\/a><\/blockquote><script async src=\"https:\/\/platform.twitter.com\/widgets.js\" charset=\"utf-8\"><\/script>\n<\/div><\/figure>\n","protected":false},"excerpt":{"rendered":"<p>Empresario declara a Ciro G\u00f3mez Leyva su deseo de competir por la candidatura a Presidente de M\u00e9xico en 2024 Gustavo [&hellip;]<\/p>\n","protected":false},"author":1,"featured_media":48187,"comment_status":"open","ping_status":"open","sticky":false,"template":"","format":"standard","meta":{"site-sidebar-layout":"default","site-content-layout":"","ast-site-content-layout":"default","site-content-style":"default","site-sidebar-style":"default","ast-global-header-display":"","ast-banner-title-visibility":"","ast-main-header-display":"","ast-hfb-above-header-display":"","ast-hfb-below-header-display":"","ast-hfb-mobile-header-display":"","site-post-title":"","ast-breadcrumbs-content":"","ast-featured-img":"","footer-sml-layout":"","theme-transparent-header-meta":"","adv-header-id-meta":"","stick-header-meta":"","header-above-stick-meta":"","header-main-stick-meta":"","header-below-stick-meta":"","astra-migrate-meta-layouts":"default","ast-page-background-enabled":"default","ast-page-background-meta":{"desktop":{"background-color":"var(--ast-global-color-4)","background-image":"","background-repeat":"repeat","background-position":"center center","background-size":"auto","background-attachment":"scroll","background-type":"","background-media":"","overlay-type":"","overlay-color":"","overlay-opacity":"","overlay-gradient":""},"tablet":{"background-color":"","background-image":"","background-repeat":"repeat","background-position":"center center","background-size":"auto","background-attachment":"scroll","background-type":"","background-media":"","overlay-type":"","overlay-color":"","overlay-opacity":"","overlay-gradient":""},"mobile":{"background-color":"","background-image":"","background-repeat":"repeat","background-position":"center center","background-size":"auto","background-attachment":"scroll","background-type":"","background-media":"","overlay-type":"","overlay-color":"","overlay-opacity":"","overlay-gradient":""}},"ast-content-background-meta":{"desktop":{"background-color":"var(--ast-global-color-5)","background-image":"","background-repeat":"repeat","background-position":"center center","background-size":"auto","background-attachment":"scroll","background-type":"","background-media":"","overlay-type":"","overlay-color":"","overlay-opacity":"","overlay-gradient":""},"tablet":{"background-color":"var(--ast-global-color-5)","background-image":"","background-repeat":"repeat","background-position":"center center","background-size":"auto","background-attachment":"scroll","background-type":"","background-media":"","overlay-type":"","overlay-color":"","overlay-opacity":"","overlay-gradient":""},"mobile":{"background-color":"var(--ast-global-color-5)","background-image":"","background-repeat":"repeat","background-position":"center center","background-size":"auto","background-attachment":"scroll","background-type":"","background-media":"","overlay-type":"","overlay-color":"","overlay-opacity":"","overlay-gradient":""}},"footnotes":""},"categories":[8],"tags":[13056],"class_list":["post-48186","post","type-post","status-publish","format-standard","has-post-thumbnail","hentry","category-noticias","tag-gustavo-de-hoyos"],"_links":{"self":[{"href":"https:\/\/losperiodistas.com.mx\/portal\/wp-json\/wp\/v2\/posts\/48186","targetHints":{"allow":["GET"]}}],"collection":[{"href":"https:\/\/losperiodistas.com.mx\/portal\/wp-json\/wp\/v2\/posts"}],"about":[{"href":"https:\/\/losperiodistas.com.mx\/portal\/wp-json\/wp\/v2\/types\/post"}],"author":[{"embeddable":true,"href":"https:\/\/losperiodistas.com.mx\/portal\/wp-json\/wp\/v2\/users\/1"}],"replies":[{"embeddable":true,"href":"https:\/\/losperiodistas.com.mx\/portal\/wp-json\/wp\/v2\/comments?post=48186"}],"version-history":[{"count":2,"href":"https:\/\/losperiodistas.com.mx\/portal\/wp-json\/wp\/v2\/posts\/48186\/revisions"}],"predecessor-version":[{"id":48190,"href":"https:\/\/losperiodistas.com.mx\/portal\/wp-json\/wp\/v2\/posts\/48186\/revisions\/48190"}],"wp:featuredmedia":[{"embeddable":true,"href":"https:\/\/losperiodistas.com.mx\/portal\/wp-json\/wp\/v2\/media\/48187"}],"wp:attachment":[{"href":"https:\/\/losperiodistas.com.mx\/portal\/wp-json\/wp\/v2\/media?parent=48186"}],"wp:term":[{"taxonomy":"category","embeddable":true,"href":"https:\/\/losperiodistas.com.mx\/portal\/wp-json\/wp\/v2\/categories?post=48186"},{"taxonomy":"post_tag","embeddable":true,"href":"https:\/\/losperiodistas.com.mx\/portal\/wp-json\/wp\/v2\/tags?post=48186"}],"curies":[{"name":"wp","href":"https:\/\/api.w.org\/{rel}","templated":true}]}}