{"id":4788,"date":"2021-02-22T00:55:19","date_gmt":"2021-02-22T06:55:19","guid":{"rendered":"http:\/\/losperiodistas.com.mx\/portal\/?p=4788"},"modified":"2021-02-22T00:55:20","modified_gmt":"2021-02-22T06:55:20","slug":"cardenas-condena-la-polarizacion-en-campanas-urge-evitar-irritacion-social-proceso","status":"publish","type":"post","link":"https:\/\/losperiodistas.com.mx\/portal\/cardenas-condena-la-polarizacion-en-campanas-urge-evitar-irritacion-social-proceso\/","title":{"rendered":"C\u00e1rdenas condena la polarizaci\u00f3n en campa\u00f1as; urge evitar irritaci\u00f3n social | Proceso"},"content":{"rendered":"\n<p style=\"font-size:18px\"><em>El excandidato presidencial Cuauht\u00e9moc C\u00e1rdenas\u00a0consider\u00f3 que a \u201clos poderosos del pa\u00eds\u201d les corresponde tomar la iniciativa para evitar que las campa\u00f1as electorales se tornen en irritaci\u00f3n social y violencia.<\/em><\/p>\n\n\n\n<p class=\"has-vivid-cyan-blue-color has-text-color has-medium-font-size\">REDACCI\u00d3N REVISTA PROCESO<\/p>\n\n\n\n<p>CIUDAD DE M\u00c9XICO (proceso.com.mx).- El excandidato presidencial Cuauht\u00e9moc C\u00e1rdenas&nbsp;consider\u00f3 que a \u201clos poderosos del pa\u00eds\u201d les corresponde tomar la iniciativa para evitar que las campa\u00f1as electorales se tornen en irritaci\u00f3n social y violencia, rumbo a las elecciones del pr\u00f3ximo 6 de junio.<\/p>\n\n\n\n<p>Al participar en la presentaci\u00f3n virtual de \u00abLa campa\u00f1a que falta\u00bb de la organizaci\u00f3n civil Nosotrxs y sin mencionar ning\u00fan nombre de gobernantes o partidos, consider\u00f3 \u201cinadmisible\u201d en lo que va de las campa\u00f1as se quiera exaltar la \u201canimosidad\u201d entre posiciones diferentes. Por el contrario, consider\u00f3 que recibir con tolerancia a los opuestos es una actitud responsable y que\u00a0en eso \u201clos poderosos\u201d deben tomar la iniciativa.<\/p>\n\n\n\n<p>El fundador del PRD e integrante de Nosotrxs dijo que en esa organizaci\u00f3n \u201cllamaremos siempre a la sensatez, a que se abra el di\u00e1logo, a que se cuiden las palabras y se encuentren cu\u00e1les son las verdaderas causas de las discrepancias las que, cuales quiera que sean, deben recibir la tolerancia de lo opuesto, esa ser\u00e1 la actitud responsable y es el m\u00e1s poderoso por su posici\u00f3n dentro de la sociedad o en su caso, por su fuerza moral derivada de su observancia a los principios que proclama y del acatamiento riguroso del Estado de Derecho, a quien corresponde tomar la iniciativa\u00bb.<\/p>\n\n\n\n<p>Aclar\u00f3 que esta agrupaci\u00f3n no ser\u00e1 parte de la confrontaci\u00f3n, sino que, lo que les interesa es luchar por la salud de la naci\u00f3n.\u00a0<\/p>\n\n\n\n<p>Y agreg\u00f3: \u00abla polarizaci\u00f3n, inadmisible desde mi punto de vista, es aquella que en el fondo s\u00f3lo pretende agudizar, exaltar la animosidad entre posiciones diferentes, y me parece y lamento que vaya a ser esa la que estaremos encontrando en las campa\u00f1as. Esa polarizaci\u00f3n no se da en torno a ideas sino en lo general respecto a personas, es una polarizaci\u00f3n no s\u00f3lo irresponsable, sino que puede llevarnos a extremos de irritaci\u00f3n y violencia que podr\u00edan llegar a tornarse incontrolables. Cuid\u00e9monos de no llegar a noches de San Bartalom\u00e9 o de cuchillos largos\u00bb.<\/p>\n\n\n\n<h2 class=\"wp-block-heading\">Agua y aceite<\/h2>\n\n\n\n<p>Conocido como el \u201cl\u00edder moral\u201d de la izquierda, C\u00e1rdenas Sol\u00f3rzano critic\u00f3 que en las actuales alianzas electorales el com\u00fan denominador es que los partidos pol\u00edticos han abandonado sus ideolog\u00edas y no expresan ideas que marquen un modelo de pa\u00eds o de sociedad a desarrollar ahora y a largo plazo.<\/p>\n\n\n\n<p>As\u00ed lo dijo: \u00abalgo que resalta&nbsp;en las alianzas partidarias que se est\u00e1n dando, es que se unen agua y aceite sin que podamos saber, si llegan a un cargo de elecci\u00f3n, qu\u00e9 es lo que prevalecer\u00e1, si el agua o el aceite o tendr\u00e1n una permanente agitaci\u00f3n sin llegar a mezclarse. Vemos as\u00ed las contradicciones a la orden del d\u00eda y nada que les interese que no sea la elecci\u00f3n misma ya inmediata y previa a ella el hacerse de candidaturas\u00bb, dijo.<\/p>\n\n\n\n<h2 class=\"wp-block-heading\">\u201cLa campa\u00f1a que hace falta\u201d<\/h2>\n\n\n\n<p>La campa\u00f1a que present\u00f3 la organizaci\u00f3n civil Nosotrxs impulsa siete acciones concretas:<\/p>\n\n\n\n<ol class=\"wp-block-list\"><li>Continuar con los programas de pedagog\u00eda pol\u00edtica<\/li><li>Impulsar una cultura de paz para combatir todos los tipos de violencia<\/li><li>Reforzar la exigencia para el reconocimiento de derechos laborales<\/li><li>Sumar a m\u00e1s voces para que se establezca el m\u00ednimo vital<\/li><li>Seguir pugnando por el derecho a la salud<\/li><li>Exigir el cuidado de ni\u00f1as, ni\u00f1os, adolescentes y personas mayores y;<\/li><li>Convocar a todas las organizaciones de la sociedad civil a que compartan los prop\u00f3sitos de nuestra campa\u00f1a.<\/li><\/ol>\n\n\n\n<p>La intenci\u00f3n, explicaron sus impulsores, es que estos ejes sean impulsados desde las plataformas pol\u00edticas de los partidos.<\/p>\n\n\n\n<p>Mauricio Merino, acad\u00e9mico y fundador de Nosotrxs, explic\u00f3 que es un movimiento que busca dejar de lado el discurso de odio y crear conciencia entre las personas para sumarse a la labor. Detall\u00f3 que las actividades de la campa\u00f1a no terminar\u00e1n con el periodo electoral, sino que continuar\u00e1n hasta final de a\u00f1o, cuando se valoren los resultados y se tomen decisiones.<\/p>\n\n\n\n<p>Fuente: https:\/\/www.proceso.com.mx\/nacional\/2021\/2\/21\/cardenas-condena-la-polarizacion-en-campanas-urge-evitar-irritacion-social-258742.html<\/p>\n","protected":false},"excerpt":{"rendered":"<p>El excandidato presidencial Cuauht\u00e9moc C\u00e1rdenas\u00a0consider\u00f3 que a \u201clos poderosos del pa\u00eds\u201d les corresponde tomar la iniciativa para evitar que las [&hellip;]<\/p>\n","protected":false},"author":1,"featured_media":4789,"comment_status":"open","ping_status":"open","sticky":false,"template":"","format":"standard","meta":{"site-sidebar-layout":"default","site-content-layout":"","ast-site-content-layout":"default","site-content-style":"default","site-sidebar-style":"default","ast-global-header-display":"","ast-banner-title-visibility":"","ast-main-header-display":"","ast-hfb-above-header-display":"","ast-hfb-below-header-display":"","ast-hfb-mobile-header-display":"","site-post-title":"","ast-breadcrumbs-content":"","ast-featured-img":"","footer-sml-layout":"","theme-transparent-header-meta":"","adv-header-id-meta":"","stick-header-meta":"","header-above-stick-meta":"","header-main-stick-meta":"","header-below-stick-meta":"","astra-migrate-meta-layouts":"default","ast-page-background-enabled":"default","ast-page-background-meta":{"desktop":{"background-color":"var(--ast-global-color-4)","background-image":"","background-repeat":"repeat","background-position":"center center","background-size":"auto","background-attachment":"scroll","background-type":"","background-media":"","overlay-type":"","overlay-color":"","overlay-opacity":"","overlay-gradient":""},"tablet":{"background-color":"","background-image":"","background-repeat":"repeat","background-position":"center center","background-size":"auto","background-attachment":"scroll","background-type":"","background-media":"","overlay-type":"","overlay-color":"","overlay-opacity":"","overlay-gradient":""},"mobile":{"background-color":"","background-image":"","background-repeat":"repeat","background-position":"center center","background-size":"auto","background-attachment":"scroll","background-type":"","background-media":"","overlay-type":"","overlay-color":"","overlay-opacity":"","overlay-gradient":""}},"ast-content-background-meta":{"desktop":{"background-color":"var(--ast-global-color-5)","background-image":"","background-repeat":"repeat","background-position":"center center","background-size":"auto","background-attachment":"scroll","background-type":"","background-media":"","overlay-type":"","overlay-color":"","overlay-opacity":"","overlay-gradient":""},"tablet":{"background-color":"var(--ast-global-color-5)","background-image":"","background-repeat":"repeat","background-position":"center center","background-size":"auto","background-attachment":"scroll","background-type":"","background-media":"","overlay-type":"","overlay-color":"","overlay-opacity":"","overlay-gradient":""},"mobile":{"background-color":"var(--ast-global-color-5)","background-image":"","background-repeat":"repeat","background-position":"center center","background-size":"auto","background-attachment":"scroll","background-type":"","background-media":"","overlay-type":"","overlay-color":"","overlay-opacity":"","overlay-gradient":""}},"footnotes":""},"categories":[8,1],"tags":[86],"class_list":["post-4788","post","type-post","status-publish","format-standard","has-post-thumbnail","hentry","category-noticias","category-sin-categoria","tag-nosotrxs"],"_links":{"self":[{"href":"https:\/\/losperiodistas.com.mx\/portal\/wp-json\/wp\/v2\/posts\/4788","targetHints":{"allow":["GET"]}}],"collection":[{"href":"https:\/\/losperiodistas.com.mx\/portal\/wp-json\/wp\/v2\/posts"}],"about":[{"href":"https:\/\/losperiodistas.com.mx\/portal\/wp-json\/wp\/v2\/types\/post"}],"author":[{"embeddable":true,"href":"https:\/\/losperiodistas.com.mx\/portal\/wp-json\/wp\/v2\/users\/1"}],"replies":[{"embeddable":true,"href":"https:\/\/losperiodistas.com.mx\/portal\/wp-json\/wp\/v2\/comments?post=4788"}],"version-history":[{"count":1,"href":"https:\/\/losperiodistas.com.mx\/portal\/wp-json\/wp\/v2\/posts\/4788\/revisions"}],"predecessor-version":[{"id":4790,"href":"https:\/\/losperiodistas.com.mx\/portal\/wp-json\/wp\/v2\/posts\/4788\/revisions\/4790"}],"wp:featuredmedia":[{"embeddable":true,"href":"https:\/\/losperiodistas.com.mx\/portal\/wp-json\/wp\/v2\/media\/4789"}],"wp:attachment":[{"href":"https:\/\/losperiodistas.com.mx\/portal\/wp-json\/wp\/v2\/media?parent=4788"}],"wp:term":[{"taxonomy":"category","embeddable":true,"href":"https:\/\/losperiodistas.com.mx\/portal\/wp-json\/wp\/v2\/categories?post=4788"},{"taxonomy":"post_tag","embeddable":true,"href":"https:\/\/losperiodistas.com.mx\/portal\/wp-json\/wp\/v2\/tags?post=4788"}],"curies":[{"name":"wp","href":"https:\/\/api.w.org\/{rel}","templated":true}]}}