{"id":47753,"date":"2023-03-07T06:54:01","date_gmt":"2023-03-07T12:54:01","guid":{"rendered":"http:\/\/losperiodistas.com.mx\/portal\/?p=47753"},"modified":"2023-03-07T06:54:03","modified_gmt":"2023-03-07T12:54:03","slug":"si-puebla-quiere-le-entramos-eduardo-rivera-al-reconocer-que-participara-en-el-proceso-electoral-de-2024-ljo","status":"publish","type":"post","link":"https:\/\/losperiodistas.com.mx\/portal\/si-puebla-quiere-le-entramos-eduardo-rivera-al-reconocer-que-participara-en-el-proceso-electoral-de-2024-ljo\/","title":{"rendered":"Si Puebla quiere, le entramos: Eduardo Rivera al reconocer que participar\u00e1 en el proceso electoral de 2024 | LJO"},"content":{"rendered":"\n<figure class=\"wp-block-embed is-type-video is-provider-youtube wp-block-embed-youtube wp-embed-aspect-16-9 wp-has-aspect-ratio\"><div class=\"wp-block-embed__wrapper\">\n<iframe title=\"Si Puebla quiere le entramos: Eduardo Rivera, al reconocer que participar\u00e1 en elecciones de 2024\" width=\"500\" height=\"281\" src=\"https:\/\/www.youtube.com\/embed\/OAzZkToi3UI?feature=oembed\" frameborder=\"0\" allow=\"accelerometer; autoplay; clipboard-write; encrypted-media; gyroscope; picture-in-picture; web-share\" referrerpolicy=\"strict-origin-when-cross-origin\" allowfullscreen><\/iframe>\n<\/div><\/figure>\n\n\n\n<p><\/p>\n\n\n\n<p class=\"has-vivid-red-color has-text-color has-medium-font-size\"><strong>EFRA\u00cdN N\u00da\u00d1EZ \/ LA JORNADA DE ORIENTE<\/strong><\/p>\n\n\n\n<p>Si Puebla quiere, le entramos, solt\u00f3 el edil capitalino Eduardo Rivera P\u00e9rez, al reconocer que participar\u00e1 en el proceso electoral de 2024.<\/p>\n\n\n\n<p>As\u00ed lo declar\u00f3&nbsp;<a href=\"https:\/\/twitter.com\/eduardorivera01\" target=\"_blank\" rel=\"noreferrer noopener\">el alcalde panista<\/a>&nbsp;en conferencia de medios, en una reuni\u00f3n del albiazul que se llev\u00f3 a cabo durante el fin de semana pasado y en donde estuvo presente el dirigente nacional del PAN, Marko Cort\u00e9s Mendoza.<\/p>\n\n\n\n<p>Al respecto, Eduardo Rivera afirm\u00f3 que seguir\u00e1 asistiendo a este tipo de actos partidistas durante sus d\u00edas libres.<\/p>\n\n\n\n<blockquote class=\"wp-block-quote is-layout-flow wp-block-quote-is-layout-flow\"><p>\u201cFue una reuni\u00f3n el d\u00eda s\u00e1bado con las estructuras del partido. Seguir\u00e9 asistiendo porque si se quiere un mejor M\u00e9xico es necesario participar y lo har\u00e9 en mis tiempos libres\u201d, acot\u00f3.<\/p><\/blockquote>\n\n\n\n<p>Manifest\u00f3 que llegar\u00e1n los tiempos para definir qu\u00e9 cargo de elecci\u00f3n popular buscar\u00e1, en funci\u00f3n de lo que decida su partido y si se confirma la alianza PAN-PRI-PRD.<\/p>\n\n\n\n<p>El alcalde expres\u00f3 su postura en contra del llamado\u00a0<a href=\"https:\/\/www.lajornadadeoriente.com.mx\/tlaxcala\/recorte-a-estructura-del-ine-tendra-dano-colateral-en-organizacion-del-proceso-electoral-ite\/\" target=\"_blank\" rel=\"noreferrer noopener\">Plan B de la reforma electoral<\/a>\u00a0pues consider\u00f3 que es necesario<a href=\"https:\/\/www.jornada.com.mx\/2023\/03\/04\/politica\/003n1pol\" target=\"_blank\" rel=\"noreferrer noopener\">\u00a0defender la \u201cautonom\u00eda\u201d del INE<\/a>.<\/p>\n\n\n\n<p>Cabe subrayar que en las \u00faltimas semanas, Eduardo Rivera ha iniciado una serie de reuniones en todo el estado.<\/p>\n\n\n\n<p>Al respecto, el mun\u00edcipe expuso que lo hace en sus tiempos libres y no \u201cdescuida\u201d sus actividades como presidente municipal.- Anunio.. &#8211;<ins><\/ins><\/p>\n\n\n\n<p>El exgobernador de Oaxaca, Alejandro Murat Hinojosa, afirm\u00f3 que el edil capitalino de Puebla, Eduardo Rivera P\u00e9rez, es \u201centr\u00f3n\u201d y tiene posibilidades de ser aspirante y gobernador de la entidad.<\/p>\n\n\n\n<p>De visita en la capital poblana para promover su aspiraci\u00f3n por la presidencia de M\u00e9xico, Murat Hinojosa subray\u00f3 que el trabajo de Rivera P\u00e9rez lo avala para ser aspirante de la alianza PAN-PRI-PRD y luego \u201cgobernador de Puebla\u201d.<\/p>\n\n\n\n<p>Sostuvo que el candidato a suceder a Sergio Salom\u00f3n C\u00e9spedes Peregrina de dicha coalici\u00f3n deber\u00eda ser electo a trav\u00e9s del voto abierto a los ciudadanos, luego de que Jorge Estefan Chidiac, diputado local del tricolor, subray\u00f3 que \u201cel PAN no debe llevar mano en tal determinaci\u00f3n\u201d.<\/p>\n\n\n\n<p>Fuente: <a href=\"https:\/\/www.lajornadadeoriente.com.mx\/puebla\/si-puebla-quiere-entramos-rivera-participara-proceso-electoral-2024\/\">https:\/\/www.lajornadadeoriente.com.mx\/puebla\/si-puebla-quiere-entramos-rivera-participara-proceso-electoral-2024\/<\/a><\/p>\n","protected":false},"excerpt":{"rendered":"<p>EFRA\u00cdN N\u00da\u00d1EZ \/ LA JORNADA DE ORIENTE Si Puebla quiere, le entramos, solt\u00f3 el edil capitalino Eduardo Rivera P\u00e9rez, al [&hellip;]<\/p>\n","protected":false},"author":1,"featured_media":47754,"comment_status":"open","ping_status":"open","sticky":false,"template":"","format":"standard","meta":{"site-sidebar-layout":"default","site-content-layout":"","ast-site-content-layout":"default","site-content-style":"default","site-sidebar-style":"default","ast-global-header-display":"","ast-banner-title-visibility":"","ast-main-header-display":"","ast-hfb-above-header-display":"","ast-hfb-below-header-display":"","ast-hfb-mobile-header-display":"","site-post-title":"","ast-breadcrumbs-content":"","ast-featured-img":"","footer-sml-layout":"","theme-transparent-header-meta":"","adv-header-id-meta":"","stick-header-meta":"","header-above-stick-meta":"","header-main-stick-meta":"","header-below-stick-meta":"","astra-migrate-meta-layouts":"default","ast-page-background-enabled":"default","ast-page-background-meta":{"desktop":{"background-color":"var(--ast-global-color-4)","background-image":"","background-repeat":"repeat","background-position":"center center","background-size":"auto","background-attachment":"scroll","background-type":"","background-media":"","overlay-type":"","overlay-color":"","overlay-opacity":"","overlay-gradient":""},"tablet":{"background-color":"","background-image":"","background-repeat":"repeat","background-position":"center center","background-size":"auto","background-attachment":"scroll","background-type":"","background-media":"","overlay-type":"","overlay-color":"","overlay-opacity":"","overlay-gradient":""},"mobile":{"background-color":"","background-image":"","background-repeat":"repeat","background-position":"center center","background-size":"auto","background-attachment":"scroll","background-type":"","background-media":"","overlay-type":"","overlay-color":"","overlay-opacity":"","overlay-gradient":""}},"ast-content-background-meta":{"desktop":{"background-color":"var(--ast-global-color-5)","background-image":"","background-repeat":"repeat","background-position":"center center","background-size":"auto","background-attachment":"scroll","background-type":"","background-media":"","overlay-type":"","overlay-color":"","overlay-opacity":"","overlay-gradient":""},"tablet":{"background-color":"var(--ast-global-color-5)","background-image":"","background-repeat":"repeat","background-position":"center center","background-size":"auto","background-attachment":"scroll","background-type":"","background-media":"","overlay-type":"","overlay-color":"","overlay-opacity":"","overlay-gradient":""},"mobile":{"background-color":"var(--ast-global-color-5)","background-image":"","background-repeat":"repeat","background-position":"center center","background-size":"auto","background-attachment":"scroll","background-type":"","background-media":"","overlay-type":"","overlay-color":"","overlay-opacity":"","overlay-gradient":""}},"footnotes":""},"categories":[8],"tags":[1286,8711],"class_list":["post-47753","post","type-post","status-publish","format-standard","has-post-thumbnail","hentry","category-noticias","tag-eduardo-rivera","tag-elecciones-puebla-2024"],"_links":{"self":[{"href":"https:\/\/losperiodistas.com.mx\/portal\/wp-json\/wp\/v2\/posts\/47753","targetHints":{"allow":["GET"]}}],"collection":[{"href":"https:\/\/losperiodistas.com.mx\/portal\/wp-json\/wp\/v2\/posts"}],"about":[{"href":"https:\/\/losperiodistas.com.mx\/portal\/wp-json\/wp\/v2\/types\/post"}],"author":[{"embeddable":true,"href":"https:\/\/losperiodistas.com.mx\/portal\/wp-json\/wp\/v2\/users\/1"}],"replies":[{"embeddable":true,"href":"https:\/\/losperiodistas.com.mx\/portal\/wp-json\/wp\/v2\/comments?post=47753"}],"version-history":[{"count":1,"href":"https:\/\/losperiodistas.com.mx\/portal\/wp-json\/wp\/v2\/posts\/47753\/revisions"}],"predecessor-version":[{"id":47755,"href":"https:\/\/losperiodistas.com.mx\/portal\/wp-json\/wp\/v2\/posts\/47753\/revisions\/47755"}],"wp:featuredmedia":[{"embeddable":true,"href":"https:\/\/losperiodistas.com.mx\/portal\/wp-json\/wp\/v2\/media\/47754"}],"wp:attachment":[{"href":"https:\/\/losperiodistas.com.mx\/portal\/wp-json\/wp\/v2\/media?parent=47753"}],"wp:term":[{"taxonomy":"category","embeddable":true,"href":"https:\/\/losperiodistas.com.mx\/portal\/wp-json\/wp\/v2\/categories?post=47753"},{"taxonomy":"post_tag","embeddable":true,"href":"https:\/\/losperiodistas.com.mx\/portal\/wp-json\/wp\/v2\/tags?post=47753"}],"curies":[{"name":"wp","href":"https:\/\/api.w.org\/{rel}","templated":true}]}}