{"id":47747,"date":"2023-03-05T14:00:58","date_gmt":"2023-03-05T20:00:58","guid":{"rendered":"http:\/\/losperiodistas.com.mx\/portal\/?p=47747"},"modified":"2023-03-07T06:31:30","modified_gmt":"2023-03-07T12:31:30","slug":"opciones","status":"publish","type":"post","link":"https:\/\/losperiodistas.com.mx\/portal\/opciones\/","title":{"rendered":"\u00bfOpciones?"},"content":{"rendered":"\n<p><a href=\"https:\/\/www.youtube.com\/hashtag\/porsoleares\">#PorSoleares<\/a> Ante un escenario de confrontaciones al interior de Morena, algunos voltean a ver a Rodrigo Abdala, como alternativa de los fundadores del movimiento, paseado por el gobernador C\u00e9spedes<\/p>\n\n\n\n<figure class=\"wp-block-embed is-type-video is-provider-youtube wp-block-embed-youtube wp-embed-aspect-16-9 wp-has-aspect-ratio\"><div class=\"wp-block-embed__wrapper\">\n<iframe title=\"\u00bfOpciones? | Marzo 5 de 2023\" width=\"500\" height=\"281\" src=\"https:\/\/www.youtube.com\/embed\/2jmXTHzeU8s?feature=oembed\" frameborder=\"0\" allow=\"accelerometer; autoplay; clipboard-write; encrypted-media; gyroscope; picture-in-picture; web-share\" referrerpolicy=\"strict-origin-when-cross-origin\" allowfullscreen><\/iframe>\n<\/div><\/figure>\n\n\n\n<p><\/p>\n\n\n\n<p class=\"has-vivid-red-color has-text-color\" style=\"font-size:26px\"><strong><em>Por Jes\u00fas Manuel Hern\u00e1ndez<\/em><\/strong><\/p>\n\n\n\n<p>Una revisi\u00f3n a vuelo de p\u00e1jaro de las comunicaciones \u201cestrat\u00e9gicas\u201d de los aspirantes a suceder a Sergio C\u00e9spedes en Puebla, dejan entrever como si en el escenario hubiera un <strong>\u201cgran titiritero\u201d<\/strong> <strong>ordenando, jalando los hilos,<\/strong> haciendo que cada uno de los t\u00edteres, de los mu\u00f1ecos, saludara, volteara, se incline o se siente al un\u00edsono.<\/p>\n\n\n\n<p>Y es que <strong>abundan las felicitaciones de cumplea\u00f1os, las recomendaciones de tamales, mercados, sitios tur\u00edsticos<\/strong>, recorridos, etc\u00e9tera, como si se tratara de una campa\u00f1a de promoci\u00f3n para visitar Puebla y <strong>dirigida a los \u201cpoblanos\u201d que no conocen su Estado, o peor a\u00fan \u201csu ciudad\u201d<\/strong>.<\/p>\n\n\n\n<p>Los estrategas de comunicaci\u00f3n est\u00e1n transmitiendo un com\u00fan denominador: <strong>\u201cdesconocen al electorado\u201d.<\/strong><\/p>\n\n\n\n<p>Por otra parte, <strong>al interior de Morena se tensan las discusiones sobre los perfiles<\/strong> que favorecer\u00edan al proyecto original y se pone sobre la mesa el tema de preguntar <strong>\u00bfa qu\u00e9 huelen los aspirantes?<\/strong> Y la respuesta es un\u00e1nime, <strong>huelen al viejo PRI<\/strong>, sus ra\u00edces, sus amigos, sus cuadros, sus relaciones son m\u00e1s amplias, profundas y comprometedoras con el tricolor que con Morena.<\/p>\n\n\n\n<p>Basta ver las fotograf\u00edas, los nombres de quienes se vienen sumando a las precampa\u00f1as de MoreNacho o de ArmentaLitio. Curr\u00edculums ya conocidos, <strong>plenamente identificados con los grupos de poder del pasado<\/strong>, ah\u00ed se est\u00e1n fundamentando sus avances, no en la suma de los electores sin padrino o sin cargos en el pasado.<\/p>\n\n\n\n<p>Las cr\u00edticas se suman y aparecen sobre la mesa de la dirigencia nacional, peor a\u00fan, en la mesa del Presidente en Palacio Nacional.<\/p>\n\n\n\n<p>\u00bfQui\u00e9n o qui\u00e9nes han sido los portadores de esas informaciones? Quiz\u00e1 las corcholatas presidenciales hayan sido el camino. Las visitas de Claudia, Ad\u00e1n o Marcelo han servido entre otras cosas para percibir, identificar a los grupos del pasado que ven en el futuro de mediano plazo <strong>la oportunidad de \u201csobrevivir\u201d<\/strong>, de trascender a la Cuarta Transformaci\u00f3n.<\/p>\n\n\n\n<p>Visto as\u00ed el escenario, algunas voces han pedido ver a otra parte, algunos sugieren que Puebla debe ser para una mujer y voltean a ver a Claudia Rivera Vivanco, y <strong>otros voltean a ver a uno de los fundadores de Morena en Puebla<\/strong>, conocido y querido por el inquilino de Palacio y curiosamente invitado constante a las giras del gobernador Sergio Salom\u00f3n C\u00e9spedes Peregrina.<\/p>\n\n\n\n<p>\u00bfSer\u00e1 acaso que el delegado de Programas para el Bienestar, <strong>Rodrigo Abdala<\/strong>, <strong>est\u00e1 siendo incluido<\/strong>, considerado en los pron\u00f3sticos nacionales y locales?<\/p>\n\n\n\n<p>No es tan dif\u00edcil adivinar el escenario inmediato, en la medida en que los aspirantes m\u00e1s conocidos Nacho y Alejandro ven la recta final, m\u00e1s duros y destructivos son los golpeteos; <strong>Mario Delgado ya lo advirti\u00f3<\/strong>, ya les pidi\u00f3 hace unas semanas \u201cno dar golpes bajos\u201d.<\/p>\n\n\n\n<p>Y entonces es que los expertos en las alturas sugieren ir tomando en cuenta a Rodrigo Abdala, pasearlo, presentarlo, y qu\u00e9 mejor que con los programas del Presidente, del Bienestar, y de la mano del gobernador.<\/p>\n\n\n\n<p>Tan s\u00f3lo verlo en las giras oficiales hace pensar que la decisi\u00f3n no est\u00e1 tomada en favor de nadie.<\/p>\n\n\n\n<p>Por otra parte. Este reportero presenta su solidaridad con <strong>Alejandro Mondrag\u00f3n<\/strong> ante los ataques sufridos a su patrimonio en un claro atentado a la libertad de expresi\u00f3n.<\/p>\n\n\n\n<p>Y como dijera El Quijote: \u201cLa libertad, Sancho, es uno de los m\u00e1s preciosos dones que a los hombres dieron los cielos; con ella no pueden igualarse los tesoros que encierra la tierra ni el mar encubre, por la libertad as\u00ed como por la honra se puede y se debe aventurar la vida, y, por el contrario, el cautiverio es el mayor mal que puede venirle a los hombres\u201d.<\/p>\n\n\n\n<p>O por lo menos, as\u00ed me lo parece.<\/p>\n\n\n\n<p><a href=\"mailto:losperiodistas.com.mx@gmail.com\">losperiodistas.com.mx@gmail.com<\/a><\/p>\n","protected":false},"excerpt":{"rendered":"<p>#PorSoleares Ante un escenario de confrontaciones al interior de Morena, algunos voltean a ver a Rodrigo Abdala, como alternativa de [&hellip;]<\/p>\n","protected":false},"author":1,"featured_media":47748,"comment_status":"open","ping_status":"open","sticky":false,"template":"","format":"standard","meta":{"site-sidebar-layout":"default","site-content-layout":"","ast-site-content-layout":"default","site-content-style":"default","site-sidebar-style":"default","ast-global-header-display":"","ast-banner-title-visibility":"","ast-main-header-display":"","ast-hfb-above-header-display":"","ast-hfb-below-header-display":"","ast-hfb-mobile-header-display":"","site-post-title":"","ast-breadcrumbs-content":"","ast-featured-img":"","footer-sml-layout":"","theme-transparent-header-meta":"","adv-header-id-meta":"","stick-header-meta":"","header-above-stick-meta":"","header-main-stick-meta":"","header-below-stick-meta":"","astra-migrate-meta-layouts":"default","ast-page-background-enabled":"default","ast-page-background-meta":{"desktop":{"background-color":"var(--ast-global-color-4)","background-image":"","background-repeat":"repeat","background-position":"center center","background-size":"auto","background-attachment":"scroll","background-type":"","background-media":"","overlay-type":"","overlay-color":"","overlay-opacity":"","overlay-gradient":""},"tablet":{"background-color":"","background-image":"","background-repeat":"repeat","background-position":"center center","background-size":"auto","background-attachment":"scroll","background-type":"","background-media":"","overlay-type":"","overlay-color":"","overlay-opacity":"","overlay-gradient":""},"mobile":{"background-color":"","background-image":"","background-repeat":"repeat","background-position":"center center","background-size":"auto","background-attachment":"scroll","background-type":"","background-media":"","overlay-type":"","overlay-color":"","overlay-opacity":"","overlay-gradient":""}},"ast-content-background-meta":{"desktop":{"background-color":"var(--ast-global-color-5)","background-image":"","background-repeat":"repeat","background-position":"center center","background-size":"auto","background-attachment":"scroll","background-type":"","background-media":"","overlay-type":"","overlay-color":"","overlay-opacity":"","overlay-gradient":""},"tablet":{"background-color":"var(--ast-global-color-5)","background-image":"","background-repeat":"repeat","background-position":"center center","background-size":"auto","background-attachment":"scroll","background-type":"","background-media":"","overlay-type":"","overlay-color":"","overlay-opacity":"","overlay-gradient":""},"mobile":{"background-color":"var(--ast-global-color-5)","background-image":"","background-repeat":"repeat","background-position":"center center","background-size":"auto","background-attachment":"scroll","background-type":"","background-media":"","overlay-type":"","overlay-color":"","overlay-opacity":"","overlay-gradient":""}},"footnotes":""},"categories":[8,5],"tags":[5486,725,12572],"class_list":["post-47747","post","type-post","status-publish","format-standard","has-post-thumbnail","hentry","category-noticias","category-por-soleares","tag-elecciones-2024","tag-morena-puebla","tag-rodrigo-abdala"],"_links":{"self":[{"href":"https:\/\/losperiodistas.com.mx\/portal\/wp-json\/wp\/v2\/posts\/47747","targetHints":{"allow":["GET"]}}],"collection":[{"href":"https:\/\/losperiodistas.com.mx\/portal\/wp-json\/wp\/v2\/posts"}],"about":[{"href":"https:\/\/losperiodistas.com.mx\/portal\/wp-json\/wp\/v2\/types\/post"}],"author":[{"embeddable":true,"href":"https:\/\/losperiodistas.com.mx\/portal\/wp-json\/wp\/v2\/users\/1"}],"replies":[{"embeddable":true,"href":"https:\/\/losperiodistas.com.mx\/portal\/wp-json\/wp\/v2\/comments?post=47747"}],"version-history":[{"count":1,"href":"https:\/\/losperiodistas.com.mx\/portal\/wp-json\/wp\/v2\/posts\/47747\/revisions"}],"predecessor-version":[{"id":47749,"href":"https:\/\/losperiodistas.com.mx\/portal\/wp-json\/wp\/v2\/posts\/47747\/revisions\/47749"}],"wp:featuredmedia":[{"embeddable":true,"href":"https:\/\/losperiodistas.com.mx\/portal\/wp-json\/wp\/v2\/media\/47748"}],"wp:attachment":[{"href":"https:\/\/losperiodistas.com.mx\/portal\/wp-json\/wp\/v2\/media?parent=47747"}],"wp:term":[{"taxonomy":"category","embeddable":true,"href":"https:\/\/losperiodistas.com.mx\/portal\/wp-json\/wp\/v2\/categories?post=47747"},{"taxonomy":"post_tag","embeddable":true,"href":"https:\/\/losperiodistas.com.mx\/portal\/wp-json\/wp\/v2\/tags?post=47747"}],"curies":[{"name":"wp","href":"https:\/\/api.w.org\/{rel}","templated":true}]}}