{"id":47709,"date":"2023-03-06T07:23:53","date_gmt":"2023-03-06T13:23:53","guid":{"rendered":"http:\/\/losperiodistas.com.mx\/portal\/?p=47709"},"modified":"2023-03-06T07:23:55","modified_gmt":"2023-03-06T13:23:55","slug":"monologos-de-menade-que-le-pasa-a-las-nuevas-generaciones","status":"publish","type":"post","link":"https:\/\/losperiodistas.com.mx\/portal\/monologos-de-menade-que-le-pasa-a-las-nuevas-generaciones\/","title":{"rendered":"Mon\u00f3logos de M\u00e9nade | \u00bfQu\u00e9 le pasa a las nuevas generaciones?"},"content":{"rendered":"\n<figure class=\"wp-block-image size-large is-style-default\"><img fetchpriority=\"high\" decoding=\"async\" width=\"1024\" height=\"578\" src=\"https:\/\/losperiodistas.com.mx\/portal\/wp-content\/uploads\/2023\/03\/Captura-de-Pantalla-2023-03-06-a-las-7.17.50-1024x578.jpg\" alt=\"\" class=\"wp-image-47712\" srcset=\"https:\/\/losperiodistas.com.mx\/portal\/wp-content\/uploads\/2023\/03\/Captura-de-Pantalla-2023-03-06-a-las-7.17.50-1024x578.jpg 1024w, https:\/\/losperiodistas.com.mx\/portal\/wp-content\/uploads\/2023\/03\/Captura-de-Pantalla-2023-03-06-a-las-7.17.50-300x169.jpg 300w, https:\/\/losperiodistas.com.mx\/portal\/wp-content\/uploads\/2023\/03\/Captura-de-Pantalla-2023-03-06-a-las-7.17.50-768x434.jpg 768w, https:\/\/losperiodistas.com.mx\/portal\/wp-content\/uploads\/2023\/03\/Captura-de-Pantalla-2023-03-06-a-las-7.17.50-1536x867.jpg 1536w, https:\/\/losperiodistas.com.mx\/portal\/wp-content\/uploads\/2023\/03\/Captura-de-Pantalla-2023-03-06-a-las-7.17.50-2048x1156.jpg 2048w\" sizes=\"(max-width: 1024px) 100vw, 1024px\" \/><\/figure>\n\n\n\n<p><\/p>\n\n\n\n<p class=\"has-vivid-red-color has-text-color\" style=\"font-size:26px\"><strong><em>Por Itandehui Rodr\u00edguez<\/em><\/strong><\/p>\n\n\n\n<p>@Itandehui_RoMa<\/p>\n\n\n\n<p>\u00a1Qu\u00e9 vieja me sent\u00ed escribiendo la cabeza de esta columna! No estoy tan vieja y aparento menos edad de la que tengo. Pero vuelvo a preguntar \u00bfqu\u00e9 le pasa a las nuevas generaciones?<\/p>\n\n\n\n<p>O por lo menos a los j\u00f3venes poblanos.<\/p>\n\n\n\n<p>Liz Vilchis, mejor conocida como la conductora de \u201cVentaneando\u201d en su edici\u00f3n matutina de los mi\u00e9rcoles.<\/p>\n\n\n\n<p>\u00a1Ya s\u00e9 que no es ese programa, pero parece! No es mi culpa que sea un programa conducido por una se\u00f1ora que habla mal de todo el mundo y cerca haya un adulto mayor que le celebra todo lo que dice.<\/p>\n\n\n\n<p>Los mi\u00e9rcoles Liz y Andy se disfrazan de \u201cPaty y Pedrito\u201d, \u00bfa poco no?<\/p>\n\n\n\n<p>Bueno, volvamos a Liz, que a estas alturas siga sin dominar la c\u00e1mara y leyendo como lo hace, me parece por dem\u00e1s terrible. Pero ella, es parte de la nueva generaci\u00f3n de pol\u00edticos que form\u00f3 Puebla.<\/p>\n\n\n\n<p>Tampoco me vayan a decir que no es pol\u00edtica, porque, \u00bfa poco creen que Don Andr\u00e9s la va a dejar sin fuero ya que \u00e9l se vaya a descansar a su rancho? Va a ser diputada federal plurinominal, se los apuesto desde hoy. \u00bfCu\u00e1nto quieren perder?<\/p>\n\n\n\n<p>\u00bfY d\u00f3nde dejan a Eur\u00edpides Flores?<\/p>\n\n\n\n<p>\u00a1Madre del Creador! Para seguir con las frases de \u201cla t\u00eda Ita\u201d.<\/p>\n\n\n\n<p>\u00a1Virgen Sant\u00edsima!<\/p>\n\n\n\n<p>\u00a1Alabado sea!<\/p>\n\n\n\n<p>Esto ya parece rosario\u2026<\/p>\n\n\n\n<p>\u00a1Ya, en serio! \u00bfDe d\u00f3nde demonios sacaron al pobre de Eur\u00edpides Flores?<\/p>\n\n\n\n<p>Ese se parece a Cantinflas. \u00a1Ah, pero nada m\u00e1s le levantan un poquito la voz y se le acaba lo \u201cgallito\u201d!<\/p>\n\n\n\n<p>En la sesi\u00f3n del viernes del Consejo General INE le han metido \u201ctanto coscorr\u00f3n\u201d, que de pronto se not\u00f3 c\u00f3mo tuvo una regresi\u00f3n a sus a\u00f1os de secundaria en los que lo rega\u00f1aban en la direcci\u00f3n.<\/p>\n\n\n\n<p>Si no me creen, vean este video, en el minuto 1:40, luego de que Lorenzo \u201cel guap\u00edsimo\u201d C\u00f3rdova \u2014as\u00ed le digo yo\u2014 le dej\u00f3 en claro que no va a permitir que emita amenazas en contra del Consejero Uuc-kib Espadas mientras \u00e9l siga siendo presidente, adem\u00e1s cuestion\u00f3 al representante de morena si eso es lo que estaba intentando. A Eur\u00edpides se le quebr\u00f3 la voz y contest\u00f3 con un temeroso \u201cno\u201d.<\/p>\n\n\n\n<figure class=\"wp-block-embed is-type-rich is-provider-twitter wp-block-embed-twitter\"><div class=\"wp-block-embed__wrapper\">\n<blockquote class=\"twitter-tweet\" data-width=\"500\" data-dnt=\"true\"><p lang=\"es\" dir=\"ltr\"><a href=\"https:\/\/twitter.com\/hashtag\/Nacional?src=hash&amp;ref_src=twsrc%5Etfw\">#Nacional<\/a> | &quot;\u00bfEst\u00e1 Usted amenazando a un integrante de este consejo?&quot; interrumpi\u00f3 <a href=\"https:\/\/twitter.com\/lorenzocordovav?ref_src=twsrc%5Etfw\">@lorenzocordovav<\/a> a <a href=\"https:\/\/twitter.com\/euripidesf?ref_src=twsrc%5Etfw\">@euripidesf<\/a>, representate de <a href=\"https:\/\/twitter.com\/hashtag\/morena?src=hash&amp;ref_src=twsrc%5Etfw\">#morena<\/a> en la sesi\u00f3n del Consejo General del <a href=\"https:\/\/twitter.com\/INEMexico?ref_src=twsrc%5Etfw\">@INEMexico<\/a> y agreg\u00f3 &quot;porque eso  no lo voy a permitir&quot; <a href=\"https:\/\/twitter.com\/hashtag\/apartadomex?src=hash&amp;ref_src=twsrc%5Etfw\">#apartadomex<\/a> <a href=\"https:\/\/t.co\/oGIBpbMmuS\">pic.twitter.com\/oGIBpbMmuS<\/a><\/p>&mdash; apartadomex (@ApartadoMex) <a href=\"https:\/\/twitter.com\/ApartadoMex\/status\/1632063644212109313?ref_src=twsrc%5Etfw\">March 4, 2023<\/a><\/blockquote><script async src=\"https:\/\/platform.twitter.com\/widgets.js\" charset=\"utf-8\"><\/script>\n<\/div><\/figure>\n\n\n\n<p>Y bueno\u2026 De la tunda que le metieron este fin de semana en Twitter, con el famoso \u201csiempre hay un tuit\u201d, mejor ya ni hablamos. Pero aqu\u00ed se los dejo para que se enteren bien del chisme.<\/p>\n\n\n\n<figure class=\"wp-block-embed is-type-rich is-provider-twitter wp-block-embed-twitter\"><div class=\"wp-block-embed__wrapper\">\n<blockquote class=\"twitter-tweet\" data-width=\"500\" data-dnt=\"true\"><p lang=\"es\" dir=\"ltr\">Av\u00edsenle al de la mollera sumida <a href=\"https:\/\/twitter.com\/euripidesf?ref_src=twsrc%5Etfw\">@euripidesf<\/a> que nos encanta verlos tragarse sus propias palabras. <a href=\"https:\/\/t.co\/5gFGxDgAn5\">pic.twitter.com\/5gFGxDgAn5<\/a><\/p>&mdash; Carlos Torres (@CarlosTorresF_) <a href=\"https:\/\/twitter.com\/CarlosTorresF_\/status\/1632081756126937091?ref_src=twsrc%5Etfw\">March 4, 2023<\/a><\/blockquote><script async src=\"https:\/\/platform.twitter.com\/widgets.js\" charset=\"utf-8\"><\/script>\n<\/div><\/figure>\n\n\n\n<p>El punto de esta columna es: \u00bfesa es la nueva clase pol\u00edtica que est\u00e1 produciendo Puebla?<\/p>\n\n\n\n<p>\u00a1Porque parece salida de un episodio de la Casita de Terror de los Simpson!<\/p>\n\n\n\n<p>\u00bfQu\u00e9 le pasa a las nuevas generaciones? En serio que veo a ese par y se me acaba la esperanza.<\/p>\n\n\n\n<p>Me tranquiliza ver que, por otro lado, hay j\u00f3venes talentosos, muy talentosos, como Marisol Calva, Carlos Pando, Fani Meraz, Ricardo Gali, Nora Escamilla, Michel T\u00e9llez, Hilda Morales, Aldo Enciso y varios m\u00e1s que vienen empujando y que ser\u00e1n pol\u00edticos y gobernantes diferentes.<\/p>\n\n\n\n<p>Pero, \u00a1por favor, hagamos algo para evitar que nos gobiernen \u201clas Vilchis\u201d y \u201clos Eur\u00edpides\u201d!<\/p>\n","protected":false},"excerpt":{"rendered":"<p>Por Itandehui Rodr\u00edguez @Itandehui_RoMa \u00a1Qu\u00e9 vieja me sent\u00ed escribiendo la cabeza de esta columna! No estoy tan vieja y aparento [&hellip;]<\/p>\n","protected":false},"author":1,"featured_media":47712,"comment_status":"open","ping_status":"open","sticky":false,"template":"","format":"standard","meta":{"site-sidebar-layout":"default","site-content-layout":"","ast-site-content-layout":"default","site-content-style":"default","site-sidebar-style":"default","ast-global-header-display":"","ast-banner-title-visibility":"","ast-main-header-display":"","ast-hfb-above-header-display":"","ast-hfb-below-header-display":"","ast-hfb-mobile-header-display":"","site-post-title":"","ast-breadcrumbs-content":"","ast-featured-img":"","footer-sml-layout":"","theme-transparent-header-meta":"","adv-header-id-meta":"","stick-header-meta":"","header-above-stick-meta":"","header-main-stick-meta":"","header-below-stick-meta":"","astra-migrate-meta-layouts":"default","ast-page-background-enabled":"default","ast-page-background-meta":{"desktop":{"background-color":"var(--ast-global-color-4)","background-image":"","background-repeat":"repeat","background-position":"center center","background-size":"auto","background-attachment":"scroll","background-type":"","background-media":"","overlay-type":"","overlay-color":"","overlay-opacity":"","overlay-gradient":""},"tablet":{"background-color":"","background-image":"","background-repeat":"repeat","background-position":"center center","background-size":"auto","background-attachment":"scroll","background-type":"","background-media":"","overlay-type":"","overlay-color":"","overlay-opacity":"","overlay-gradient":""},"mobile":{"background-color":"","background-image":"","background-repeat":"repeat","background-position":"center center","background-size":"auto","background-attachment":"scroll","background-type":"","background-media":"","overlay-type":"","overlay-color":"","overlay-opacity":"","overlay-gradient":""}},"ast-content-background-meta":{"desktop":{"background-color":"var(--ast-global-color-5)","background-image":"","background-repeat":"repeat","background-position":"center center","background-size":"auto","background-attachment":"scroll","background-type":"","background-media":"","overlay-type":"","overlay-color":"","overlay-opacity":"","overlay-gradient":""},"tablet":{"background-color":"var(--ast-global-color-5)","background-image":"","background-repeat":"repeat","background-position":"center center","background-size":"auto","background-attachment":"scroll","background-type":"","background-media":"","overlay-type":"","overlay-color":"","overlay-opacity":"","overlay-gradient":""},"mobile":{"background-color":"var(--ast-global-color-5)","background-image":"","background-repeat":"repeat","background-position":"center center","background-size":"auto","background-attachment":"scroll","background-type":"","background-media":"","overlay-type":"","overlay-color":"","overlay-opacity":"","overlay-gradient":""}},"footnotes":""},"categories":[8,22],"tags":[199,11278,15431],"class_list":["post-47709","post","type-post","status-publish","format-standard","has-post-thumbnail","hentry","category-noticias","category-opinion-invitada","tag-amlo","tag-la-mananera","tag-liz-vilchis"],"_links":{"self":[{"href":"https:\/\/losperiodistas.com.mx\/portal\/wp-json\/wp\/v2\/posts\/47709","targetHints":{"allow":["GET"]}}],"collection":[{"href":"https:\/\/losperiodistas.com.mx\/portal\/wp-json\/wp\/v2\/posts"}],"about":[{"href":"https:\/\/losperiodistas.com.mx\/portal\/wp-json\/wp\/v2\/types\/post"}],"author":[{"embeddable":true,"href":"https:\/\/losperiodistas.com.mx\/portal\/wp-json\/wp\/v2\/users\/1"}],"replies":[{"embeddable":true,"href":"https:\/\/losperiodistas.com.mx\/portal\/wp-json\/wp\/v2\/comments?post=47709"}],"version-history":[{"count":1,"href":"https:\/\/losperiodistas.com.mx\/portal\/wp-json\/wp\/v2\/posts\/47709\/revisions"}],"predecessor-version":[{"id":47713,"href":"https:\/\/losperiodistas.com.mx\/portal\/wp-json\/wp\/v2\/posts\/47709\/revisions\/47713"}],"wp:featuredmedia":[{"embeddable":true,"href":"https:\/\/losperiodistas.com.mx\/portal\/wp-json\/wp\/v2\/media\/47712"}],"wp:attachment":[{"href":"https:\/\/losperiodistas.com.mx\/portal\/wp-json\/wp\/v2\/media?parent=47709"}],"wp:term":[{"taxonomy":"category","embeddable":true,"href":"https:\/\/losperiodistas.com.mx\/portal\/wp-json\/wp\/v2\/categories?post=47709"},{"taxonomy":"post_tag","embeddable":true,"href":"https:\/\/losperiodistas.com.mx\/portal\/wp-json\/wp\/v2\/tags?post=47709"}],"curies":[{"name":"wp","href":"https:\/\/api.w.org\/{rel}","templated":true}]}}