{"id":47706,"date":"2023-03-06T06:58:33","date_gmt":"2023-03-06T12:58:33","guid":{"rendered":"http:\/\/losperiodistas.com.mx\/portal\/?p=47706"},"modified":"2023-03-06T06:58:35","modified_gmt":"2023-03-06T12:58:35","slug":"se-ampara-denise-dresser-en-contra-de-amlo-el-norte","status":"publish","type":"post","link":"https:\/\/losperiodistas.com.mx\/portal\/se-ampara-denise-dresser-en-contra-de-amlo-el-norte\/","title":{"rendered":"Se ampara Denise Dresser en contra de AMLO | El Norte"},"content":{"rendered":"\n<figure class=\"wp-block-embed is-type-video is-provider-youtube wp-block-embed-youtube wp-embed-aspect-16-9 wp-has-aspect-ratio\"><div class=\"wp-block-embed__wrapper\">\n<iframe title=\"Presenta Denise Dresser demanda de amparo contra AMLO\" width=\"500\" height=\"281\" src=\"https:\/\/www.youtube.com\/embed\/4u6cJZWzAm8?feature=oembed\" frameborder=\"0\" allow=\"accelerometer; autoplay; clipboard-write; encrypted-media; gyroscope; picture-in-picture; web-share\" referrerpolicy=\"strict-origin-when-cross-origin\" allowfullscreen><\/iframe>\n<\/div><\/figure>\n\n\n\n<p><\/p>\n\n\n\n<p class=\"has-vivid-red-color has-text-color has-medium-font-size\"><strong>EL NORTE STAFF<\/strong><\/p>\n\n\n\n<p><strong>Cd. de M\u00e9xico&nbsp;(06 marzo 2023).-&nbsp;<\/strong>La polit\u00f3loga y acad\u00e9mica&nbsp;<strong>Denise Dresser<\/strong>&nbsp;present\u00f3 una demanda de amparo contra el Presidente&nbsp;<strong>Andr\u00e9s Manuel L\u00f3pez Obrador<\/strong>&nbsp;y sus agresiones verbales desde la ma\u00f1anera.<\/p>\n\n\n\n<p>\u00abDecid\u00ed llevar al Presidente L\u00f3pez Obrador y a su ma\u00f1anera a tribunales, dijo Dresser, que ha sido mencionada en al menos 86 ocasiones en las conferencias.<\/p>\n\n\n\n<p>\u00abDecid\u00ed ampararme y litigar contra algo que se ha vuelto un ejercicio de difamaci\u00f3n, agresi\u00f3n y una forma con la cual se coarta la libertad de expresi\u00f3n de sus cr\u00edticos, y de m\u00faltiples periodistas y ciudadanos.<\/p>\n\n\n\n<p>\u00abYa basta de este abuso cotidiano del poder\u00bb, agreg\u00f3 la tambi\u00e9n columnista de Grupo REFORMA, Dresser record\u00f3 que la \u00abgota que derram\u00f3 el vaso\u00bb fue una conferencia de febrero del 2022, cuando L\u00f3pez Obrador la acus\u00f3 de encabezar una campa\u00f1a en su contra y de aparecer en cables secretos de la Embajada de Estados Unidos.<\/p>\n\n\n\n<p>\u00abEs la gota que para m\u00ed derrama el vaso\u00bb, explic\u00f3, \u00abporque una cosa es que te critique, pero otra es que te se\u00f1ale p\u00fablicamente desde el p\u00falpito m\u00e1s poderoso del Pa\u00eds, como traidora a tu patria.<\/p>\n\n\n\n<p>\u00abSoy la que est\u00e1 en la punta de lanza, pero siento que detr\u00e1s de m\u00ed est\u00e1n muchas personas en la misma situaci\u00f3n\u00bb, a\u00f1adi\u00f3.<\/p>\n\n\n\n<p>Fuente: <a href=\"https:\/\/www.elnorte.com\/se-ampara-denise-dresser-en-contra-de-amlo\/ar2564313?referer=--7d616165662f3a3a6262623b727a7a7279703b767a783a-\">https:\/\/www.elnorte.com\/se-ampara-denise-dresser-en-contra-de-amlo\/ar2564313?referer=&#8211;7d616165662f3a3a6262623b727a7a7279703b767a783a-<\/a><\/p>\n","protected":false},"excerpt":{"rendered":"<p>EL NORTE STAFF Cd. de M\u00e9xico&nbsp;(06 marzo 2023).-&nbsp;La polit\u00f3loga y acad\u00e9mica&nbsp;Denise Dresser&nbsp;present\u00f3 una demanda de amparo contra el Presidente&nbsp;Andr\u00e9s Manuel [&hellip;]<\/p>\n","protected":false},"author":1,"featured_media":47707,"comment_status":"open","ping_status":"open","sticky":false,"template":"","format":"standard","meta":{"site-sidebar-layout":"default","site-content-layout":"","ast-site-content-layout":"default","site-content-style":"default","site-sidebar-style":"default","ast-global-header-display":"","ast-banner-title-visibility":"","ast-main-header-display":"","ast-hfb-above-header-display":"","ast-hfb-below-header-display":"","ast-hfb-mobile-header-display":"","site-post-title":"","ast-breadcrumbs-content":"","ast-featured-img":"","footer-sml-layout":"","theme-transparent-header-meta":"","adv-header-id-meta":"","stick-header-meta":"","header-above-stick-meta":"","header-main-stick-meta":"","header-below-stick-meta":"","astra-migrate-meta-layouts":"default","ast-page-background-enabled":"default","ast-page-background-meta":{"desktop":{"background-color":"var(--ast-global-color-4)","background-image":"","background-repeat":"repeat","background-position":"center center","background-size":"auto","background-attachment":"scroll","background-type":"","background-media":"","overlay-type":"","overlay-color":"","overlay-opacity":"","overlay-gradient":""},"tablet":{"background-color":"","background-image":"","background-repeat":"repeat","background-position":"center center","background-size":"auto","background-attachment":"scroll","background-type":"","background-media":"","overlay-type":"","overlay-color":"","overlay-opacity":"","overlay-gradient":""},"mobile":{"background-color":"","background-image":"","background-repeat":"repeat","background-position":"center center","background-size":"auto","background-attachment":"scroll","background-type":"","background-media":"","overlay-type":"","overlay-color":"","overlay-opacity":"","overlay-gradient":""}},"ast-content-background-meta":{"desktop":{"background-color":"var(--ast-global-color-5)","background-image":"","background-repeat":"repeat","background-position":"center center","background-size":"auto","background-attachment":"scroll","background-type":"","background-media":"","overlay-type":"","overlay-color":"","overlay-opacity":"","overlay-gradient":""},"tablet":{"background-color":"var(--ast-global-color-5)","background-image":"","background-repeat":"repeat","background-position":"center center","background-size":"auto","background-attachment":"scroll","background-type":"","background-media":"","overlay-type":"","overlay-color":"","overlay-opacity":"","overlay-gradient":""},"mobile":{"background-color":"var(--ast-global-color-5)","background-image":"","background-repeat":"repeat","background-position":"center center","background-size":"auto","background-attachment":"scroll","background-type":"","background-media":"","overlay-type":"","overlay-color":"","overlay-opacity":"","overlay-gradient":""}},"footnotes":""},"categories":[8],"tags":[199,2506,11278],"class_list":["post-47706","post","type-post","status-publish","format-standard","has-post-thumbnail","hentry","category-noticias","tag-amlo","tag-denise-dresser","tag-la-mananera"],"_links":{"self":[{"href":"https:\/\/losperiodistas.com.mx\/portal\/wp-json\/wp\/v2\/posts\/47706","targetHints":{"allow":["GET"]}}],"collection":[{"href":"https:\/\/losperiodistas.com.mx\/portal\/wp-json\/wp\/v2\/posts"}],"about":[{"href":"https:\/\/losperiodistas.com.mx\/portal\/wp-json\/wp\/v2\/types\/post"}],"author":[{"embeddable":true,"href":"https:\/\/losperiodistas.com.mx\/portal\/wp-json\/wp\/v2\/users\/1"}],"replies":[{"embeddable":true,"href":"https:\/\/losperiodistas.com.mx\/portal\/wp-json\/wp\/v2\/comments?post=47706"}],"version-history":[{"count":1,"href":"https:\/\/losperiodistas.com.mx\/portal\/wp-json\/wp\/v2\/posts\/47706\/revisions"}],"predecessor-version":[{"id":47708,"href":"https:\/\/losperiodistas.com.mx\/portal\/wp-json\/wp\/v2\/posts\/47706\/revisions\/47708"}],"wp:featuredmedia":[{"embeddable":true,"href":"https:\/\/losperiodistas.com.mx\/portal\/wp-json\/wp\/v2\/media\/47707"}],"wp:attachment":[{"href":"https:\/\/losperiodistas.com.mx\/portal\/wp-json\/wp\/v2\/media?parent=47706"}],"wp:term":[{"taxonomy":"category","embeddable":true,"href":"https:\/\/losperiodistas.com.mx\/portal\/wp-json\/wp\/v2\/categories?post=47706"},{"taxonomy":"post_tag","embeddable":true,"href":"https:\/\/losperiodistas.com.mx\/portal\/wp-json\/wp\/v2\/tags?post=47706"}],"curies":[{"name":"wp","href":"https:\/\/api.w.org\/{rel}","templated":true}]}}