{"id":47690,"date":"2023-03-06T04:39:05","date_gmt":"2023-03-06T10:39:05","guid":{"rendered":"http:\/\/losperiodistas.com.mx\/portal\/?p=47690"},"modified":"2023-03-06T04:39:07","modified_gmt":"2023-03-06T10:39:07","slug":"carlos-iii-mueve-ficha-en-el-monopoly-royal-tras-invitar-a-harry-y-meghan-a-su-coronacion-podria-darles-un-apartamento-en-buckingham-a-cambio-de-frogmore-vanity-fair","status":"publish","type":"post","link":"https:\/\/losperiodistas.com.mx\/portal\/carlos-iii-mueve-ficha-en-el-monopoly-royal-tras-invitar-a-harry-y-meghan-a-su-coronacion-podria-darles-un-apartamento-en-buckingham-a-cambio-de-frogmore-vanity-fair\/","title":{"rendered":"Carlos III mueve ficha en el Monopoly\u00a0royal\u00a0tras invitar a Harry y Meghan a su coronaci\u00f3n: podr\u00eda darles un apartamento en Buckingham a cambio de Frogmore\u00a0| Vanity Fair"},"content":{"rendered":"\n<p class=\"has-pale-pink-background-color has-background has-medium-font-size\">Harry y Meghan han confirmado que Carlos III les ha invitado a su coronaci\u00f3n. Esta misma semana, desvelaron que el rey les hab\u00eda desalojado de su antigua casa en Windsor.<\/p>\n\n\n\n<figure class=\"wp-block-image size-large is-resized is-style-default\"><img fetchpriority=\"high\" decoding=\"async\" src=\"https:\/\/losperiodistas.com.mx\/portal\/wp-content\/uploads\/2023\/03\/Captura-de-Pantalla-2023-03-06-a-las-4.31.08-1024x573.jpg\" alt=\"\" class=\"wp-image-47691\" width=\"840\" height=\"470\" srcset=\"https:\/\/losperiodistas.com.mx\/portal\/wp-content\/uploads\/2023\/03\/Captura-de-Pantalla-2023-03-06-a-las-4.31.08-1024x573.jpg 1024w, https:\/\/losperiodistas.com.mx\/portal\/wp-content\/uploads\/2023\/03\/Captura-de-Pantalla-2023-03-06-a-las-4.31.08-300x168.jpg 300w, https:\/\/losperiodistas.com.mx\/portal\/wp-content\/uploads\/2023\/03\/Captura-de-Pantalla-2023-03-06-a-las-4.31.08-768x430.jpg 768w, https:\/\/losperiodistas.com.mx\/portal\/wp-content\/uploads\/2023\/03\/Captura-de-Pantalla-2023-03-06-a-las-4.31.08-1536x859.jpg 1536w, https:\/\/losperiodistas.com.mx\/portal\/wp-content\/uploads\/2023\/03\/Captura-de-Pantalla-2023-03-06-a-las-4.31.08.jpg 1948w\" sizes=\"(max-width: 840px) 100vw, 840px\" \/><figcaption>Meghan Markle con el pr\u00edncipe Harry y Carlos III en el Trooping the Colour de 2018. MARK CUTHBERT\/GETTY IMAGES<\/figcaption><\/figure>\n\n\n\n<p class=\"has-vivid-red-color has-text-color has-medium-font-size\"><strong>VANITY FAIR<\/strong><\/p>\n\n\n\n<p>Harry y Meghan han confirmado que Carlos III les ha invitado a su coronaci\u00f3n. Esta misma semana, desvelaron que el rey les hab\u00eda desalojado de su antigua casa en Windsor.<\/p>\n\n\n\n<p>Finalmente, el&nbsp;<a href=\"https:\/\/www.revistavanityfair.es\/tags\/principe-carlos-de-inglaterra\">rey Carlos III<\/a>&nbsp;ha invitado al&nbsp;<a href=\"https:\/\/www.revistavanityfair.es\/tags\/principe-harry\">pr\u00edncipe Harry<\/a>&nbsp;y&nbsp;<a href=\"https:\/\/www.revistavanityfair.es\/tags\/meghan-markle\">Meghan Markle<\/a>&nbsp;a su coronaci\u00f3n. Un portavoz de los duques de Sussex ha confirmado este domingo la noticia al&nbsp;<em>Sunday Times<\/em>, si bien ha rechazado desvelar si el matrimonio ha decidido si asistir\u00e1 o no la ceremonia, programada para el pr\u00f3ximo 6 de mayo en la abad\u00eda de Westminster.&nbsp;<\/p>\n\n\n\n<p>\u201cPuedo confirmar que el duque de Sussex ha recibido recientemente un email de la oficina de Su Majestad en lo que respecta a la coronaci\u00f3n. Por el momento no desvelaremos la decisi\u00f3n de si el duque y la duquesa asistir\u00e1n\u201d, cita la edici\u00f3n dominical del\u00a0<em>Times<\/em>\u00a0al portavoz de los duques.\u00a0<\/p>\n\n\n\n<p>La noticia llega d\u00edas despu\u00e9s de que el portavoz del matrimonio confirmara que el rey Carlos III les ha privado&nbsp;<strong>Frogmore Cottage<\/strong>, la casa de campo de la que a\u00fan dispon\u00edan en Windsor.&nbsp;<\/p>\n\n\n\n<p>Seg\u00fan distintas informaciones, el monarca inici\u00f3 el&nbsp;<a href=\"https:\/\/www.revistavanityfair.es\/articulos\/carlos-iii-harry-meghan-desalojo-frogmore-cottage\">procedimiento de desalojo<\/a>&nbsp;justo un d\u00eda despu\u00e9s de la publicaci\u00f3n de las controvertidas memorias de Harry y ha decidido que su nuevo inquilino sea el&nbsp;<strong>pr\u00edncipe Andr\u00e9s<\/strong>. Omid Scobie, un periodista cercano a los duques de Sussex, inform\u00f3 asimismo de que la decisi\u00f3n del rey hab\u00eda molestado a algunos miembros de la familia real brit\u00e1nica. El matrimonio tiene de plazo hasta el verano para desalojar la casa y trasladar las pertenencias que a\u00fan tienen all\u00ed a su mansi\u00f3n de California, informaba Scobie.<\/p>\n\n\n\n<p>\u00abEn un principio les dieron \u00fanicamente unas semanas, pero ahora tienen al menos hasta despu\u00e9s de la coronaci\u00f3n\u201d. Eso les permitir\u00eda alojarse all\u00ed en el caso de asistir a la coronaci\u00f3n, pero \u201ccomplicar\u00eda enormemente\u201d su asistencia a otros acontecimientos futuros de la familia, algo que seg\u00fan a\u00f1ade hoy el diario\u00a0<em>Telegraph<\/em>\u00a0tiene preocupados a los duques de Sussex.\u00a0<\/p>\n\n\n\n<p>El\u00a0<em>Daily Mail<\/em>\u00a0a\u00f1ade este domingo que el rey Carlos III planea ofrecerles los antiguos aposentos en Buckingham del pr\u00edncipe Andr\u00e9s, privado de ellos por su relaci\u00f3n con el caso Epstein as\u00ed como de su antigua casa en Windsor. El tiempo dir\u00e1 c\u00f3mo se resuelve este intrincado intercambio de residencias, calificado ya por la prensa brit\u00e1nica como la versi\u00f3n\u00a0<em>royal<\/em>\u00a0del Monopoly.\u00a0<\/p>\n\n\n\n<p>Fuente: <a href=\"https:\/\/www.revistavanityfair.es\/articulos\/rey-carlos-iii-invitacion-harry-meghan-coronacion\">https:\/\/www.revistavanityfair.es\/articulos\/rey-carlos-iii-invitacion-harry-meghan-coronacion<\/a><\/p>\n","protected":false},"excerpt":{"rendered":"<p>Harry y Meghan han confirmado que Carlos III les ha invitado a su coronaci\u00f3n. Esta misma semana, desvelaron que el [&hellip;]<\/p>\n","protected":false},"author":1,"featured_media":47691,"comment_status":"open","ping_status":"open","sticky":false,"template":"","format":"standard","meta":{"site-sidebar-layout":"default","site-content-layout":"","ast-site-content-layout":"default","site-content-style":"default","site-sidebar-style":"default","ast-global-header-display":"","ast-banner-title-visibility":"","ast-main-header-display":"","ast-hfb-above-header-display":"","ast-hfb-below-header-display":"","ast-hfb-mobile-header-display":"","site-post-title":"","ast-breadcrumbs-content":"","ast-featured-img":"","footer-sml-layout":"","theme-transparent-header-meta":"","adv-header-id-meta":"","stick-header-meta":"","header-above-stick-meta":"","header-main-stick-meta":"","header-below-stick-meta":"","astra-migrate-meta-layouts":"default","ast-page-background-enabled":"default","ast-page-background-meta":{"desktop":{"background-color":"var(--ast-global-color-4)","background-image":"","background-repeat":"repeat","background-position":"center center","background-size":"auto","background-attachment":"scroll","background-type":"","background-media":"","overlay-type":"","overlay-color":"","overlay-opacity":"","overlay-gradient":""},"tablet":{"background-color":"","background-image":"","background-repeat":"repeat","background-position":"center center","background-size":"auto","background-attachment":"scroll","background-type":"","background-media":"","overlay-type":"","overlay-color":"","overlay-opacity":"","overlay-gradient":""},"mobile":{"background-color":"","background-image":"","background-repeat":"repeat","background-position":"center center","background-size":"auto","background-attachment":"scroll","background-type":"","background-media":"","overlay-type":"","overlay-color":"","overlay-opacity":"","overlay-gradient":""}},"ast-content-background-meta":{"desktop":{"background-color":"var(--ast-global-color-5)","background-image":"","background-repeat":"repeat","background-position":"center center","background-size":"auto","background-attachment":"scroll","background-type":"","background-media":"","overlay-type":"","overlay-color":"","overlay-opacity":"","overlay-gradient":""},"tablet":{"background-color":"var(--ast-global-color-5)","background-image":"","background-repeat":"repeat","background-position":"center center","background-size":"auto","background-attachment":"scroll","background-type":"","background-media":"","overlay-type":"","overlay-color":"","overlay-opacity":"","overlay-gradient":""},"mobile":{"background-color":"var(--ast-global-color-5)","background-image":"","background-repeat":"repeat","background-position":"center center","background-size":"auto","background-attachment":"scroll","background-type":"","background-media":"","overlay-type":"","overlay-color":"","overlay-opacity":"","overlay-gradient":""}},"footnotes":""},"categories":[8],"tags":[15423,14188],"class_list":["post-47690","post","type-post","status-publish","format-standard","has-post-thumbnail","hentry","category-noticias","tag-carlos-iii-de-inglaterra","tag-duques-de-sussex"],"_links":{"self":[{"href":"https:\/\/losperiodistas.com.mx\/portal\/wp-json\/wp\/v2\/posts\/47690","targetHints":{"allow":["GET"]}}],"collection":[{"href":"https:\/\/losperiodistas.com.mx\/portal\/wp-json\/wp\/v2\/posts"}],"about":[{"href":"https:\/\/losperiodistas.com.mx\/portal\/wp-json\/wp\/v2\/types\/post"}],"author":[{"embeddable":true,"href":"https:\/\/losperiodistas.com.mx\/portal\/wp-json\/wp\/v2\/users\/1"}],"replies":[{"embeddable":true,"href":"https:\/\/losperiodistas.com.mx\/portal\/wp-json\/wp\/v2\/comments?post=47690"}],"version-history":[{"count":1,"href":"https:\/\/losperiodistas.com.mx\/portal\/wp-json\/wp\/v2\/posts\/47690\/revisions"}],"predecessor-version":[{"id":47694,"href":"https:\/\/losperiodistas.com.mx\/portal\/wp-json\/wp\/v2\/posts\/47690\/revisions\/47694"}],"wp:featuredmedia":[{"embeddable":true,"href":"https:\/\/losperiodistas.com.mx\/portal\/wp-json\/wp\/v2\/media\/47691"}],"wp:attachment":[{"href":"https:\/\/losperiodistas.com.mx\/portal\/wp-json\/wp\/v2\/media?parent=47690"}],"wp:term":[{"taxonomy":"category","embeddable":true,"href":"https:\/\/losperiodistas.com.mx\/portal\/wp-json\/wp\/v2\/categories?post=47690"},{"taxonomy":"post_tag","embeddable":true,"href":"https:\/\/losperiodistas.com.mx\/portal\/wp-json\/wp\/v2\/tags?post=47690"}],"curies":[{"name":"wp","href":"https:\/\/api.w.org\/{rel}","templated":true}]}}