{"id":47681,"date":"2023-03-06T03:44:21","date_gmt":"2023-03-06T09:44:21","guid":{"rendered":"http:\/\/losperiodistas.com.mx\/portal\/?p=47681"},"modified":"2023-03-06T03:44:23","modified_gmt":"2023-03-06T09:44:23","slug":"ex-fiscal-de-trump-acusa-a-amlo-de-proteger-narcotraficantes-de-carteles-mexicanos-el-independiente","status":"publish","type":"post","link":"https:\/\/losperiodistas.com.mx\/portal\/ex-fiscal-de-trump-acusa-a-amlo-de-proteger-narcotraficantes-de-carteles-mexicanos-el-independiente\/","title":{"rendered":"Ex fiscal de Trump acusa a AMLO de proteger narcotraficantes de carteles mexicanos | El Independiente"},"content":{"rendered":"\n<h2 class=\"has-luminous-vivid-amber-background-color has-background has-medium-font-size wp-block-heading\">William Barr, ex fiscal de Estados Unidos en la administraci\u00f3n de Donald Trump en un art\u00edculo de opini\u00f3n que escribi\u00f3 en el peri\u00f3dico \u201cWall Street, asegur\u00f3 que el presidente mexicano, Andr\u00e9s Manuel L\u00f3pez Obrador, no pudo combatir uno de los flagelos m\u00e1s graves que es el tr\u00e1fico de drogas por parte de los carteles mexicanos. Pidi\u00f3 al gobierno de Joe Biden, combatirlos sin cortapisas.<\/h2>\n\n\n\n<figure class=\"wp-block-image size-full is-style-default\"><img fetchpriority=\"high\" decoding=\"async\" width=\"720\" height=\"900\" src=\"https:\/\/losperiodistas.com.mx\/portal\/wp-content\/uploads\/2023\/03\/Nota-William-Barr.jpg\" alt=\"\" class=\"wp-image-47682\" srcset=\"https:\/\/losperiodistas.com.mx\/portal\/wp-content\/uploads\/2023\/03\/Nota-William-Barr.jpg 720w, https:\/\/losperiodistas.com.mx\/portal\/wp-content\/uploads\/2023\/03\/Nota-William-Barr-240x300.jpg 240w\" sizes=\"(max-width: 720px) 100vw, 720px\" \/><\/figure>\n\n\n\n<p><\/p>\n\n\n\n<p class=\"has-vivid-red-color has-text-color has-medium-font-size\"><strong>EL INDEPENDIENTE<\/strong><\/p>\n\n\n\n<p>Acusa ex fiscal de Donald Trump al presidente de la Rep\u00fablica, Andr\u00e9s Manuel L\u00f3pez Obrador de proteger a narcotraficantes por lo que pide que el Ej\u00e9rcito de Estados Unidos, los combata ante este tipo de situaciones que ponen en entredicho la honorabilidad del Jefe del Ejecutivo.<\/p>\n\n\n\n<p>William Barr, ex fiscal del ex presidente estadounidense (2017-2021) en un art\u00edculo publicado por el WST, se\u00f1ala que los carteles de la droga mantienen un control absoluto en nuestro pa\u00eds, por lo que por m\u00e1s esfuerzos y estrategias que implemente el gobierno, la lucha desde su \u00f3ptica, est\u00e1 perdida.<\/p>\n\n\n\n<p>Hizo alusi\u00f3n a los grupos criminales m\u00e1s buscados y con mayor presencia criminal en el pa\u00eds: Cartel Jalisco Nueva Generaci\u00f3n (CJNG), C\u00e1rtel de Ju\u00e1rez, C\u00e1rtel del Noreste y Cartel de la Uni\u00f3n.<\/p>\n\n\n\n<p>Asegur\u00f3 que los c\u00e1rteles (de la droga) tienen a M\u00e9xico en un dominio absoluto como el de una pit\u00f3n.&nbsp;<\/p>\n\n\n\n<p>Dijo que se necesita liderazgo estadounidense para ayudar a M\u00e9xico a liberarse. \u201cNo podemos aceptar un narco estado fallido en nuestra frontera, proporcionando refugio a los grupos narcoterroristas que se aprovechan del pueblo estadounidense\u201d, sostuvo.<\/p>\n\n\n\n<h4 class=\"has-cyan-bluish-gray-background-color has-background wp-block-heading\">Te puede interesar<\/h4>\n\n\n\n<figure class=\"wp-block-image is-style-default\"><a href=\"https:\/\/elindependiente.mx\/nacional\/2023\/03\/03\/ine-salio-en-defensa-del-consejero-edmundo-jacobo\/\"><img decoding=\"async\" src=\"https:\/\/elindependiente.mx\/wp-content\/uploads\/2023\/03\/Nota-INE-150x150.jpg\" alt=\"\"\/><\/a><\/figure>\n\n\n\n<h5 class=\"wp-block-heading\"><a href=\"https:\/\/elindependiente.mx\/nacional\/2023\/03\/03\/ine-salio-en-defensa-del-consejero-edmundo-jacobo\/\">INE sali\u00f3 en defensa del consejero Edmundo Jacobo quien fue cesado como secretario ejecutivo.<\/a><\/h5>\n\n\n\n<h6 class=\"wp-block-heading\">&nbsp;<a href=\"https:\/\/elindependiente.mx\/nacional\/2023\/03\/03\/el-enredado-caso-de-los-libros-de-monreal\/\">El enredado caso de los libros de Monreal que compr\u00f3 el Senado.<\/a><\/h6>\n\n\n\n<h6 class=\"wp-block-heading\">&nbsp;<a href=\"https:\/\/elindependiente.mx\/nacional\/2023\/03\/03\/mexico-es-una-democracia-vibrante\/\">M\u00e9xico es una \u201cdemocracia vibrante\u201d, rectifica el Departamento de Estado de EU.<\/a><\/h6>\n\n\n\n<p>William Barr, ex fiscal de Estados Unidos en la administraci\u00f3n de Donald Trump en un art\u00edculo de opini\u00f3n que escribi\u00f3 en el peri\u00f3dico \u201cWall Street, asegur\u00f3 que el presidente mexicano, Andr\u00e9s Manuel L\u00f3pez Obrador, no pudo combatir uno de los flagelos m\u00e1s graves que es el tr\u00e1fico de drogas por parte de los carteles mexicanos.<\/p>\n\n\n\n<p>Cabe se\u00f1alar que el ex fiscal pidi\u00f3 a la administraci\u00f3n de Joe Biden la intervenci\u00f3n del ej\u00e9rcito de EU para atacar a los c\u00e1rteles mexicanos, tambi\u00e9n acusa al presidente Andr\u00e9s Manuel L\u00f3pez Obrador de proteger a los narcos.<\/p>\n\n\n\n<p>En el art\u00edculo titulado \u201cEstados Unidos debe derrotar a los c\u00e1rteles de la droga de M\u00e9xico\u201d, el exfuncionario de Trump sostiene que los c\u00e1rteles son una amenaza para la seguridad nacional \u201cm\u00e1s parecidos a ISIS que a la mafia estadounidense\u201d y \u201cEstados Unidos ya no puede tolerar los c\u00e1rteles narcoterroristas\u201d.<\/p>\n\n\n\n<p>Es de resaltar que la postura del ex fiscal apoya la propuesta de los legisladores republicanos Dan Crenshaw, de Texas, y Michael Waltz, de Florida, que presentaron en enero pasado que tropas de EU combatan a narcos mexicanos al aumentar el tr\u00e1fico de esa droga.<\/p>\n\n\n\n<p>\u201cCasi todas las drogas il\u00edcitas que ingresan a Estados Unidos est\u00e1n controladas por los c\u00e1rteles mexicanos, principalmente los que tienen su sede en los estados de Sinaloa y Jalisco. Estas organizaciones paramilitares utilizan t\u00e1cticas de soborno y terror para atrincherarse esencialmente como estados dentro del estado, controlando grandes \u00e1reas de M\u00e9xico\u201d, escribi\u00f3 William Barr.<\/p>\n\n\n\n<p>Fuente: <a href=\"https:\/\/elindependiente.mx\/nacional\/2023\/03\/06\/ex-fiscal-de-trump-acusa-a-amlo-de-proteger-narcotraficantes-de-carteles-mexicanos\/\">https:\/\/elindependiente.mx\/nacional\/2023\/03\/06\/ex-fiscal-de-trump-acusa-a-amlo-de-proteger-narcotraficantes-de-carteles-mexicanos\/<\/a><\/p>\n","protected":false},"excerpt":{"rendered":"<p>William Barr, ex fiscal de Estados Unidos en la administraci\u00f3n de Donald Trump en un art\u00edculo de opini\u00f3n que escribi\u00f3 [&hellip;]<\/p>\n","protected":false},"author":1,"featured_media":47682,"comment_status":"open","ping_status":"open","sticky":false,"template":"","format":"standard","meta":{"site-sidebar-layout":"default","site-content-layout":"","ast-site-content-layout":"default","site-content-style":"default","site-sidebar-style":"default","ast-global-header-display":"","ast-banner-title-visibility":"","ast-main-header-display":"","ast-hfb-above-header-display":"","ast-hfb-below-header-display":"","ast-hfb-mobile-header-display":"","site-post-title":"","ast-breadcrumbs-content":"","ast-featured-img":"","footer-sml-layout":"","theme-transparent-header-meta":"","adv-header-id-meta":"","stick-header-meta":"","header-above-stick-meta":"","header-main-stick-meta":"","header-below-stick-meta":"","astra-migrate-meta-layouts":"default","ast-page-background-enabled":"default","ast-page-background-meta":{"desktop":{"background-color":"var(--ast-global-color-4)","background-image":"","background-repeat":"repeat","background-position":"center center","background-size":"auto","background-attachment":"scroll","background-type":"","background-media":"","overlay-type":"","overlay-color":"","overlay-opacity":"","overlay-gradient":""},"tablet":{"background-color":"","background-image":"","background-repeat":"repeat","background-position":"center center","background-size":"auto","background-attachment":"scroll","background-type":"","background-media":"","overlay-type":"","overlay-color":"","overlay-opacity":"","overlay-gradient":""},"mobile":{"background-color":"","background-image":"","background-repeat":"repeat","background-position":"center center","background-size":"auto","background-attachment":"scroll","background-type":"","background-media":"","overlay-type":"","overlay-color":"","overlay-opacity":"","overlay-gradient":""}},"ast-content-background-meta":{"desktop":{"background-color":"var(--ast-global-color-5)","background-image":"","background-repeat":"repeat","background-position":"center center","background-size":"auto","background-attachment":"scroll","background-type":"","background-media":"","overlay-type":"","overlay-color":"","overlay-opacity":"","overlay-gradient":""},"tablet":{"background-color":"var(--ast-global-color-5)","background-image":"","background-repeat":"repeat","background-position":"center center","background-size":"auto","background-attachment":"scroll","background-type":"","background-media":"","overlay-type":"","overlay-color":"","overlay-opacity":"","overlay-gradient":""},"mobile":{"background-color":"var(--ast-global-color-5)","background-image":"","background-repeat":"repeat","background-position":"center center","background-size":"auto","background-attachment":"scroll","background-type":"","background-media":"","overlay-type":"","overlay-color":"","overlay-opacity":"","overlay-gradient":""}},"footnotes":""},"categories":[8],"tags":[15419,15420,696],"class_list":["post-47681","post","type-post","status-publish","format-standard","has-post-thumbnail","hentry","category-noticias","tag-amlo-narcotrafico-mexico","tag-barr-wiliam","tag-joe-biden"],"_links":{"self":[{"href":"https:\/\/losperiodistas.com.mx\/portal\/wp-json\/wp\/v2\/posts\/47681","targetHints":{"allow":["GET"]}}],"collection":[{"href":"https:\/\/losperiodistas.com.mx\/portal\/wp-json\/wp\/v2\/posts"}],"about":[{"href":"https:\/\/losperiodistas.com.mx\/portal\/wp-json\/wp\/v2\/types\/post"}],"author":[{"embeddable":true,"href":"https:\/\/losperiodistas.com.mx\/portal\/wp-json\/wp\/v2\/users\/1"}],"replies":[{"embeddable":true,"href":"https:\/\/losperiodistas.com.mx\/portal\/wp-json\/wp\/v2\/comments?post=47681"}],"version-history":[{"count":1,"href":"https:\/\/losperiodistas.com.mx\/portal\/wp-json\/wp\/v2\/posts\/47681\/revisions"}],"predecessor-version":[{"id":47683,"href":"https:\/\/losperiodistas.com.mx\/portal\/wp-json\/wp\/v2\/posts\/47681\/revisions\/47683"}],"wp:featuredmedia":[{"embeddable":true,"href":"https:\/\/losperiodistas.com.mx\/portal\/wp-json\/wp\/v2\/media\/47682"}],"wp:attachment":[{"href":"https:\/\/losperiodistas.com.mx\/portal\/wp-json\/wp\/v2\/media?parent=47681"}],"wp:term":[{"taxonomy":"category","embeddable":true,"href":"https:\/\/losperiodistas.com.mx\/portal\/wp-json\/wp\/v2\/categories?post=47681"},{"taxonomy":"post_tag","embeddable":true,"href":"https:\/\/losperiodistas.com.mx\/portal\/wp-json\/wp\/v2\/tags?post=47681"}],"curies":[{"name":"wp","href":"https:\/\/api.w.org\/{rel}","templated":true}]}}