{"id":47675,"date":"2023-03-06T03:23:46","date_gmt":"2023-03-06T09:23:46","guid":{"rendered":"http:\/\/losperiodistas.com.mx\/portal\/?p=47675"},"modified":"2023-03-06T03:23:47","modified_gmt":"2023-03-06T09:23:47","slug":"ministra-norma-pina-pide-a-juzgadores-ser-guardianes-de-la-constitucion-la-jornada","status":"publish","type":"post","link":"https:\/\/losperiodistas.com.mx\/portal\/ministra-norma-pina-pide-a-juzgadores-ser-guardianes-de-la-constitucion-la-jornada\/","title":{"rendered":"Ministra Norma Pi\u00f1a pide a juzgadores ser guardianes de la Constituci\u00f3n\u00a0| La Jornada"},"content":{"rendered":"\n<figure class=\"wp-block-image size-large is-style-default\"><img fetchpriority=\"high\" decoding=\"async\" width=\"1024\" height=\"608\" src=\"https:\/\/losperiodistas.com.mx\/portal\/wp-content\/uploads\/2023\/03\/image_large-1024x608.jpeg\" alt=\"\" class=\"wp-image-47676\" srcset=\"https:\/\/losperiodistas.com.mx\/portal\/wp-content\/uploads\/2023\/03\/image_large-1024x608.jpeg 1024w, https:\/\/losperiodistas.com.mx\/portal\/wp-content\/uploads\/2023\/03\/image_large-300x178.jpeg 300w, https:\/\/losperiodistas.com.mx\/portal\/wp-content\/uploads\/2023\/03\/image_large-768x456.jpeg 768w, https:\/\/losperiodistas.com.mx\/portal\/wp-content\/uploads\/2023\/03\/image_large.jpeg 1117w\" sizes=\"(max-width: 1024px) 100vw, 1024px\" \/><figcaption>La ministra Norma Luc\u00eda Pi\u00f1a Hern\u00e1ndez, presidenta del Consejo de la Judicatura Federal (CJF) y de la Suprema Corte de Justicia de la Naci\u00f3n (SCJN).\u00a0Foto\u00a0<strong>Cuartoscuro \/ Archivo<\/strong><\/figcaption><\/figure>\n\n\n\n<p class=\"has-vivid-red-color has-text-color has-medium-font-size\"><strong>LA JORNADA<\/strong><\/p>\n\n\n\n<p><em>Ciudad de M\u00e9xico.<\/em>\u00a0La ministra Norma Luc\u00eda Pi\u00f1a Hern\u00e1ndez, presidenta del Consejo de la Judicatura Federal (CJF) y de la Suprema Corte de Justicia de la Naci\u00f3n (SCJN), llam\u00f3 a los juzgadores a ser guardianes de la Constituci\u00f3n. \u201cEsa es nuestra fuerza, esa es nuestra dignidad y al mismo tiempo, es nuestra responsabilidad\u201d.<\/p>\n\n\n\n<p>Durante el encuentro con jueces y magistrados en el edificio sede de San L\u00e1zaro, Ciudad de M\u00e9xico, les record\u00f3 que en su actuar independiente y responsable radica la dignidad del Poder Judicial de la Federaci\u00f3n (PJF).<\/p>\n\n\n\n<p>En su mensaje reconoci\u00f3 que no son tiempos f\u00e1ciles en ninguna parte del mundo, pero, dijo, si actuamos con responsabilidad, con prudencia de juzgadores, sin que se confunda con cobard\u00eda, todos saldremos adelante.<\/p>\n\n\n\n<p>En un comunicado se inform\u00f3 que la ministra Pi\u00f1a Hern\u00e1ndez mencion\u00f3 que, como juzgadores, se tiene una doble responsabilidad: primero con la familia, porque lo que hacemos como figuras p\u00fablicas repercute en ella; y la segunda con el PJF, porque al estar en el foco de atenci\u00f3n, lo que haga uno repercute en todos, de ah\u00ed que los exhort\u00f3 actuar en unidad.<\/p>\n\n\n\n<p>En el encuentro, explic\u00f3 que existe el compromiso de generar mejores condiciones de trabajo para los juzgadores del pa\u00eds mediante el ejercicio eficiente y responsable del presupuesto p\u00fablico. Ante los 131 asistentes, reconoci\u00f3 la vocaci\u00f3n y entrega de las personas juzgadoras y los servidores p\u00fablicos del PJF, que a diario, dijo, realizan sus funciones con excelencia, compromiso institucional y orgullo de pertenecer al PJF.<\/p>\n\n\n\n<p>Fuente: <a href=\"https:\/\/www.jornada.com.mx\/notas\/2023\/03\/05\/politica\/ministra-norma-pina-pide-a-juzgadores-ser-guardianes-den-la-constitucion\/?from=homeonline&amp;block=carousel&amp;opt=articlelink\">https:\/\/www.jornada.com.mx\/notas\/2023\/03\/05\/politica\/ministra-norma-pina-pide-a-juzgadores-ser-guardianes-den-la-constitucion\/?from=homeonline&amp;block=carousel&amp;opt=articlelink<\/a><\/p>\n","protected":false},"excerpt":{"rendered":"<p>LA JORNADA Ciudad de M\u00e9xico.\u00a0La ministra Norma Luc\u00eda Pi\u00f1a Hern\u00e1ndez, presidenta del Consejo de la Judicatura Federal (CJF) y de [&hellip;]<\/p>\n","protected":false},"author":1,"featured_media":47676,"comment_status":"open","ping_status":"open","sticky":false,"template":"","format":"standard","meta":{"site-sidebar-layout":"default","site-content-layout":"","ast-site-content-layout":"default","site-content-style":"default","site-sidebar-style":"default","ast-global-header-display":"","ast-banner-title-visibility":"","ast-main-header-display":"","ast-hfb-above-header-display":"","ast-hfb-below-header-display":"","ast-hfb-mobile-header-display":"","site-post-title":"","ast-breadcrumbs-content":"","ast-featured-img":"","footer-sml-layout":"","theme-transparent-header-meta":"","adv-header-id-meta":"","stick-header-meta":"","header-above-stick-meta":"","header-main-stick-meta":"","header-below-stick-meta":"","astra-migrate-meta-layouts":"default","ast-page-background-enabled":"default","ast-page-background-meta":{"desktop":{"background-color":"var(--ast-global-color-4)","background-image":"","background-repeat":"repeat","background-position":"center center","background-size":"auto","background-attachment":"scroll","background-type":"","background-media":"","overlay-type":"","overlay-color":"","overlay-opacity":"","overlay-gradient":""},"tablet":{"background-color":"","background-image":"","background-repeat":"repeat","background-position":"center center","background-size":"auto","background-attachment":"scroll","background-type":"","background-media":"","overlay-type":"","overlay-color":"","overlay-opacity":"","overlay-gradient":""},"mobile":{"background-color":"","background-image":"","background-repeat":"repeat","background-position":"center center","background-size":"auto","background-attachment":"scroll","background-type":"","background-media":"","overlay-type":"","overlay-color":"","overlay-opacity":"","overlay-gradient":""}},"ast-content-background-meta":{"desktop":{"background-color":"var(--ast-global-color-5)","background-image":"","background-repeat":"repeat","background-position":"center center","background-size":"auto","background-attachment":"scroll","background-type":"","background-media":"","overlay-type":"","overlay-color":"","overlay-opacity":"","overlay-gradient":""},"tablet":{"background-color":"var(--ast-global-color-5)","background-image":"","background-repeat":"repeat","background-position":"center center","background-size":"auto","background-attachment":"scroll","background-type":"","background-media":"","overlay-type":"","overlay-color":"","overlay-opacity":"","overlay-gradient":""},"mobile":{"background-color":"var(--ast-global-color-5)","background-image":"","background-repeat":"repeat","background-position":"center center","background-size":"auto","background-attachment":"scroll","background-type":"","background-media":"","overlay-type":"","overlay-color":"","overlay-opacity":"","overlay-gradient":""}},"footnotes":""},"categories":[8],"tags":[15415,15047,15414],"class_list":["post-47675","post","type-post","status-publish","format-standard","has-post-thumbnail","hentry","category-noticias","tag-jueces-mexico","tag-ministra-norma-pina","tag-tsjn"],"_links":{"self":[{"href":"https:\/\/losperiodistas.com.mx\/portal\/wp-json\/wp\/v2\/posts\/47675","targetHints":{"allow":["GET"]}}],"collection":[{"href":"https:\/\/losperiodistas.com.mx\/portal\/wp-json\/wp\/v2\/posts"}],"about":[{"href":"https:\/\/losperiodistas.com.mx\/portal\/wp-json\/wp\/v2\/types\/post"}],"author":[{"embeddable":true,"href":"https:\/\/losperiodistas.com.mx\/portal\/wp-json\/wp\/v2\/users\/1"}],"replies":[{"embeddable":true,"href":"https:\/\/losperiodistas.com.mx\/portal\/wp-json\/wp\/v2\/comments?post=47675"}],"version-history":[{"count":1,"href":"https:\/\/losperiodistas.com.mx\/portal\/wp-json\/wp\/v2\/posts\/47675\/revisions"}],"predecessor-version":[{"id":47677,"href":"https:\/\/losperiodistas.com.mx\/portal\/wp-json\/wp\/v2\/posts\/47675\/revisions\/47677"}],"wp:featuredmedia":[{"embeddable":true,"href":"https:\/\/losperiodistas.com.mx\/portal\/wp-json\/wp\/v2\/media\/47676"}],"wp:attachment":[{"href":"https:\/\/losperiodistas.com.mx\/portal\/wp-json\/wp\/v2\/media?parent=47675"}],"wp:term":[{"taxonomy":"category","embeddable":true,"href":"https:\/\/losperiodistas.com.mx\/portal\/wp-json\/wp\/v2\/categories?post=47675"},{"taxonomy":"post_tag","embeddable":true,"href":"https:\/\/losperiodistas.com.mx\/portal\/wp-json\/wp\/v2\/tags?post=47675"}],"curies":[{"name":"wp","href":"https:\/\/api.w.org\/{rel}","templated":true}]}}