{"id":47672,"date":"2023-03-06T03:17:45","date_gmt":"2023-03-06T09:17:45","guid":{"rendered":"http:\/\/losperiodistas.com.mx\/portal\/?p=47672"},"modified":"2023-03-06T03:17:47","modified_gmt":"2023-03-06T09:17:47","slug":"sanemos-a-la-familia-para-sanar-la-sociedad-dlf","status":"publish","type":"post","link":"https:\/\/losperiodistas.com.mx\/portal\/sanemos-a-la-familia-para-sanar-la-sociedad-dlf\/","title":{"rendered":"Sanemos a la familia para sanar la sociedad\u00a0| DLF"},"content":{"rendered":"\n<p class=\"has-medium-font-size\">Exhortamos a todos los sectores sociales a trabajar en el fortalecimiento de las familias, especialmente de las que est\u00e1n heridas.<\/p>\n\n\n\n<figure class=\"wp-block-image size-large is-style-default\"><img fetchpriority=\"high\" decoding=\"async\" width=\"1024\" height=\"683\" src=\"https:\/\/losperiodistas.com.mx\/portal\/wp-content\/uploads\/2023\/03\/familia-sin-violencia-1024x683.jpg\" alt=\"\" class=\"wp-image-47673\" srcset=\"https:\/\/losperiodistas.com.mx\/portal\/wp-content\/uploads\/2023\/03\/familia-sin-violencia-1024x683.jpg 1024w, https:\/\/losperiodistas.com.mx\/portal\/wp-content\/uploads\/2023\/03\/familia-sin-violencia-300x200.jpg 300w, https:\/\/losperiodistas.com.mx\/portal\/wp-content\/uploads\/2023\/03\/familia-sin-violencia-768x512.jpg 768w, https:\/\/losperiodistas.com.mx\/portal\/wp-content\/uploads\/2023\/03\/familia-sin-violencia.jpg 1200w\" sizes=\"(max-width: 1024px) 100vw, 1024px\" \/><figcaption>La familia es una verdadera escuela de valores.<\/figcaption><\/figure>\n\n\n\n<p class=\"has-vivid-red-color has-text-color has-medium-font-size\"><strong>EDITORIAL DESDE LA FE<\/strong><\/p>\n\n\n\n<p>Este domingo se celebra en M\u00e9xico el D\u00eda de la Familia y, como todos los a\u00f1os, es una oportunidad para reflexionar sobre el valor de esta instituci\u00f3n, e impulsar que, a partir de ella, se siga construyendo una sociedad sana.<\/p>\n\n\n\n<p>Durante la visita pastoral que realiza el cardenal Carlos Aguiar Retes y sus Obispos Auxiliares por todas las parroquias de la Arquidi\u00f3cesis de M\u00e9xico, se ha podido constatar la grave crisis que atraviesa la familia en la actualidad, provocada, entre otros motivos, por una fractura cultural que hace mucho m\u00e1s dif\u00edcil la transmisi\u00f3n de la experiencia de fe y los valores cristianos.<\/p>\n\n\n\n<p>En las reuniones que ha sostenido con los consejos pastorales en las m\u00e1s de 300 parroquias y rector\u00edas que se han visitado, el Arzobispo ha explicado c\u00f3mo esta fractura cultural ha provocado confusi\u00f3n y rechazo al proyecto de familia instituido por Dios; ha generado violencia intrafamiliar, adem\u00e1s de una evasi\u00f3n al compromiso de procrear hijos.<\/p>\n\n\n\n<p>La Iglesia Cat\u00f3lica est\u00e1 empe\u00f1ada en revertir este proceso que amenaza los valores cristianos siguiendo la pauta que dej\u00f3 en su momento san Juan Pablo II; el camino que \u00e9l nos se\u00f1al\u00f3 fue el de evangelizar con nuevo ardor, nuevos m\u00e9todos y nuevas expresiones.<\/p>\n\n\n\n<p>El reto no es f\u00e1cil, pero caminamos con la esperanza puesta en Dios, buscando salir de nuestros templos para llevar la Buena Nueva del Evangelio a cada familia en la que Dios quiere ser reconocido y adorado.<\/p>\n\n\n\n<p>Ese esfuerzo del pueblo de Dios se ve debilitado cuando, en otros sectores de la sociedad, no se tiene claro que la familia es el n\u00facleo desde el cual se construye todo el tejido social. Cuando contemplamos la violencia, los asesinatos, los j\u00f3venes perdidos en las adicciones, la delincuencia como modo ordinario de vida, entre otras amenazas al tejido social, no podemos dejar de reconocer que es en la familia donde se gestan estos anti-valores.<\/p>\n\n\n\n<p>Por ello, si queremos superar los males que desgarran diariamente a la sociedad mexicana, es indispensable valorar la misi\u00f3n de la familia como espacio \u00edntimo y cierto, donde se desarrollan las personas de manera integral y por ende, donde se sanan los males de la sociedad.<\/p>\n\n\n\n<p>Aqu\u00ed es donde todo cristiano tiene su gran misi\u00f3n; todo bautizado es un n\u00facleo de esperanza en su hogar, pero para que esta esperanza sea efectiva, necesitamos acercarnos a Cristo, tomarnos de la mano de Nuestra Madre Sant\u00edsima, formar nuestras conciencias, esforzarnos por vivir fraternalmente y acompa\u00f1arnos unos a otros para recuperar el espacio de cada hogar, como lugar privilegiado para la formaci\u00f3n de los valores cristianos y la construcci\u00f3n de una sociedad que ofrezca un espacio de desarrollo a todo ciudadano.<\/p>\n\n\n\n<p>El Estado carga tambi\u00e9n con una gran responsabilidad en la promoci\u00f3n de familias m\u00e1s sanas, estables y abiertas al desarrollo pleno de todos sus miembros.&nbsp;Tambi\u00e9n puede promover que las familias se desarrollen sanamente como c\u00e9lulas b\u00e1sicas en la sociedad; fomentar los valores de responsabilidad, honestidad, fraternidad y respeto, bajo los principios universales.<\/p>\n\n\n\n<p>Ante la importancia que representa el gran reto de recuperar las familias como espacio para la transmisi\u00f3n de los valores civiles y cristianos, la Arquidi\u00f3cesis de M\u00e9xico ha querido dedicar todo un mes a las familias, bajo el lema: \u201cSanando a las familias, cuna del amor\u201d.<\/p>\n\n\n\n<p>Para ello ha preparado una serie de conferencias, talleres y cursos, v\u00eda plataformas digitales, con la finalidad de apoyar a todas las familias en su lucha por sanar y recuperar el espacio de sus hogares como lugar de crecimiento personal y comunitario.<\/p>\n\n\n\n<p>Invitamos a todas las familias, a los sectores sociales y a todos los miembros de la Iglesia, a trabajar juntos en el fortalecimiento de las familias, especialmente de las que est\u00e1n heridas por la violencia o la pobreza extrema. Queremos ayudar a disipar los signos de desesperanza, a sanar la ruptura cultural, a erradicar la violencia y alcanzar as\u00ed la convivencia integral que permita so\u00f1ar con una sociedad m\u00e1s sana.<\/p>\n\n\n\n<p>Fuente: <a href=\"https:\/\/desdelafe.mx\/editorial\/sanemos-familia-para-sanar-sociedad\/?utm_source=home1&amp;utm_medium=portada&amp;utm_id=portada\">https:\/\/desdelafe.mx\/editorial\/sanemos-familia-para-sanar-sociedad\/?utm_source=home1&amp;utm_medium=portada&amp;utm_id=portada<\/a><\/p>\n","protected":false},"excerpt":{"rendered":"<p>Exhortamos a todos los sectores sociales a trabajar en el fortalecimiento de las familias, especialmente de las que est\u00e1n heridas. [&hellip;]<\/p>\n","protected":false},"author":1,"featured_media":47673,"comment_status":"open","ping_status":"open","sticky":false,"template":"","format":"standard","meta":{"site-sidebar-layout":"default","site-content-layout":"","ast-site-content-layout":"default","site-content-style":"default","site-sidebar-style":"default","ast-global-header-display":"","ast-banner-title-visibility":"","ast-main-header-display":"","ast-hfb-above-header-display":"","ast-hfb-below-header-display":"","ast-hfb-mobile-header-display":"","site-post-title":"","ast-breadcrumbs-content":"","ast-featured-img":"","footer-sml-layout":"","theme-transparent-header-meta":"","adv-header-id-meta":"","stick-header-meta":"","header-above-stick-meta":"","header-main-stick-meta":"","header-below-stick-meta":"","astra-migrate-meta-layouts":"default","ast-page-background-enabled":"default","ast-page-background-meta":{"desktop":{"background-color":"var(--ast-global-color-4)","background-image":"","background-repeat":"repeat","background-position":"center center","background-size":"auto","background-attachment":"scroll","background-type":"","background-media":"","overlay-type":"","overlay-color":"","overlay-opacity":"","overlay-gradient":""},"tablet":{"background-color":"","background-image":"","background-repeat":"repeat","background-position":"center center","background-size":"auto","background-attachment":"scroll","background-type":"","background-media":"","overlay-type":"","overlay-color":"","overlay-opacity":"","overlay-gradient":""},"mobile":{"background-color":"","background-image":"","background-repeat":"repeat","background-position":"center center","background-size":"auto","background-attachment":"scroll","background-type":"","background-media":"","overlay-type":"","overlay-color":"","overlay-opacity":"","overlay-gradient":""}},"ast-content-background-meta":{"desktop":{"background-color":"var(--ast-global-color-5)","background-image":"","background-repeat":"repeat","background-position":"center center","background-size":"auto","background-attachment":"scroll","background-type":"","background-media":"","overlay-type":"","overlay-color":"","overlay-opacity":"","overlay-gradient":""},"tablet":{"background-color":"var(--ast-global-color-5)","background-image":"","background-repeat":"repeat","background-position":"center center","background-size":"auto","background-attachment":"scroll","background-type":"","background-media":"","overlay-type":"","overlay-color":"","overlay-opacity":"","overlay-gradient":""},"mobile":{"background-color":"var(--ast-global-color-5)","background-image":"","background-repeat":"repeat","background-position":"center center","background-size":"auto","background-attachment":"scroll","background-type":"","background-media":"","overlay-type":"","overlay-color":"","overlay-opacity":"","overlay-gradient":""}},"footnotes":""},"categories":[8],"tags":[],"class_list":["post-47672","post","type-post","status-publish","format-standard","has-post-thumbnail","hentry","category-noticias"],"_links":{"self":[{"href":"https:\/\/losperiodistas.com.mx\/portal\/wp-json\/wp\/v2\/posts\/47672","targetHints":{"allow":["GET"]}}],"collection":[{"href":"https:\/\/losperiodistas.com.mx\/portal\/wp-json\/wp\/v2\/posts"}],"about":[{"href":"https:\/\/losperiodistas.com.mx\/portal\/wp-json\/wp\/v2\/types\/post"}],"author":[{"embeddable":true,"href":"https:\/\/losperiodistas.com.mx\/portal\/wp-json\/wp\/v2\/users\/1"}],"replies":[{"embeddable":true,"href":"https:\/\/losperiodistas.com.mx\/portal\/wp-json\/wp\/v2\/comments?post=47672"}],"version-history":[{"count":1,"href":"https:\/\/losperiodistas.com.mx\/portal\/wp-json\/wp\/v2\/posts\/47672\/revisions"}],"predecessor-version":[{"id":47674,"href":"https:\/\/losperiodistas.com.mx\/portal\/wp-json\/wp\/v2\/posts\/47672\/revisions\/47674"}],"wp:featuredmedia":[{"embeddable":true,"href":"https:\/\/losperiodistas.com.mx\/portal\/wp-json\/wp\/v2\/media\/47673"}],"wp:attachment":[{"href":"https:\/\/losperiodistas.com.mx\/portal\/wp-json\/wp\/v2\/media?parent=47672"}],"wp:term":[{"taxonomy":"category","embeddable":true,"href":"https:\/\/losperiodistas.com.mx\/portal\/wp-json\/wp\/v2\/categories?post=47672"},{"taxonomy":"post_tag","embeddable":true,"href":"https:\/\/losperiodistas.com.mx\/portal\/wp-json\/wp\/v2\/tags?post=47672"}],"curies":[{"name":"wp","href":"https:\/\/api.w.org\/{rel}","templated":true}]}}