{"id":47660,"date":"2023-03-05T11:04:49","date_gmt":"2023-03-05T17:04:49","guid":{"rendered":"http:\/\/losperiodistas.com.mx\/portal\/?p=47660"},"modified":"2023-03-05T11:09:14","modified_gmt":"2023-03-05T17:09:14","slug":"primer-podio-de-verstappen-checo-red-bull-conquisto-bahrein-alonso-dio-brillante-actuacion-mc","status":"publish","type":"post","link":"https:\/\/losperiodistas.com.mx\/portal\/primer-podio-de-verstappen-checo-red-bull-conquisto-bahrein-alonso-dio-brillante-actuacion-mc\/","title":{"rendered":"\u00a1Primer podio de Verstappen &#8211; Checo! Red Bull conquist\u00f3 Bahrein; Alonso dio brillante actuaci\u00f3n | MC"},"content":{"rendered":"\n<p class=\"has-vivid-green-cyan-background-color has-background has-medium-font-size\">Se llev\u00f3 a cabo el primer Gran Premio de la Temporada con un Red Bull dominando de inicio a fin<\/p>\n\n\n\n<figure class=\"wp-block-image size-large is-style-default\"><img fetchpriority=\"high\" decoding=\"async\" width=\"1024\" height=\"683\" src=\"https:\/\/losperiodistas.com.mx\/portal\/wp-content\/uploads\/2023\/03\/16780338362524-1024x683.jpg\" alt=\"\" class=\"wp-image-47661\" srcset=\"https:\/\/losperiodistas.com.mx\/portal\/wp-content\/uploads\/2023\/03\/16780338362524-1024x683.jpg 1024w, https:\/\/losperiodistas.com.mx\/portal\/wp-content\/uploads\/2023\/03\/16780338362524-300x200.jpg 300w, https:\/\/losperiodistas.com.mx\/portal\/wp-content\/uploads\/2023\/03\/16780338362524-768x512.jpg 768w, https:\/\/losperiodistas.com.mx\/portal\/wp-content\/uploads\/2023\/03\/16780338362524.jpg 1320w\" sizes=\"(max-width: 1024px) 100vw, 1024px\" \/><figcaption>Aqu\u00ed el momento de la batalla entre Checo y Leclerc en Bahrein\/ @F1<\/figcaption><\/figure>\n\n\n\n<p class=\"has-vivid-red-color has-text-color has-medium-font-size\"><strong>EDUARDO \u00c1VILA \/ MARCA CLARO<\/strong><\/p>\n\n\n\n<p class=\"has-drop-cap\">Red Bull dominando las pistas. Parece que ser\u00e1 el tercer a\u00f1o de F\u00f3rmula 1 donde esa frase se repetir\u00e1. O al menos eso nos dice el deporte motor tras lo sucedido en el primer Gran Premio de la temporada en el trazado de Bahrein, donde Max Verstappen y Sergio &#8216;Checo&#8217; P\u00e9rez lograron las posiciones 1 y 2, y en un tercer lugar, tras gran actuaci\u00f3n, qued\u00f3 Fernando Alonso (podio 98 en la historia del asturiano).<\/p>\n\n\n\n<p>CHECO&#8230; sobresaliente en Bahrein<\/p>\n\n\n\n<p>Sergio P\u00e9rez tuvo una actuaci\u00f3n destacada despu\u00e9s de una largada complicada, en la que perdi\u00f3 el segundo lugar logrado en la clasificaci\u00f3n del fin de semana. Y es que Charles Leclerc logr\u00f3 superar la posici\u00f3n del mexicano y durante 25 vueltas el piloto de Ferrari logr\u00f3 estar en la posici\u00f3n 2.<\/p>\n\n\n\n<p>Fue hasta la vuelta 26, que Checo, ya con llantas blandas logr\u00f3 volver a la posici\u00f3n inicial y no perderla m\u00e1s. Mientras que su compa\u00f1ero, dos veces campe\u00f3n de F\u00f3rmula 1, estuvo en lo m\u00e1s alto de la clasificaci\u00f3n de inicio a fin, con una carrera bastante tranquila<\/p>\n\n\n\n<p>Sergio P\u00e9rez lleva con este un total de 27 podios en su carrera, siendo esta vez la d\u00e9cimo primera vez que logra un segundo lugar. Adem\u00e1s, sexta ocasi\u00f3n que Verstappen &#8211; Checo logran una mancuerna en podio desde que est\u00e1n juntos en Red Bull.<\/p>\n\n\n\n<p><strong>FERNANDO ALONSO&#8230; actuaci\u00f3n destacada<\/strong><\/p>\n\n\n\n<p>El piloto de Alfa Romeo tuvo en Bahrein un renacer total. Primero en la vuelta 37 tuvo pelea f\u00e9rrea con Lewis Hamilton. El duelo entre campeones del mundo fue ganado por el asturiano, para consolidarse en un quinto puesto.<\/p>\n\n\n\n<p>Tras el abandono de Leclerc en la vuelta 41 (Ferrari, un mal d\u00eda para ellos) Fernando Alonso logr\u00f3 subirse al podio tras superar a Carlos Sainz en la vuelta 46. Sin duda, el piloto del d\u00eda es el espa\u00f1ol.<\/p>\n\n\n\n<figure class=\"wp-block-embed is-type-rich is-provider-twitter wp-block-embed-twitter\"><div class=\"wp-block-embed__wrapper\">\n<blockquote class=\"twitter-tweet\" data-width=\"500\" data-dnt=\"true\"><p lang=\"en\" dir=\"ltr\">FERNANDO ON THE PODIUM!!!! <a href=\"https:\/\/twitter.com\/hashtag\/BahrainGP?src=hash&amp;ref_src=twsrc%5Etfw\">#BahrainGP<\/a> <a href=\"https:\/\/twitter.com\/hashtag\/F1?src=hash&amp;ref_src=twsrc%5Etfw\">#F1<\/a> <a href=\"https:\/\/t.co\/mlUlFM6E5P\">pic.twitter.com\/mlUlFM6E5P<\/a><\/p>&mdash; Formula 1 (@F1) <a href=\"https:\/\/twitter.com\/F1\/status\/1632420506329554944?ref_src=twsrc%5Etfw\">March 5, 2023<\/a><\/blockquote><script async src=\"https:\/\/platform.twitter.com\/widgets.js\" charset=\"utf-8\"><\/script>\n<\/div><\/figure>\n\n\n\n<p>\u00abEstoy muy orgulloso de ustedes\u00bb se escuch\u00f3 en la radio de Alonso, tras una gran carrera. Ya despu\u00e9s de la carrera, en entrevista con la F1 asegur\u00f3 que \u00abNo tuvimos el mejor arranque, pero tomamos ritmo, y la verdad creo que (la batalla ante Hamilton) lo disfrut\u00f3 la gente<\/p>\n\n\n\n<p>Como dato, el punto extra por vuelta m\u00e1s r\u00e1pida, fue para Zhou Guanyu con 1:33.996<\/p>\n\n\n\n<figure class=\"wp-block-embed is-type-rich is-provider-twitter wp-block-embed-twitter\"><div class=\"wp-block-embed__wrapper\">\nhttps:\/\/twitter.com\/F1\/status\/1632418339321442304?ref_src=twsrc%5Etfw%7Ctwcamp%5Etweetembed%7Ctwterm%5E1632418339321442304%7Ctwgr%5E43a2a27c387bf68488090caa8e58e1b6e431529b%7Ctwcon%5Es1_c10&#038;ref_url=https%3A%2F%2Fwww.marca.com%2Fmx%2Fmotor%2Fformula-1%2F2023%2F03%2F05%2F6404c3e7e2704eaa7e8b458f.html\n<\/div><\/figure>\n\n\n\n<p><\/p>\n\n\n\n<p>Fuente: <a href=\"https:\/\/www.marca.com\/mx\/motor\/formula-1\/2023\/03\/05\/6404c3e7e2704eaa7e8b458f.html\">https:\/\/www.marca.com\/mx\/motor\/formula-1\/2023\/03\/05\/6404c3e7e2704eaa7e8b458f.html<\/a><\/p>\n","protected":false},"excerpt":{"rendered":"<p>Se llev\u00f3 a cabo el primer Gran Premio de la Temporada con un Red Bull dominando de inicio a fin [&hellip;]<\/p>\n","protected":false},"author":1,"featured_media":47661,"comment_status":"open","ping_status":"open","sticky":false,"template":"","format":"standard","meta":{"site-sidebar-layout":"default","site-content-layout":"","ast-site-content-layout":"default","site-content-style":"default","site-sidebar-style":"default","ast-global-header-display":"","ast-banner-title-visibility":"","ast-main-header-display":"","ast-hfb-above-header-display":"","ast-hfb-below-header-display":"","ast-hfb-mobile-header-display":"","site-post-title":"","ast-breadcrumbs-content":"","ast-featured-img":"","footer-sml-layout":"","theme-transparent-header-meta":"","adv-header-id-meta":"","stick-header-meta":"","header-above-stick-meta":"","header-main-stick-meta":"","header-below-stick-meta":"","astra-migrate-meta-layouts":"default","ast-page-background-enabled":"default","ast-page-background-meta":{"desktop":{"background-color":"var(--ast-global-color-4)","background-image":"","background-repeat":"repeat","background-position":"center center","background-size":"auto","background-attachment":"scroll","background-type":"","background-media":"","overlay-type":"","overlay-color":"","overlay-opacity":"","overlay-gradient":""},"tablet":{"background-color":"","background-image":"","background-repeat":"repeat","background-position":"center center","background-size":"auto","background-attachment":"scroll","background-type":"","background-media":"","overlay-type":"","overlay-color":"","overlay-opacity":"","overlay-gradient":""},"mobile":{"background-color":"","background-image":"","background-repeat":"repeat","background-position":"center center","background-size":"auto","background-attachment":"scroll","background-type":"","background-media":"","overlay-type":"","overlay-color":"","overlay-opacity":"","overlay-gradient":""}},"ast-content-background-meta":{"desktop":{"background-color":"var(--ast-global-color-5)","background-image":"","background-repeat":"repeat","background-position":"center center","background-size":"auto","background-attachment":"scroll","background-type":"","background-media":"","overlay-type":"","overlay-color":"","overlay-opacity":"","overlay-gradient":""},"tablet":{"background-color":"var(--ast-global-color-5)","background-image":"","background-repeat":"repeat","background-position":"center center","background-size":"auto","background-attachment":"scroll","background-type":"","background-media":"","overlay-type":"","overlay-color":"","overlay-opacity":"","overlay-gradient":""},"mobile":{"background-color":"var(--ast-global-color-5)","background-image":"","background-repeat":"repeat","background-position":"center center","background-size":"auto","background-attachment":"scroll","background-type":"","background-media":"","overlay-type":"","overlay-color":"","overlay-opacity":"","overlay-gradient":""}},"footnotes":""},"categories":[8],"tags":[276,15413],"class_list":["post-47660","post","type-post","status-publish","format-standard","has-post-thumbnail","hentry","category-noticias","tag-checo-perez","tag-gp-bahrein"],"_links":{"self":[{"href":"https:\/\/losperiodistas.com.mx\/portal\/wp-json\/wp\/v2\/posts\/47660","targetHints":{"allow":["GET"]}}],"collection":[{"href":"https:\/\/losperiodistas.com.mx\/portal\/wp-json\/wp\/v2\/posts"}],"about":[{"href":"https:\/\/losperiodistas.com.mx\/portal\/wp-json\/wp\/v2\/types\/post"}],"author":[{"embeddable":true,"href":"https:\/\/losperiodistas.com.mx\/portal\/wp-json\/wp\/v2\/users\/1"}],"replies":[{"embeddable":true,"href":"https:\/\/losperiodistas.com.mx\/portal\/wp-json\/wp\/v2\/comments?post=47660"}],"version-history":[{"count":2,"href":"https:\/\/losperiodistas.com.mx\/portal\/wp-json\/wp\/v2\/posts\/47660\/revisions"}],"predecessor-version":[{"id":47663,"href":"https:\/\/losperiodistas.com.mx\/portal\/wp-json\/wp\/v2\/posts\/47660\/revisions\/47663"}],"wp:featuredmedia":[{"embeddable":true,"href":"https:\/\/losperiodistas.com.mx\/portal\/wp-json\/wp\/v2\/media\/47661"}],"wp:attachment":[{"href":"https:\/\/losperiodistas.com.mx\/portal\/wp-json\/wp\/v2\/media?parent=47660"}],"wp:term":[{"taxonomy":"category","embeddable":true,"href":"https:\/\/losperiodistas.com.mx\/portal\/wp-json\/wp\/v2\/categories?post=47660"},{"taxonomy":"post_tag","embeddable":true,"href":"https:\/\/losperiodistas.com.mx\/portal\/wp-json\/wp\/v2\/tags?post=47660"}],"curies":[{"name":"wp","href":"https:\/\/api.w.org\/{rel}","templated":true}]}}