{"id":47609,"date":"2023-03-04T07:53:29","date_gmt":"2023-03-04T13:53:29","guid":{"rendered":"http:\/\/losperiodistas.com.mx\/portal\/?p=47609"},"modified":"2023-03-04T07:53:31","modified_gmt":"2023-03-04T13:53:31","slug":"arechiga-libre-por-intervencion-de-ricardo-monreal-e-consulta","status":"publish","type":"post","link":"https:\/\/losperiodistas.com.mx\/portal\/arechiga-libre-por-intervencion-de-ricardo-monreal-e-consulta\/","title":{"rendered":"Ar\u00e9chiga, libre por intervenci\u00f3n de Ricardo Monreal | E-Consulta"},"content":{"rendered":"\n<p class=\"has-vivid-green-cyan-background-color has-background has-medium-font-size\"><strong>Ar\u00e9chiga fue arrestado la noche del 28 de febrero en la carretera federal Atlixco-Iz\u00facar, a la altura de Plaza Gemma<\/strong><\/p>\n\n\n\n<p><\/p>\n\n\n\n<figure class=\"wp-block-image size-full is-style-default\"><img fetchpriority=\"high\" decoding=\"async\" width=\"640\" height=\"426\" src=\"https:\/\/losperiodistas.com.mx\/portal\/wp-content\/uploads\/2023\/03\/arechiga_libre_por_intervencion_de_ricardo_monreale.jpg\" alt=\"\" class=\"wp-image-47610\" srcset=\"https:\/\/losperiodistas.com.mx\/portal\/wp-content\/uploads\/2023\/03\/arechiga_libre_por_intervencion_de_ricardo_monreale.jpg 640w, https:\/\/losperiodistas.com.mx\/portal\/wp-content\/uploads\/2023\/03\/arechiga_libre_por_intervencion_de_ricardo_monreale-300x200.jpg 300w\" sizes=\"(max-width: 640px) 100vw, 640px\" \/><figcaption><em>Foto \/ Agencia Enfoque<\/em><\/figcaption><\/figure>\n\n\n\n<p><\/p>\n\n\n\n<p class=\"has-vivid-red-color has-text-color has-medium-font-size\"><strong>ANAID PI\u00d1AS \/ E-CONSULTA<\/strong><\/p>\n\n\n\n<p><strong><a href=\"https:\/\/www.e-consulta.com\/nota\/2023-03-03\/seguridad\/guillermo-arechiga-sale-de-prision-juez-libera-extitular-smt-de-barbosa\" target=\"_blank\" rel=\"noreferrer noopener\">Guillermo Ar\u00e9chiga Santamar\u00eda<\/a><\/strong>, titular de la Secretar\u00eda de Movilidad y Transporte (SMT) de Puebla en el gobierno de Luis Miguel Barbosa Huerta, fue puesto en libertad tras una reuni\u00f3n del senador&nbsp;<a href=\"https:\/\/www.e-consulta.com\/nota\/2022-09-02\/politica\/ricardo-monreal-pide-mier-y-armenta-unidad-en-morena-puebla\" target=\"_blank\" rel=\"noreferrer noopener\"><strong>Ricardo Monreal \u00c1vila<\/strong><\/a>&nbsp;con el gobernador&nbsp;<a href=\"https:\/\/www.e-consulta.com\/nota\/2023-03-03\/politica\/ricardo-monreal-pidio-gobernador-cespedes-liberar-guillermo-arechiga\" target=\"_blank\" rel=\"noreferrer noopener\">Sergio&nbsp;<strong>Salom\u00f3n C\u00e9spedes Peregrina<\/strong><\/a>.<\/p>\n\n\n\n<p>De la reuni\u00f3n entre ambos dio cuenta la noche del jueves 2 de marzo el gobernador de Puebla, quien escribi\u00f3 en sus redes sociales: \u201c<strong>Tuve el gusto de saludar al Senador de la Rep\u00fablica<\/strong>,&nbsp;<a href=\"https:\/\/twitter.com\/RicardoMonrealA\" target=\"_blank\" rel=\"noreferrer noopener\">@RicardoMonrealA<\/a>, durante una productiva gira de trabajo en la&nbsp;<a href=\"https:\/\/twitter.com\/hashtag\/CDMX?src=hashtag_click\" target=\"_blank\" rel=\"noreferrer noopener\">#CDMX<\/a>\u201d.<\/p>\n\n\n\n<p class=\"has-cyan-bluish-gray-background-color has-background\"><strong>Te recomendamos:\u00a0<em><a href=\"https:\/\/www.e-consulta.com\/nota\/2022-03-07\/seguridad\/vinculan-proceso-guillermo-arechiga-por-uso-indebido-de-funciones\" target=\"_blank\" rel=\"noreferrer noopener\">Vinculan a proceso a Ar\u00e9chiga por uso indebido de funciones<\/a><\/em><\/strong><\/p>\n\n\n\n<figure class=\"wp-block-embed is-type-rich is-provider-twitter wp-block-embed-twitter\"><div class=\"wp-block-embed__wrapper\">\n<blockquote class=\"twitter-tweet\" data-width=\"500\" data-dnt=\"true\"><p lang=\"es\" dir=\"ltr\">Tuve el gusto de saludar al Senador de la Rep\u00fablica, <a href=\"https:\/\/twitter.com\/RicardoMonrealA?ref_src=twsrc%5Etfw\">@RicardoMonrealA<\/a>, durante una productiva gira de trabajo en la <a href=\"https:\/\/twitter.com\/hashtag\/CDMX?src=hash&amp;ref_src=twsrc%5Etfw\">#CDMX<\/a>. El di\u00e1logo y la unidad son valores que fortalecen a la <a href=\"https:\/\/twitter.com\/hashtag\/CuartaTransformaci%C3%B3n?src=hash&amp;ref_src=twsrc%5Etfw\">#CuartaTransformaci\u00f3n<\/a>. <a href=\"https:\/\/t.co\/1b4qWMAzis\">pic.twitter.com\/1b4qWMAzis<\/a><\/p>&mdash; Sergio Salom\u00f3n (@SergioSalomonC) <a href=\"https:\/\/twitter.com\/SergioSalomonC\/status\/1631463706407124995?ref_src=twsrc%5Etfw\">March 3, 2023<\/a><\/blockquote><script async src=\"https:\/\/platform.twitter.com\/widgets.js\" charset=\"utf-8\"><\/script>\n<\/div><\/figure>\n\n\n\n<p class=\"has-cyan-bluish-gray-background-color has-background\"><small>Nota relacionada:<\/small><\/p>\n\n\n\n<h5 class=\"wp-block-heading\"><a href=\"https:\/\/www.e-consulta.com\/nota\/2022-03-01\/politica\/guillermo-arechiga-de-negocios-en-el-barbosismo-la-carcel\">Guillermo Ar\u00e9chiga, de negocios en el barbosismo a la c\u00e1rcel<\/a><\/h5>\n\n\n\n<figure class=\"wp-block-image is-resized is-style-default\"><img decoding=\"async\" src=\"https:\/\/www.e-consulta.com\/_next\/image?url=https%3A%2F%2Ffotos.e-consulta.com%2Farech.jpg&amp;w=3840&amp;q=75\" alt=\"Guillermo Ar\u00e9chiga, de negocios en el barbosismo a la c\u00e1rcel\" width=\"208\" height=\"138\"\/><\/figure>\n\n\n\n<p>Y el viernes, a las 12:43 horas, cuando ya era p\u00fablica la liberaci\u00f3n de Ar\u00e9chiga, el senador&nbsp;<a href=\"https:\/\/www.e-consulta.com\/nota\/2023-01-16\/nacion\/monreal-y-norona-deben-estar-en-encuesta-de-morena-presidencia-mier\" target=\"_blank\" rel=\"noreferrer noopener\">Ricardo Monreal \u00c1vila<\/a>&nbsp;public\u00f3 en la misma red social \u201c Ayer me reun\u00ed con&nbsp;<a href=\"https:\/\/twitter.com\/SergioSalomonC\" target=\"_blank\" rel=\"noreferrer noopener\">@SergioSalomonC<\/a>, gobernador de Puebla, estado sobre el cual conversamos (\u2026) la necesidad de revisar situaciones jur\u00eddicas de quienes&nbsp;<strong>podr\u00edan ser inocentes y est\u00e1n en prisi\u00f3n<\/strong>, como el profesor Ar\u00e9chiga. Celebro la sensibilidad.\u201d<\/p>\n\n\n\n<p>El 11 de marzo de 2021 fue relevado de su cargo en el gabinete de Barbosa con un operativo policiaco que no le permiti\u00f3 ni a \u00e9l, ni a sus colaboradores sacar documentos de la dependencia, y en marzo de 2022 agentes ministeriales de la Fiscal\u00eda General de Puebla hicieron&nbsp;<strong>efectiva una orden de aprehensi\u00f3n en su contra.<\/strong><\/p>\n\n\n\n<p class=\"has-cyan-bluish-gray-background-color has-background\"><strong>Te puede interesar:&nbsp;<\/strong><strong><em><a href=\"https:\/\/www.e-consulta.com\/nota\/2022-03-01\/gobierno\/detienen-en-atlixco-guillermo-arechiga-exsecretario-de-transporte\" target=\"_blank\" rel=\"noreferrer noopener\">Cae en Atlixco Guillermo Ar\u00e9chiga, exsecretario de Transporte<\/a><\/em><\/strong><\/p>\n\n\n\n<p>El exdiputado federal, exdirigente seccional del Sindicato Nacional de Trabajadores de la Educaci\u00f3n (<strong>SNTE<\/strong>) y uno de los poblanos cercanos a\u00a0<strong>Elba Esther Gordillo Morales<\/strong>, fue acusado de presuntos actos de corrupci\u00f3n cometidos en su desempe\u00f1o al frente de la SMT.<small>Nota relacionada:<\/small><\/p>\n\n\n\n<p>A casi un a\u00f1o de su detenci\u00f3n una suspensi\u00f3n condicional o provisional del proceso que enfrenta por ejercicio indebido de funciones p\u00fablicas permiti\u00f3 su liberaci\u00f3n; de acuerdo con informaci\u00f3n compartida a este medio el 2 de marzo sus abogados solicitaron a la juez de la causa penal 1768\/2021, que el proceso en contra de su cliente se&nbsp;<strong>suspendiera para llegar a un acuerdo reparatorio con la parte afectada.<\/strong><\/p>\n\n\n\n<p>La juez otorg\u00f3 la petici\u00f3n,&nbsp;<strong>orden\u00f3 la inmediata libertad del asegurado<\/strong>&nbsp;y dio un plazo, que normalmente es de 30 d\u00edas, para que el acusado&nbsp;<strong>repare el da\u00f1o<\/strong>&nbsp;y de no ser as\u00ed nuevamente ser\u00e1 requerido por las autoridades judiciales que tienen la facultad de retomar el proceso penal.<\/p>\n\n\n\n<p><strong>Ar\u00e9chiga qued\u00f3 en libertad<\/strong>&nbsp;despu\u00e9s de un a\u00f1o de estar recluido en el&nbsp;<strong>penal de San Miguel<\/strong>. Fue arrestado la noche del 28 de febrero en la carretera federal Atlixco-Iz\u00facar, a la altura de Plaza Gemma y llevado ante el agente del Ministerio P\u00fablico en C5 y luego ante un juez de control.<\/p>\n\n\n\n<p>\u201cSe trata de un proceso que\u00a0<strong>tiene que ver con irregularidades cometidas<\/strong>\u00a0por el servidor p\u00fablico que hoy est\u00e1 detenido. S\u00ed, el gobierno del estado le imput\u00f3 al exsecretario de Movilidad y Transporte\u201d, dijo en su momento el gobernador Barbosa Huerta. Ahora,\u00a0<strong>Ar\u00e9chiga est\u00e1 libre por intervenci\u00f3n de\u00a0<a href=\"https:\/\/www.e-consulta.com\/nota\/2022-12-15\/nacion\/no-somos-estalinistas-monreal-no-sera-expulsado-de-morena-amlo\" target=\"_blank\" rel=\"noreferrer noopener\">Ricardo Monreal<\/a>.<\/strong><\/p>\n\n\n\n<p>Fuente: <a href=\"https:\/\/www.e-consulta.com\/nota\/2023-03-03\/seguridad\/arechiga-libre-por-intervencion-de-ricardo-monreal\">https:\/\/www.e-consulta.com\/nota\/2023-03-03\/seguridad\/arechiga-libre-por-intervencion-de-ricardo-monreal<\/a><\/p>\n","protected":false},"excerpt":{"rendered":"<p>Ar\u00e9chiga fue arrestado la noche del 28 de febrero en la carretera federal Atlixco-Iz\u00facar, a la altura de Plaza Gemma [&hellip;]<\/p>\n","protected":false},"author":1,"featured_media":47610,"comment_status":"open","ping_status":"open","sticky":false,"template":"","format":"standard","meta":{"site-sidebar-layout":"default","site-content-layout":"","ast-site-content-layout":"default","site-content-style":"default","site-sidebar-style":"default","ast-global-header-display":"","ast-banner-title-visibility":"","ast-main-header-display":"","ast-hfb-above-header-display":"","ast-hfb-below-header-display":"","ast-hfb-mobile-header-display":"","site-post-title":"","ast-breadcrumbs-content":"","ast-featured-img":"","footer-sml-layout":"","theme-transparent-header-meta":"","adv-header-id-meta":"","stick-header-meta":"","header-above-stick-meta":"","header-main-stick-meta":"","header-below-stick-meta":"","astra-migrate-meta-layouts":"default","ast-page-background-enabled":"default","ast-page-background-meta":{"desktop":{"background-color":"var(--ast-global-color-4)","background-image":"","background-repeat":"repeat","background-position":"center center","background-size":"auto","background-attachment":"scroll","background-type":"","background-media":"","overlay-type":"","overlay-color":"","overlay-opacity":"","overlay-gradient":""},"tablet":{"background-color":"","background-image":"","background-repeat":"repeat","background-position":"center center","background-size":"auto","background-attachment":"scroll","background-type":"","background-media":"","overlay-type":"","overlay-color":"","overlay-opacity":"","overlay-gradient":""},"mobile":{"background-color":"","background-image":"","background-repeat":"repeat","background-position":"center center","background-size":"auto","background-attachment":"scroll","background-type":"","background-media":"","overlay-type":"","overlay-color":"","overlay-opacity":"","overlay-gradient":""}},"ast-content-background-meta":{"desktop":{"background-color":"var(--ast-global-color-5)","background-image":"","background-repeat":"repeat","background-position":"center center","background-size":"auto","background-attachment":"scroll","background-type":"","background-media":"","overlay-type":"","overlay-color":"","overlay-opacity":"","overlay-gradient":""},"tablet":{"background-color":"var(--ast-global-color-5)","background-image":"","background-repeat":"repeat","background-position":"center center","background-size":"auto","background-attachment":"scroll","background-type":"","background-media":"","overlay-type":"","overlay-color":"","overlay-opacity":"","overlay-gradient":""},"mobile":{"background-color":"var(--ast-global-color-5)","background-image":"","background-repeat":"repeat","background-position":"center center","background-size":"auto","background-attachment":"scroll","background-type":"","background-media":"","overlay-type":"","overlay-color":"","overlay-opacity":"","overlay-gradient":""}},"footnotes":""},"categories":[8],"tags":[15399,15401,2098],"class_list":["post-47609","post","type-post","status-publish","format-standard","has-post-thumbnail","hentry","category-noticias","tag-guillermo-arechiga-santanmaria","tag-politicos-perseguidos-puebla","tag-ricardo-monreal"],"_links":{"self":[{"href":"https:\/\/losperiodistas.com.mx\/portal\/wp-json\/wp\/v2\/posts\/47609","targetHints":{"allow":["GET"]}}],"collection":[{"href":"https:\/\/losperiodistas.com.mx\/portal\/wp-json\/wp\/v2\/posts"}],"about":[{"href":"https:\/\/losperiodistas.com.mx\/portal\/wp-json\/wp\/v2\/types\/post"}],"author":[{"embeddable":true,"href":"https:\/\/losperiodistas.com.mx\/portal\/wp-json\/wp\/v2\/users\/1"}],"replies":[{"embeddable":true,"href":"https:\/\/losperiodistas.com.mx\/portal\/wp-json\/wp\/v2\/comments?post=47609"}],"version-history":[{"count":1,"href":"https:\/\/losperiodistas.com.mx\/portal\/wp-json\/wp\/v2\/posts\/47609\/revisions"}],"predecessor-version":[{"id":47611,"href":"https:\/\/losperiodistas.com.mx\/portal\/wp-json\/wp\/v2\/posts\/47609\/revisions\/47611"}],"wp:featuredmedia":[{"embeddable":true,"href":"https:\/\/losperiodistas.com.mx\/portal\/wp-json\/wp\/v2\/media\/47610"}],"wp:attachment":[{"href":"https:\/\/losperiodistas.com.mx\/portal\/wp-json\/wp\/v2\/media?parent=47609"}],"wp:term":[{"taxonomy":"category","embeddable":true,"href":"https:\/\/losperiodistas.com.mx\/portal\/wp-json\/wp\/v2\/categories?post=47609"},{"taxonomy":"post_tag","embeddable":true,"href":"https:\/\/losperiodistas.com.mx\/portal\/wp-json\/wp\/v2\/tags?post=47609"}],"curies":[{"name":"wp","href":"https:\/\/api.w.org\/{rel}","templated":true}]}}