{"id":47595,"date":"2023-03-03T10:58:26","date_gmt":"2023-03-03T16:58:26","guid":{"rendered":"http:\/\/losperiodistas.com.mx\/portal\/?p=47595"},"modified":"2023-03-03T10:59:30","modified_gmt":"2023-03-03T16:59:30","slug":"ayuntamiento-de-puebla-rescata-imagen-del-templo-de-san-antonio-y-fachadas-en-barrios","status":"publish","type":"post","link":"https:\/\/losperiodistas.com.mx\/portal\/ayuntamiento-de-puebla-rescata-imagen-del-templo-de-san-antonio-y-fachadas-en-barrios\/","title":{"rendered":"Ayuntamiento de Puebla rescata imagen del Templo de San Antonio y fachadas en barrios"},"content":{"rendered":"\n<ul class=\"has-medium-font-size wp-block-list\"><li>En la primera etapa se invirtieron casi cinco millones de pesos, mientras que en la segunda fase se destinaron 3.5 millones.<\/li><\/ul>\n\n\n\n<figure class=\"wp-block-image size-large is-style-default\"><img fetchpriority=\"high\" decoding=\"async\" width=\"1024\" height=\"576\" src=\"https:\/\/losperiodistas.com.mx\/portal\/wp-content\/uploads\/2023\/03\/WhatsApp-Image-2023-03-03-at-09.38.45-1024x576.jpeg\" alt=\"\" class=\"wp-image-47596\" srcset=\"https:\/\/losperiodistas.com.mx\/portal\/wp-content\/uploads\/2023\/03\/WhatsApp-Image-2023-03-03-at-09.38.45-1024x576.jpeg 1024w, https:\/\/losperiodistas.com.mx\/portal\/wp-content\/uploads\/2023\/03\/WhatsApp-Image-2023-03-03-at-09.38.45-300x169.jpeg 300w, https:\/\/losperiodistas.com.mx\/portal\/wp-content\/uploads\/2023\/03\/WhatsApp-Image-2023-03-03-at-09.38.45-768x432.jpeg 768w, https:\/\/losperiodistas.com.mx\/portal\/wp-content\/uploads\/2023\/03\/WhatsApp-Image-2023-03-03-at-09.38.45.jpeg 1280w\" sizes=\"(max-width: 1024px) 100vw, 1024px\" \/><figcaption>Ayuntamiento Puebla<\/figcaption><\/figure>\n\n\n\n<p><\/p>\n\n\n\n<p class=\"has-vivid-red-color has-text-color has-medium-font-size\"><strong>REDACCI\u00d3N<\/strong><\/p>\n\n\n\n<p>Concluy\u00f3 la segunda etapa del proyecto de conservaci\u00f3n del patrimonio edificado que impuls\u00f3 Eduardo Rivera P\u00e9rez, Presidente Municipal de Puebla, que incluy\u00f3 el mejoramiento de la imagen urbana de los barrios de El Refugio y de San Antonio, as\u00ed como el Templo de este \u00faltimo.<\/p>\n\n\n\n<p>\u201cEn estos 500 d\u00edas estamos trabajando tambi\u00e9n por la conservaci\u00f3n de nuestro patrimonio hist\u00f3rico y cultural; hemos heredado este patrimonio y es nuestra responsabilidad y obligaci\u00f3n el cuidarlo\u201d, sostuvo el Alcalde ante la comunidad vecinal y eclesi\u00e1stica del lugar, al tiempo que agradeci\u00f3 el apoyo y acompa\u00f1amiento del Centro INAH Puebla por ser un aliado en este proceso de rescate de los barrios.<\/p>\n\n\n\n<p>Fue con una inversi\u00f3n total de casi 8.5 millones de pesos -una cuarta parte de recurso federal- que este proyecto se dio en dos etapas: en la primera, se atendieron banquetas y alrededor de 166 inmuebles de la zona; y en la segunda se realizaron acciones de limpieza, impermeabilizaci\u00f3n, aplanado y pintura en el Templo, adem\u00e1s de otras intervenciones en fachadas de viviendas de San Antonio y El Refugio, tambi\u00e9n con trabajos de aplanado y pintura.<\/p>\n\n\n\n<figure class=\"wp-block-image size-large is-style-default\"><img decoding=\"async\" width=\"1024\" height=\"682\" src=\"https:\/\/losperiodistas.com.mx\/portal\/wp-content\/uploads\/2023\/03\/WhatsApp-Image-2023-03-03-at-09.38.43-1024x682.jpeg\" alt=\"\" class=\"wp-image-47597\" srcset=\"https:\/\/losperiodistas.com.mx\/portal\/wp-content\/uploads\/2023\/03\/WhatsApp-Image-2023-03-03-at-09.38.43-1024x682.jpeg 1024w, https:\/\/losperiodistas.com.mx\/portal\/wp-content\/uploads\/2023\/03\/WhatsApp-Image-2023-03-03-at-09.38.43-300x200.jpeg 300w, https:\/\/losperiodistas.com.mx\/portal\/wp-content\/uploads\/2023\/03\/WhatsApp-Image-2023-03-03-at-09.38.43-768x512.jpeg 768w, https:\/\/losperiodistas.com.mx\/portal\/wp-content\/uploads\/2023\/03\/WhatsApp-Image-2023-03-03-at-09.38.43.jpeg 1280w\" sizes=\"(max-width: 1024px) 100vw, 1024px\" \/><figcaption>Ayuntamiento Puebla<\/figcaption><\/figure>\n\n\n\n<p>Acompa\u00f1aron esta entrega Oswaldo Jim\u00e9nez L\u00f3pez, Diputado Local; Dolores Cervantes Moctezuma, Regidora Presidenta de la Comisi\u00f3n de Regularizaci\u00f3n de la Tenencia de la Tierra y Bienes Patrimoniales; Berenice Vidal Castel\u00e1n, Gerente del Centro Hist\u00f3rico y Patrimonio Cultural; Celestino Mora Viveros, Padre del Templo de San Antonio; as\u00ed como Juan Carlos Flores V\u00e1zquez, Jefe de la Polic\u00eda Municipal Zona 4.<\/p>\n","protected":false},"excerpt":{"rendered":"<p>En la primera etapa se invirtieron casi cinco millones de pesos, mientras que en la segunda fase se destinaron 3.5 [&hellip;]<\/p>\n","protected":false},"author":1,"featured_media":47597,"comment_status":"open","ping_status":"open","sticky":false,"template":"","format":"standard","meta":{"site-sidebar-layout":"default","site-content-layout":"","ast-site-content-layout":"default","site-content-style":"default","site-sidebar-style":"default","ast-global-header-display":"","ast-banner-title-visibility":"","ast-main-header-display":"","ast-hfb-above-header-display":"","ast-hfb-below-header-display":"","ast-hfb-mobile-header-display":"","site-post-title":"","ast-breadcrumbs-content":"","ast-featured-img":"","footer-sml-layout":"","theme-transparent-header-meta":"","adv-header-id-meta":"","stick-header-meta":"","header-above-stick-meta":"","header-main-stick-meta":"","header-below-stick-meta":"","astra-migrate-meta-layouts":"default","ast-page-background-enabled":"default","ast-page-background-meta":{"desktop":{"background-color":"var(--ast-global-color-4)","background-image":"","background-repeat":"repeat","background-position":"center center","background-size":"auto","background-attachment":"scroll","background-type":"","background-media":"","overlay-type":"","overlay-color":"","overlay-opacity":"","overlay-gradient":""},"tablet":{"background-color":"","background-image":"","background-repeat":"repeat","background-position":"center center","background-size":"auto","background-attachment":"scroll","background-type":"","background-media":"","overlay-type":"","overlay-color":"","overlay-opacity":"","overlay-gradient":""},"mobile":{"background-color":"","background-image":"","background-repeat":"repeat","background-position":"center center","background-size":"auto","background-attachment":"scroll","background-type":"","background-media":"","overlay-type":"","overlay-color":"","overlay-opacity":"","overlay-gradient":""}},"ast-content-background-meta":{"desktop":{"background-color":"var(--ast-global-color-5)","background-image":"","background-repeat":"repeat","background-position":"center center","background-size":"auto","background-attachment":"scroll","background-type":"","background-media":"","overlay-type":"","overlay-color":"","overlay-opacity":"","overlay-gradient":""},"tablet":{"background-color":"var(--ast-global-color-5)","background-image":"","background-repeat":"repeat","background-position":"center center","background-size":"auto","background-attachment":"scroll","background-type":"","background-media":"","overlay-type":"","overlay-color":"","overlay-opacity":"","overlay-gradient":""},"mobile":{"background-color":"var(--ast-global-color-5)","background-image":"","background-repeat":"repeat","background-position":"center center","background-size":"auto","background-attachment":"scroll","background-type":"","background-media":"","overlay-type":"","overlay-color":"","overlay-opacity":"","overlay-gradient":""}},"footnotes":""},"categories":[8],"tags":[7279],"class_list":["post-47595","post","type-post","status-publish","format-standard","has-post-thumbnail","hentry","category-noticias","tag-contigoyconrumbo"],"_links":{"self":[{"href":"https:\/\/losperiodistas.com.mx\/portal\/wp-json\/wp\/v2\/posts\/47595","targetHints":{"allow":["GET"]}}],"collection":[{"href":"https:\/\/losperiodistas.com.mx\/portal\/wp-json\/wp\/v2\/posts"}],"about":[{"href":"https:\/\/losperiodistas.com.mx\/portal\/wp-json\/wp\/v2\/types\/post"}],"author":[{"embeddable":true,"href":"https:\/\/losperiodistas.com.mx\/portal\/wp-json\/wp\/v2\/users\/1"}],"replies":[{"embeddable":true,"href":"https:\/\/losperiodistas.com.mx\/portal\/wp-json\/wp\/v2\/comments?post=47595"}],"version-history":[{"count":1,"href":"https:\/\/losperiodistas.com.mx\/portal\/wp-json\/wp\/v2\/posts\/47595\/revisions"}],"predecessor-version":[{"id":47598,"href":"https:\/\/losperiodistas.com.mx\/portal\/wp-json\/wp\/v2\/posts\/47595\/revisions\/47598"}],"wp:featuredmedia":[{"embeddable":true,"href":"https:\/\/losperiodistas.com.mx\/portal\/wp-json\/wp\/v2\/media\/47597"}],"wp:attachment":[{"href":"https:\/\/losperiodistas.com.mx\/portal\/wp-json\/wp\/v2\/media?parent=47595"}],"wp:term":[{"taxonomy":"category","embeddable":true,"href":"https:\/\/losperiodistas.com.mx\/portal\/wp-json\/wp\/v2\/categories?post=47595"},{"taxonomy":"post_tag","embeddable":true,"href":"https:\/\/losperiodistas.com.mx\/portal\/wp-json\/wp\/v2\/tags?post=47595"}],"curies":[{"name":"wp","href":"https:\/\/api.w.org\/{rel}","templated":true}]}}