{"id":47592,"date":"2023-03-03T10:49:36","date_gmt":"2023-03-03T16:49:36","guid":{"rendered":"http:\/\/losperiodistas.com.mx\/portal\/?p=47592"},"modified":"2023-03-03T10:49:36","modified_gmt":"2023-03-03T16:49:36","slug":"monologos-de-menade-el-machismo-en-un-dia-de-conquista-feminista","status":"publish","type":"post","link":"https:\/\/losperiodistas.com.mx\/portal\/monologos-de-menade-el-machismo-en-un-dia-de-conquista-feminista\/","title":{"rendered":"Mon\u00f3logos de M\u00e9nade | El machismo en un d\u00eda de conquista feminista"},"content":{"rendered":"\n<figure class=\"wp-block-image size-large is-style-default\"><img fetchpriority=\"high\" decoding=\"async\" width=\"1024\" height=\"571\" src=\"https:\/\/losperiodistas.com.mx\/portal\/wp-content\/uploads\/2023\/03\/Captura-de-Pantalla-2023-03-03-a-las-10.42.18-1024x571.jpg\" alt=\"\" class=\"wp-image-47593\" srcset=\"https:\/\/losperiodistas.com.mx\/portal\/wp-content\/uploads\/2023\/03\/Captura-de-Pantalla-2023-03-03-a-las-10.42.18-1024x571.jpg 1024w, https:\/\/losperiodistas.com.mx\/portal\/wp-content\/uploads\/2023\/03\/Captura-de-Pantalla-2023-03-03-a-las-10.42.18-300x167.jpg 300w, https:\/\/losperiodistas.com.mx\/portal\/wp-content\/uploads\/2023\/03\/Captura-de-Pantalla-2023-03-03-a-las-10.42.18-768x428.jpg 768w, https:\/\/losperiodistas.com.mx\/portal\/wp-content\/uploads\/2023\/03\/Captura-de-Pantalla-2023-03-03-a-las-10.42.18-1536x857.jpg 1536w, https:\/\/losperiodistas.com.mx\/portal\/wp-content\/uploads\/2023\/03\/Captura-de-Pantalla-2023-03-03-a-las-10.42.18-2048x1143.jpg 2048w\" sizes=\"(max-width: 1024px) 100vw, 1024px\" \/><\/figure>\n\n\n\n<p><\/p>\n\n\n\n<p class=\"has-vivid-red-color has-text-color\" style=\"font-size:26px\"><strong><em>Por Itandehui Rodr\u00edguez<\/em><\/strong><\/p>\n\n\n\n<p>@Itandehui_RoMa<\/p>\n\n\n\n<p>Cecilia Monz\u00f3n no fue mi amiga, nunca intent\u00e9 tener una relaci\u00f3n m\u00e1s all\u00e1 de la cordialidad con ella.<\/p>\n\n\n\n<p>Ella tampoco pretend\u00eda mi amistad, esa es la realidad, simplemente llegamos a coincidir en mesas de trabajo, en reuniones y\u2026 ya.<\/p>\n\n\n\n<p>Nos conocimos en los a\u00f1os de universidad, ella era un par de a\u00f1os menor que yo. Luego coincidimos en el trabajo, ella era delegada del Instituto Poblano de la Juventud y yo trabajaba en la Secretar\u00eda de Gobernaci\u00f3n, lejos de las actividades de los j\u00f3venes marinistas.<\/p>\n\n\n\n<p>No le tem\u00eda pero la respetaba, siempre la reconoc\u00ed como una de esas mujeres con las que era mejor no tener desencuentros.<\/p>\n\n\n\n<p>No soy una mujer de choque o que busque la confrontaci\u00f3n, pero tampoco me s\u00e9 quedar callada y mucho menos cu\u00e1ndo considero que algo es injusto.<\/p>\n\n\n\n<p>Hace unos meses alguien me dijo, en tono de reproche, que siempre tengo una respuesta para todo y s\u00ed, el d\u00eda que me quede callada ser\u00e1 porque la muerte me alcanz\u00f3.<\/p>\n\n\n\n<p>Ese comentario me reson\u00f3, fuerte, porque por alguna extra\u00f1a raz\u00f3n, a\u00fan en pleno 2022, los hombres segu\u00edan creyendo que las mujeres debemos callar. En 2023 no es la excepci\u00f3n.<\/p>\n\n\n\n<p>Y\u2026 no, temo que yo no me s\u00e9 quedar callada.<\/p>\n\n\n\n<p>Esos micromachismos (o no tan micro) que tanto han da\u00f1ado a nuestra sociedad siguen presentes y latentes, son parte de ese patriarcado al que los hombres no admiten que pertenecen, que intentan ocultar, pero que existe, que persiste.<\/p>\n\n\n\n<p>Por lo que a m\u00ed toca, s\u00e9 que genera costos el no saber quedarme callada, el ser tan frontal, el ser tan terca y el defender mis opiniones, \u00bfqu\u00e9 les puedo decir? Es lo que hay, #SorryNotSorry.<\/p>\n\n\n\n<p>Me queda claro que Cecilia era as\u00ed\u2026 aunque ella era \u201cun poco m\u00e1s\u201d. Probablemente por eso no nos llev\u00e1bamos. Cecilia era una mujer que hac\u00eda todo, absolutamente todo con intensidad, con mucha intensidad.<\/p>\n\n\n\n<p>No comulgu\u00e9 nunca con sus formas, pero la respet\u00e9 lo m\u00e1s que pude. No era una persona con la que me hubiera gustado tener un problema.<\/p>\n\n\n\n<p>Debo reconocerle que su lucha personal, benefici\u00f3 a muchas mujeres. Por ejemplo, denunciar la violencia pol\u00edtica de g\u00e9nero de la que fue objeto, presuntamente, por parte de Manlio L\u00f3pez Contreras, Charbel Jorge Estefan Chidiac, Eduardo Zacatelco y Luis Alberto Arriaga, motiv\u00f3 a que m\u00e1s mujeres encontraron el valor para denunciar.<\/p>\n\n\n\n<p>No existir\u00edan avances para penalizar la violencia de g\u00e9nero sin la estridencia feminista.<\/p>\n\n\n\n<p>El asesinato de Cecilia motiv\u00f3 que el d\u00eda de ayer se aprobara en Puebla la Ley Monz\u00f3n, misma que impuls\u00f3 la diputada M\u00f3nica Silva. Gracias a esto, Puebla se convierte en el primer estado en el pa\u00eds en el que nunca m\u00e1s el feminicida de una madre, podr\u00e1 conservar la patria potestad de sus hijos.<\/p>\n\n\n\n<figure class=\"wp-block-embed is-type-rich is-provider-twitter wp-block-embed-twitter\"><div class=\"wp-block-embed__wrapper\">\n<blockquote class=\"twitter-tweet\" data-width=\"500\" data-dnt=\"true\"><p lang=\"es\" dir=\"ltr\">La dip <a href=\"https:\/\/twitter.com\/msilvaruiz?ref_src=twsrc%5Etfw\">@msilvaruiz<\/a> expres\u00f3 que las reformas al C\u00f3digo Civil y Penal quedar\u00e1n en la historia para velar por el inter\u00e9s superior del menor, al suspender la patria potestad de los hijos en com\u00fan del agresor con la v\u00edctima, desde el auto de vinculaci\u00f3n a proceso <a href=\"https:\/\/twitter.com\/hashtag\/apartadomex?src=hash&amp;ref_src=twsrc%5Etfw\">#apartadomex<\/a> <a href=\"https:\/\/t.co\/dDlkbmmetc\">pic.twitter.com\/dDlkbmmetc<\/a><\/p>&mdash; apartadomex (@ApartadoMex) <a href=\"https:\/\/twitter.com\/ApartadoMex\/status\/1631374269287374849?ref_src=twsrc%5Etfw\">March 2, 2023<\/a><\/blockquote><script async src=\"https:\/\/platform.twitter.com\/widgets.js\" charset=\"utf-8\"><\/script>\n<\/div><\/figure>\n\n\n\n<p>En la misma sesi\u00f3n, se aprob\u00f3 la Ley Malena. Esta por la gesti\u00f3n de la diputada Aurora Sierra, gracia a la que se impondr\u00e1 una pena de 26 a 40 a\u00f1os de prisi\u00f3n a los agresores y en especial,\u00a0se cataloga como tentativa de feminicidio estos ataques.<\/p>\n\n\n\n<figure class=\"wp-block-embed is-type-rich is-provider-twitter wp-block-embed-twitter\"><div class=\"wp-block-embed__wrapper\">\n<blockquote class=\"twitter-tweet\" data-width=\"500\" data-dnt=\"true\"><p lang=\"es\" dir=\"ltr\">La diputada <a href=\"https:\/\/twitter.com\/AuroraSierraR?ref_src=twsrc%5Etfw\">@AuroraSierraR<\/a> se\u00f1alo que uno de los ataques m\u00e1s violentos contras las mujeres es el que se comete con el uso de sustancias qu\u00edmicas que afecta f\u00edsica, emocional y psicol\u00f3gicamente a las v\u00edctimas <a href=\"https:\/\/twitter.com\/CongresoPue?ref_src=twsrc%5Etfw\">@CongresoPue<\/a> <a href=\"https:\/\/twitter.com\/hashtag\/apartadomex?src=hash&amp;ref_src=twsrc%5Etfw\">#apartadomex<\/a> <a href=\"https:\/\/t.co\/UiqTIZMSNX\">pic.twitter.com\/UiqTIZMSNX<\/a><\/p>&mdash; apartadomex (@ApartadoMex) <a href=\"https:\/\/twitter.com\/ApartadoMex\/status\/1631355540876980228?ref_src=twsrc%5Etfw\">March 2, 2023<\/a><\/blockquote><script async src=\"https:\/\/platform.twitter.com\/widgets.js\" charset=\"utf-8\"><\/script>\n<\/div><\/figure>\n\n\n\n<p>Y mientras esto suced\u00eda, en el mismo recinto donde se aprob\u00f3 la Ley \u00c1cida, el diputado local y presidente estatal del PRI, N\u00e9stor Camarillo, intent\u00f3 callar a Elena R\u00edos, v\u00edctima de violencia \u00e1cida en Oaxaca.<\/p>\n\n\n\n<figure class=\"wp-block-embed is-type-rich is-provider-twitter wp-block-embed-twitter\"><div class=\"wp-block-embed__wrapper\">\n<blockquote class=\"twitter-tweet\" data-width=\"500\" data-dnt=\"true\"><p lang=\"es\" dir=\"ltr\">Al ser aprobada la <a href=\"https:\/\/twitter.com\/hashtag\/Ley%C3%81cida?src=hash&amp;ref_src=twsrc%5Etfw\">#Ley\u00c1cida<\/a> en Puebla, la activista <a href=\"https:\/\/twitter.com\/_ElenaRios?ref_src=twsrc%5Etfw\">@_ElenaRios<\/a> agradeci\u00f3 de manera p\u00fablica a las y los diputados del <a href=\"https:\/\/twitter.com\/CongresoPue?ref_src=twsrc%5Etfw\">@CongresoPue<\/a> sin embargo, el presidente  <a href=\"https:\/\/twitter.com\/NestorCamarillo?ref_src=twsrc%5Etfw\">@NestorCamarillo<\/a> opt\u00f3 por silenciarla <a href=\"https:\/\/twitter.com\/hashtag\/apartadomex?src=hash&amp;ref_src=twsrc%5Etfw\">#apartadomex<\/a> <a href=\"https:\/\/t.co\/zCxoB6ywd4\">pic.twitter.com\/zCxoB6ywd4<\/a><\/p>&mdash; apartadomex (@ApartadoMex) <a href=\"https:\/\/twitter.com\/ApartadoMex\/status\/1631360511118831617?ref_src=twsrc%5Etfw\">March 2, 2023<\/a><\/blockquote><script async src=\"https:\/\/platform.twitter.com\/widgets.js\" charset=\"utf-8\"><\/script>\n<\/div><\/figure>\n\n\n\n<p>Por si esto fuera poco, el diputado Jorge Estefan Chidiac llam\u00f3 \u201crevoltosas\u201d a las activistas presentes en la sesi\u00f3n.<\/p>\n\n\n\n<p>No tengo nada personal contra ustedes, se\u00f1ores diputados, pero entre m\u00e1s se\u00f1alemos este tipo de actitudes, m\u00e1s medir\u00e1n sus acciones. La deconstrucci\u00f3n no duele, cuesta, pero no duele y alg\u00fan d\u00eda, s\u00ed lo hacen, puede que se conviertan en mejores personas y en mejores pol\u00edticos.<\/p>\n\n\n\n<p>Y, esto ya fue el colmo de los colmos. Mientras Elena R\u00edos se encontraba en el Congreso del Estado, el protector de su agresor, el exgobernador de Oaxaca, Alejandro Murat, se paseaba por Puebla\u2026 \u00bfQu\u00e9 cosas, no?<\/p>\n\n\n\n<p>Comenc\u00e9 diciendo que Cecilia Monz\u00f3n no fue mi amiga, que nunca aspir\u00e9 a ser cercana a ella y menos lo intent\u00e9, ella tampoco. Lament\u00e9 profundamente su asesinato, de hecho me conmocion\u00f3. Celebro que una mujer tan estridente como ella, haya logrado post mortem, proteger a muchas ni\u00f1as y ni\u00f1os, a trav\u00e9s de M\u00f3nica Silva.<\/p>\n\n\n\n<p>Celebro que Cecilia Monz\u00f3n logr\u00f3 lo que todos deber\u00edamos aspirar al venir a la vida, Cecilia Monz\u00f3n trascendi\u00f3.&nbsp;<\/p>\n","protected":false},"excerpt":{"rendered":"<p>Por Itandehui Rodr\u00edguez @Itandehui_RoMa Cecilia Monz\u00f3n no fue mi amiga, nunca intent\u00e9 tener una relaci\u00f3n m\u00e1s all\u00e1 de la cordialidad [&hellip;]<\/p>\n","protected":false},"author":1,"featured_media":47593,"comment_status":"open","ping_status":"open","sticky":false,"template":"","format":"standard","meta":{"site-sidebar-layout":"default","site-content-layout":"","ast-site-content-layout":"default","site-content-style":"default","site-sidebar-style":"default","ast-global-header-display":"","ast-banner-title-visibility":"","ast-main-header-display":"","ast-hfb-above-header-display":"","ast-hfb-below-header-display":"","ast-hfb-mobile-header-display":"","site-post-title":"","ast-breadcrumbs-content":"","ast-featured-img":"","footer-sml-layout":"","theme-transparent-header-meta":"","adv-header-id-meta":"","stick-header-meta":"","header-above-stick-meta":"","header-main-stick-meta":"","header-below-stick-meta":"","astra-migrate-meta-layouts":"default","ast-page-background-enabled":"default","ast-page-background-meta":{"desktop":{"background-color":"var(--ast-global-color-4)","background-image":"","background-repeat":"repeat","background-position":"center center","background-size":"auto","background-attachment":"scroll","background-type":"","background-media":"","overlay-type":"","overlay-color":"","overlay-opacity":"","overlay-gradient":""},"tablet":{"background-color":"","background-image":"","background-repeat":"repeat","background-position":"center center","background-size":"auto","background-attachment":"scroll","background-type":"","background-media":"","overlay-type":"","overlay-color":"","overlay-opacity":"","overlay-gradient":""},"mobile":{"background-color":"","background-image":"","background-repeat":"repeat","background-position":"center center","background-size":"auto","background-attachment":"scroll","background-type":"","background-media":"","overlay-type":"","overlay-color":"","overlay-opacity":"","overlay-gradient":""}},"ast-content-background-meta":{"desktop":{"background-color":"var(--ast-global-color-5)","background-image":"","background-repeat":"repeat","background-position":"center center","background-size":"auto","background-attachment":"scroll","background-type":"","background-media":"","overlay-type":"","overlay-color":"","overlay-opacity":"","overlay-gradient":""},"tablet":{"background-color":"var(--ast-global-color-5)","background-image":"","background-repeat":"repeat","background-position":"center center","background-size":"auto","background-attachment":"scroll","background-type":"","background-media":"","overlay-type":"","overlay-color":"","overlay-opacity":"","overlay-gradient":""},"mobile":{"background-color":"var(--ast-global-color-5)","background-image":"","background-repeat":"repeat","background-position":"center center","background-size":"auto","background-attachment":"scroll","background-type":"","background-media":"","overlay-type":"","overlay-color":"","overlay-opacity":"","overlay-gradient":""}},"footnotes":""},"categories":[8,22],"tags":[15398,10278],"class_list":["post-47592","post","type-post","status-publish","format-standard","has-post-thumbnail","hentry","category-noticias","category-opinion-invitada","tag-leymonzon","tag-cecilia-monzon"],"_links":{"self":[{"href":"https:\/\/losperiodistas.com.mx\/portal\/wp-json\/wp\/v2\/posts\/47592","targetHints":{"allow":["GET"]}}],"collection":[{"href":"https:\/\/losperiodistas.com.mx\/portal\/wp-json\/wp\/v2\/posts"}],"about":[{"href":"https:\/\/losperiodistas.com.mx\/portal\/wp-json\/wp\/v2\/types\/post"}],"author":[{"embeddable":true,"href":"https:\/\/losperiodistas.com.mx\/portal\/wp-json\/wp\/v2\/users\/1"}],"replies":[{"embeddable":true,"href":"https:\/\/losperiodistas.com.mx\/portal\/wp-json\/wp\/v2\/comments?post=47592"}],"version-history":[{"count":1,"href":"https:\/\/losperiodistas.com.mx\/portal\/wp-json\/wp\/v2\/posts\/47592\/revisions"}],"predecessor-version":[{"id":47594,"href":"https:\/\/losperiodistas.com.mx\/portal\/wp-json\/wp\/v2\/posts\/47592\/revisions\/47594"}],"wp:featuredmedia":[{"embeddable":true,"href":"https:\/\/losperiodistas.com.mx\/portal\/wp-json\/wp\/v2\/media\/47593"}],"wp:attachment":[{"href":"https:\/\/losperiodistas.com.mx\/portal\/wp-json\/wp\/v2\/media?parent=47592"}],"wp:term":[{"taxonomy":"category","embeddable":true,"href":"https:\/\/losperiodistas.com.mx\/portal\/wp-json\/wp\/v2\/categories?post=47592"},{"taxonomy":"post_tag","embeddable":true,"href":"https:\/\/losperiodistas.com.mx\/portal\/wp-json\/wp\/v2\/tags?post=47592"}],"curies":[{"name":"wp","href":"https:\/\/api.w.org\/{rel}","templated":true}]}}