{"id":47589,"date":"2023-03-03T08:10:06","date_gmt":"2023-03-03T14:10:06","guid":{"rendered":"http:\/\/losperiodistas.com.mx\/portal\/?p=47589"},"modified":"2023-03-03T08:10:07","modified_gmt":"2023-03-03T14:10:07","slug":"una-activista-mexicana-entre-las-doce-mujeres-del-ano-de-time-dw","status":"publish","type":"post","link":"https:\/\/losperiodistas.com.mx\/portal\/una-activista-mexicana-entre-las-doce-mujeres-del-ano-de-time-dw\/","title":{"rendered":"Una activista mexicana entre las doce &#8216;Mujeres del A\u00f1o&#8217; de TIME | DW"},"content":{"rendered":"\n<p class=\"has-pale-cyan-blue-background-color has-background has-medium-font-size\">Al frente de Las Libres, Ver\u00f3nica Cruz ha defendido el derecho al aborto. La revista estadounidense destaca tambi\u00e9n a la hermana de Marielle Franco, ministra de Igualdad Racial en el gobierno de Lula da Silva en Brasil.<\/p>\n\n\n\n<figure class=\"wp-block-image size-full is-style-default\"><img fetchpriority=\"high\" decoding=\"async\" width=\"700\" height=\"394\" src=\"https:\/\/losperiodistas.com.mx\/portal\/wp-content\/uploads\/2023\/03\/64868410_303.jpeg\" alt=\"\" class=\"wp-image-47590\" srcset=\"https:\/\/losperiodistas.com.mx\/portal\/wp-content\/uploads\/2023\/03\/64868410_303.jpeg 700w, https:\/\/losperiodistas.com.mx\/portal\/wp-content\/uploads\/2023\/03\/64868410_303-300x169.jpeg 300w\" sizes=\"(max-width: 700px) 100vw, 700px\" \/><figcaption>Ver\u00f3nica Cruz atiende a una invitada tras una charla sobre derechos de la mujer en una imagen de archivo.<\/figcaption><\/figure>\n\n\n\n<p>DW<\/p>\n\n\n\n<p>La mexicana Ver\u00f3nica Cruz S\u00e1nchez, activista al frente del grupo Las Libres, fue destacada por la revista TIME como una de las doce &#8216;Mujeres del A\u00f1o 2023&#8217; en una lista publicada este martes (02.03.2023). La publicaci\u00f3n destaca que \u00abesta activista mexicana est\u00e1 ayudando a las estadounidenses a desafiar la prohibici\u00f3n del aborto\u00bb.<\/p>\n\n\n\n<p>Cruz, de 52 a\u00f1os, declar\u00f3 a la revista que \u00aben Estados Unidos, las mujeres que vemos est\u00e1n aterrorizadas\u00bb. Desde que&nbsp;<a href=\"https:\/\/www.dw.com\/es\/restrictiva-nueva-ley-de-aborto-de-texas-viola-descaradamente-derechos-dice-biden\/a-59056285\">Texas vetara el aborto en mayo de 2021<\/a>, ha recibido una avalancha de mujeres en busca de ayuda en Guanajuato, un estado mexicano \u00abprofundamente conservador\u00bb. Las Libres cuentan con una red de unas 300 voluntarias en Estados Unidos, que han asistido a unas 10.000 mujeres, entre otras cosas, dispensando p\u00edldoras abortivas.<\/p>\n\n\n\n<p>En M\u00e9xico, el pasado 7 de septiembre se despenaliz\u00f3 el aborto. Fue \u00abgratificante\u00bb, recuerda Cruz en declaraciones a la revista, ver a los pol\u00edticos mexicanos apoyar el fallo. \u00abDurante veinte a\u00f1os me dijeron que estaba loca y ahora est\u00e1n repitiendo mis palabras\u00bb.<\/p>\n\n\n\n<h2 class=\"wp-block-heading\">La hermana de Marielle Franco, tambi\u00e9n en la lista<\/h2>\n\n\n\n<p>Entre las doce mujeres del a\u00f1o destacadas por TIME est\u00e1 tambi\u00e9n Anielle Franco, ministra de Igualdad Racial de Brasil. El presidente brasile\u00f1o, Luiz In\u00e1cio\u00a0<a href=\"https:\/\/www.dw.com\/es\/da-silva-luiz-in%C3%A1cio-lula\/t-37389505\">Lula da Silva<\/a>, se apresur\u00f3 a felicitarla en las redes sociales: \u00abRepresentante del Gobierno brasile\u00f1o, la ministra de Igualdad Racial de Brasil es una de las mujeres del a\u00f1o. Felicitaciones @aniellefranco\u00bb, dijo en Twitter.<\/p>\n\n\n\n<p>Fuente: <a href=\"https:\/\/www.dw.com\/es\/una-activista-mexicana-entre-las-doce-mujeres-del-a%C3%B1o-de-time\/a-64868517\">https:\/\/www.dw.com\/es\/una-activista-mexicana-entre-las-doce-mujeres-del-a%C3%B1o-de-time\/a-64868517<\/a><\/p>\n","protected":false},"excerpt":{"rendered":"<p>Al frente de Las Libres, Ver\u00f3nica Cruz ha defendido el derecho al aborto. La revista estadounidense destaca tambi\u00e9n a la [&hellip;]<\/p>\n","protected":false},"author":1,"featured_media":47590,"comment_status":"open","ping_status":"open","sticky":false,"template":"","format":"standard","meta":{"site-sidebar-layout":"default","site-content-layout":"","ast-site-content-layout":"default","site-content-style":"default","site-sidebar-style":"default","ast-global-header-display":"","ast-banner-title-visibility":"","ast-main-header-display":"","ast-hfb-above-header-display":"","ast-hfb-below-header-display":"","ast-hfb-mobile-header-display":"","site-post-title":"","ast-breadcrumbs-content":"","ast-featured-img":"","footer-sml-layout":"","theme-transparent-header-meta":"","adv-header-id-meta":"","stick-header-meta":"","header-above-stick-meta":"","header-main-stick-meta":"","header-below-stick-meta":"","astra-migrate-meta-layouts":"default","ast-page-background-enabled":"default","ast-page-background-meta":{"desktop":{"background-color":"var(--ast-global-color-4)","background-image":"","background-repeat":"repeat","background-position":"center center","background-size":"auto","background-attachment":"scroll","background-type":"","background-media":"","overlay-type":"","overlay-color":"","overlay-opacity":"","overlay-gradient":""},"tablet":{"background-color":"","background-image":"","background-repeat":"repeat","background-position":"center center","background-size":"auto","background-attachment":"scroll","background-type":"","background-media":"","overlay-type":"","overlay-color":"","overlay-opacity":"","overlay-gradient":""},"mobile":{"background-color":"","background-image":"","background-repeat":"repeat","background-position":"center center","background-size":"auto","background-attachment":"scroll","background-type":"","background-media":"","overlay-type":"","overlay-color":"","overlay-opacity":"","overlay-gradient":""}},"ast-content-background-meta":{"desktop":{"background-color":"var(--ast-global-color-5)","background-image":"","background-repeat":"repeat","background-position":"center center","background-size":"auto","background-attachment":"scroll","background-type":"","background-media":"","overlay-type":"","overlay-color":"","overlay-opacity":"","overlay-gradient":""},"tablet":{"background-color":"var(--ast-global-color-5)","background-image":"","background-repeat":"repeat","background-position":"center center","background-size":"auto","background-attachment":"scroll","background-type":"","background-media":"","overlay-type":"","overlay-color":"","overlay-opacity":"","overlay-gradient":""},"mobile":{"background-color":"var(--ast-global-color-5)","background-image":"","background-repeat":"repeat","background-position":"center center","background-size":"auto","background-attachment":"scroll","background-type":"","background-media":"","overlay-type":"","overlay-color":"","overlay-opacity":"","overlay-gradient":""}},"footnotes":""},"categories":[8],"tags":[15395,6147,15396],"class_list":["post-47589","post","type-post","status-publish","format-standard","has-post-thumbnail","hentry","category-noticias","tag-mujeres-del-ano-2023","tag-revista-time","tag-veronica-cruz-sanchez"],"_links":{"self":[{"href":"https:\/\/losperiodistas.com.mx\/portal\/wp-json\/wp\/v2\/posts\/47589","targetHints":{"allow":["GET"]}}],"collection":[{"href":"https:\/\/losperiodistas.com.mx\/portal\/wp-json\/wp\/v2\/posts"}],"about":[{"href":"https:\/\/losperiodistas.com.mx\/portal\/wp-json\/wp\/v2\/types\/post"}],"author":[{"embeddable":true,"href":"https:\/\/losperiodistas.com.mx\/portal\/wp-json\/wp\/v2\/users\/1"}],"replies":[{"embeddable":true,"href":"https:\/\/losperiodistas.com.mx\/portal\/wp-json\/wp\/v2\/comments?post=47589"}],"version-history":[{"count":1,"href":"https:\/\/losperiodistas.com.mx\/portal\/wp-json\/wp\/v2\/posts\/47589\/revisions"}],"predecessor-version":[{"id":47591,"href":"https:\/\/losperiodistas.com.mx\/portal\/wp-json\/wp\/v2\/posts\/47589\/revisions\/47591"}],"wp:featuredmedia":[{"embeddable":true,"href":"https:\/\/losperiodistas.com.mx\/portal\/wp-json\/wp\/v2\/media\/47590"}],"wp:attachment":[{"href":"https:\/\/losperiodistas.com.mx\/portal\/wp-json\/wp\/v2\/media?parent=47589"}],"wp:term":[{"taxonomy":"category","embeddable":true,"href":"https:\/\/losperiodistas.com.mx\/portal\/wp-json\/wp\/v2\/categories?post=47589"},{"taxonomy":"post_tag","embeddable":true,"href":"https:\/\/losperiodistas.com.mx\/portal\/wp-json\/wp\/v2\/tags?post=47589"}],"curies":[{"name":"wp","href":"https:\/\/api.w.org\/{rel}","templated":true}]}}