{"id":47582,"date":"2023-03-03T07:43:31","date_gmt":"2023-03-03T13:43:31","guid":{"rendered":"http:\/\/losperiodistas.com.mx\/portal\/?p=47582"},"modified":"2023-03-03T07:47:30","modified_gmt":"2023-03-03T13:47:30","slug":"cecilia-vive-se-aprueba-en-puebla-ley-monzon-la-costilla-rota","status":"publish","type":"post","link":"https:\/\/losperiodistas.com.mx\/portal\/cecilia-vive-se-aprueba-en-puebla-ley-monzon-la-costilla-rota\/","title":{"rendered":"Cecilia VIVE. Se aprueba en Puebla #LeyMonz\u00f3n | La Costilla Rota"},"content":{"rendered":"\n<h2 class=\"has-vivid-purple-background-color has-background has-medium-font-size wp-block-heading\">Con esta reforma, Puebla se convierte en el primer estado en M\u00e9xico en quitar la patria potestad y derechos de convivencia a los feminicidas<\/h2>\n\n\n\n<figure class=\"wp-block-image size-large is-style-default\"><img fetchpriority=\"high\" decoding=\"async\" width=\"1024\" height=\"1011\" src=\"https:\/\/losperiodistas.com.mx\/portal\/wp-content\/uploads\/2023\/03\/9286A757-7F0C-4830-8497-76947EE31C0C-1170x1155-1-1024x1011.jpeg\" alt=\"\" class=\"wp-image-47583\" srcset=\"https:\/\/losperiodistas.com.mx\/portal\/wp-content\/uploads\/2023\/03\/9286A757-7F0C-4830-8497-76947EE31C0C-1170x1155-1-1024x1011.jpeg 1024w, https:\/\/losperiodistas.com.mx\/portal\/wp-content\/uploads\/2023\/03\/9286A757-7F0C-4830-8497-76947EE31C0C-1170x1155-1-300x296.jpeg 300w, https:\/\/losperiodistas.com.mx\/portal\/wp-content\/uploads\/2023\/03\/9286A757-7F0C-4830-8497-76947EE31C0C-1170x1155-1-768x758.jpeg 768w, https:\/\/losperiodistas.com.mx\/portal\/wp-content\/uploads\/2023\/03\/9286A757-7F0C-4830-8497-76947EE31C0C-1170x1155-1.jpeg 1170w\" sizes=\"(max-width: 1024px) 100vw, 1024px\" \/><\/figure>\n\n\n\n<p><\/p>\n\n\n\n<p class=\"has-vivid-red-color has-text-color has-medium-font-size\"><strong>LA COSTILLA ROTA<\/strong><\/p>\n\n\n\n<p><strong><em>La<\/em><\/strong><em><strong>CostillaRota. 2 de Marzo de 2023.-<\/strong>\u00a0<\/em>Acompa\u00f1adas de activistas, amigas y familiares de Ceci, las y los Diputados del Congreso del Estado de Puebla, oyendo un reclamo de la sociedad y honrando la memoria de la abogada y defensora feminista Poblana Cecilia Monz\u00f3n, asesinada v\u00edctima de feminicidio en Mayo de 2022, aprobaron por unanimidad modificaciones al C\u00f3digo Civil del Estado, con el que Puebla se convierte en el primer estado en M\u00e9xico en quitar la patria potestad y derechos de convivencia con las infancias a los feminicidas.<\/p>\n\n\n\n<figure class=\"wp-block-image is-style-default\"><img decoding=\"async\" src=\"https:\/\/lacostillarota.com\/wp-content\/uploads\/2023\/03\/2C174A12-7B03-401A-BC7F-EAC2F92E2306.jpeg\" alt=\"\" class=\"wp-image-6946\"\/><\/figure>\n\n\n\n<p>En el dictamen, reconocieron que la b\u00fasqueda por erradicar la violencia que se sigue ejerciendo en contra de las mujeres y las ni\u00f1as, ha impulsado diversas reformas legislativas a nivel federal y local, que han permitido proteger sus derechos humanos al dotarlas de mecanismos cada vez m\u00e1s eficaces para salvaguardarlos. Sin duda, la mayor vulnerabilidad que tienen las mujeres y las ni\u00f1as a actos de violencia, exige mayor atenci\u00f3n por parte de las autoridades para implementar pol\u00edticas p\u00fablicas que atiendan esta problem\u00e1tica.<\/p>\n\n\n\n<p>Durante su intervenci\u00f3n a favor del dictamen, la diputada M\u00f3nica Silva Ru\u00edz, primera impulsora de esta Ley, dijo que de la violencia feminicida extrema existen v\u00edctimas colaterales como lo son las infancias cuando los cr\u00edmenes se cometen contra sus madres, por lo que no se puede permitir que las ni\u00f1as, ni\u00f1os y adolescentes queden bajo el cuidado de un padre criminal. \u00abDebemos hacer nuestras las causas de las mujeres, incluso de las que ya no est\u00e1n, pero que si estuvieran, estar\u00edan aqu\u00ed, exigiendo justicia\u00bb, sentenci\u00f3.<\/p>\n\n\n\n<p>\u00abJusticia, es lo que se pretende dar a las madres que perdieron la vida a manos de un feminicida pues si ellas vivieran no dejar\u00edan a sus infancias bajo el cuidado de un feminicida. Justicia es lo m\u00ednimo que debemos darles\u00bb, enfatiz\u00f3.<\/p>\n\n\n\n<p>La diputada Silva Ru\u00edz, habl\u00f3 de Cecilia Monz\u00f3n, y recalc\u00f3 que le hubiera gustado que la activista y abogada estuviera ah\u00ed, aprobando algo por lo que siempre luch\u00f3.<\/p>\n\n\n\n<p>Es as\u00ed que, conocida como Ley Monz\u00f3n, con la reforma quedaron modificados los art\u00edculos 628 y 633 entre otros del citado c\u00f3digo, estableciendo que, cuando el titular de la patria potestad sea condenado por delito de feminicidio en contra de la madre de las ni\u00f1as, ni\u00f1os y adolescentes sujetos a patria potestad, le sea retirada la patria potestad de los mismos, e igualmente este pierda los derechos de convivencia con los menores desde que se tenga auto de vinculaci\u00f3n a proceso dictado por delito de feminicidio o su tentativa en contra de la madre de las ni\u00f1as, ni\u00f1os y adolescentes sujetos a patria potestad y misma pena se aplicar\u00e1, cuando el delito se cometa frente a la hijas o hijos de la v\u00edctima directa.<img decoding=\"async\" src=\"https:\/\/lacostillarota.com\/wp-content\/uploads\/2023\/03\/0638ACD4-5337-4A0C-8B74-744B56FE3C9C.jpeg\" alt=\"\" width=\"1084\" height=\"1348\" srcset=\"https:\/\/lacostillarota.com\/wp-content\/uploads\/2023\/03\/0638ACD4-5337-4A0C-8B74-744B56FE3C9C.jpeg 1084w, https:\/\/lacostillarota.com\/wp-content\/uploads\/2023\/03\/0638ACD4-5337-4A0C-8B74-744B56FE3C9C-241x300.jpeg 241w, https:\/\/lacostillarota.com\/wp-content\/uploads\/2023\/03\/0638ACD4-5337-4A0C-8B74-744B56FE3C9C-823x1024.jpeg 823w, https:\/\/lacostillarota.com\/wp-content\/uploads\/2023\/03\/0638ACD4-5337-4A0C-8B74-744B56FE3C9C-768x955.jpeg 768w, https:\/\/lacostillarota.com\/wp-content\/uploads\/2023\/03\/0638ACD4-5337-4A0C-8B74-744B56FE3C9C-10x12.jpeg 10w, https:\/\/lacostillarota.com\/wp-content\/uploads\/2023\/03\/0638ACD4-5337-4A0C-8B74-744B56FE3C9C-585x727.jpeg 585w\"><\/p>\n\n\n\n<p>Con este importante precedente, se avanza en materia de protecci\u00f3n del inter\u00e9s superior de las infancias y se cancelan una de las terribles v\u00edas que alientan el ejercicio de la violencia vicaria, causas que en vida, la abogada Cecilia Monz\u00f3n defendi\u00f3 brindando acompa\u00f1amiento y asesor\u00eda jur\u00eddica a cientos de mujeres e infancias en Puebla.<\/p>\n\n\n\n<figure class=\"wp-block-image is-style-default\"><img decoding=\"async\" src=\"https:\/\/lacostillarota.com\/wp-content\/uploads\/2023\/03\/4740005C-DAB3-4BE1-AEA8-2FEF6FAAB204.jpeg\" alt=\"\" class=\"wp-image-6948\"\/><\/figure>\n\n\n\n<p>CECILIA VIVE<\/p>\n\n\n\n<p>Fuente: <a href=\"https:\/\/lacostillarota.com\/2023\/03\/02\/cecilia-vive-se-aprueba-en-puebla-ley-monzon\/\">https:\/\/lacostillarota.com\/2023\/03\/02\/cecilia-vive-se-aprueba-en-puebla-ley-monzon\/<\/a><\/p>\n","protected":false},"excerpt":{"rendered":"<p>Con esta reforma, Puebla se convierte en el primer estado en M\u00e9xico en quitar la patria potestad y derechos de [&hellip;]<\/p>\n","protected":false},"author":1,"featured_media":47583,"comment_status":"open","ping_status":"open","sticky":false,"template":"","format":"standard","meta":{"site-sidebar-layout":"default","site-content-layout":"","ast-site-content-layout":"default","site-content-style":"default","site-sidebar-style":"default","ast-global-header-display":"","ast-banner-title-visibility":"","ast-main-header-display":"","ast-hfb-above-header-display":"","ast-hfb-below-header-display":"","ast-hfb-mobile-header-display":"","site-post-title":"","ast-breadcrumbs-content":"","ast-featured-img":"","footer-sml-layout":"","theme-transparent-header-meta":"","adv-header-id-meta":"","stick-header-meta":"","header-above-stick-meta":"","header-main-stick-meta":"","header-below-stick-meta":"","astra-migrate-meta-layouts":"default","ast-page-background-enabled":"default","ast-page-background-meta":{"desktop":{"background-color":"var(--ast-global-color-4)","background-image":"","background-repeat":"repeat","background-position":"center center","background-size":"auto","background-attachment":"scroll","background-type":"","background-media":"","overlay-type":"","overlay-color":"","overlay-opacity":"","overlay-gradient":""},"tablet":{"background-color":"","background-image":"","background-repeat":"repeat","background-position":"center center","background-size":"auto","background-attachment":"scroll","background-type":"","background-media":"","overlay-type":"","overlay-color":"","overlay-opacity":"","overlay-gradient":""},"mobile":{"background-color":"","background-image":"","background-repeat":"repeat","background-position":"center center","background-size":"auto","background-attachment":"scroll","background-type":"","background-media":"","overlay-type":"","overlay-color":"","overlay-opacity":"","overlay-gradient":""}},"ast-content-background-meta":{"desktop":{"background-color":"var(--ast-global-color-5)","background-image":"","background-repeat":"repeat","background-position":"center center","background-size":"auto","background-attachment":"scroll","background-type":"","background-media":"","overlay-type":"","overlay-color":"","overlay-opacity":"","overlay-gradient":""},"tablet":{"background-color":"var(--ast-global-color-5)","background-image":"","background-repeat":"repeat","background-position":"center center","background-size":"auto","background-attachment":"scroll","background-type":"","background-media":"","overlay-type":"","overlay-color":"","overlay-opacity":"","overlay-gradient":""},"mobile":{"background-color":"var(--ast-global-color-5)","background-image":"","background-repeat":"repeat","background-position":"center center","background-size":"auto","background-attachment":"scroll","background-type":"","background-media":"","overlay-type":"","overlay-color":"","overlay-opacity":"","overlay-gradient":""}},"footnotes":""},"categories":[8],"tags":[15392,15345],"class_list":["post-47582","post","type-post","status-publish","format-standard","has-post-thumbnail","hentry","category-noticias","tag-cecilia-vive","tag-ley-monzon"],"_links":{"self":[{"href":"https:\/\/losperiodistas.com.mx\/portal\/wp-json\/wp\/v2\/posts\/47582","targetHints":{"allow":["GET"]}}],"collection":[{"href":"https:\/\/losperiodistas.com.mx\/portal\/wp-json\/wp\/v2\/posts"}],"about":[{"href":"https:\/\/losperiodistas.com.mx\/portal\/wp-json\/wp\/v2\/types\/post"}],"author":[{"embeddable":true,"href":"https:\/\/losperiodistas.com.mx\/portal\/wp-json\/wp\/v2\/users\/1"}],"replies":[{"embeddable":true,"href":"https:\/\/losperiodistas.com.mx\/portal\/wp-json\/wp\/v2\/comments?post=47582"}],"version-history":[{"count":2,"href":"https:\/\/losperiodistas.com.mx\/portal\/wp-json\/wp\/v2\/posts\/47582\/revisions"}],"predecessor-version":[{"id":47585,"href":"https:\/\/losperiodistas.com.mx\/portal\/wp-json\/wp\/v2\/posts\/47582\/revisions\/47585"}],"wp:featuredmedia":[{"embeddable":true,"href":"https:\/\/losperiodistas.com.mx\/portal\/wp-json\/wp\/v2\/media\/47583"}],"wp:attachment":[{"href":"https:\/\/losperiodistas.com.mx\/portal\/wp-json\/wp\/v2\/media?parent=47582"}],"wp:term":[{"taxonomy":"category","embeddable":true,"href":"https:\/\/losperiodistas.com.mx\/portal\/wp-json\/wp\/v2\/categories?post=47582"},{"taxonomy":"post_tag","embeddable":true,"href":"https:\/\/losperiodistas.com.mx\/portal\/wp-json\/wp\/v2\/tags?post=47582"}],"curies":[{"name":"wp","href":"https:\/\/api.w.org\/{rel}","templated":true}]}}