{"id":47579,"date":"2023-03-03T07:32:29","date_gmt":"2023-03-03T13:32:29","guid":{"rendered":"http:\/\/losperiodistas.com.mx\/portal\/?p=47579"},"modified":"2023-03-03T07:32:31","modified_gmt":"2023-03-03T13:32:31","slug":"la-rae-devuelve-al-adverbio-solo-su-tilde-vozpopuli","status":"publish","type":"post","link":"https:\/\/losperiodistas.com.mx\/portal\/la-rae-devuelve-al-adverbio-solo-su-tilde-vozpopuli\/","title":{"rendered":"La RAE devuelve al adverbio \u00absolo\u00bb su tilde | VozP\u00f3puli"},"content":{"rendered":"\n<h2 class=\"has-pale-cyan-blue-background-color has-background has-medium-font-size wp-block-heading\">Bajo el pretexto de que no tildar nunca la palabra abr\u00eda espacio a la ambig\u00fcedad en su uso, la RAE ha devuelvo, para evitar estas situaciones, el uso de la tilde al adverbio \u00absolo\u00bb, junto a los pronombres demostrativos \u00abeste\u00bb, \u00abese\u00bb y \u00abaquel\u00bb.<\/h2>\n\n\n\n<figure class=\"wp-block-image size-large is-style-default\"><img fetchpriority=\"high\" decoding=\"async\" width=\"1024\" height=\"576\" src=\"https:\/\/losperiodistas.com.mx\/portal\/wp-content\/uploads\/2023\/03\/rae-fachada-1024x576.jpeg\" alt=\"\" class=\"wp-image-47580\" srcset=\"https:\/\/losperiodistas.com.mx\/portal\/wp-content\/uploads\/2023\/03\/rae-fachada-1024x576.jpeg 1024w, https:\/\/losperiodistas.com.mx\/portal\/wp-content\/uploads\/2023\/03\/rae-fachada-300x169.jpeg 300w, https:\/\/losperiodistas.com.mx\/portal\/wp-content\/uploads\/2023\/03\/rae-fachada-768x432.jpeg 768w, https:\/\/losperiodistas.com.mx\/portal\/wp-content\/uploads\/2023\/03\/rae-fachada.jpeg 1200w\" sizes=\"(max-width: 1024px) 100vw, 1024px\" \/><figcaption>La fachada de la Real Academia Espa\u00f1ola\u00a0<em>\/ EFE<\/em><\/figcaption><\/figure>\n\n\n\n<p>VOZP\u00d3PULI<\/p>\n\n\n\n<p>La RAE ha resuelto&nbsp;<strong>una de las grandes disputas gramaticales de los \u00faltimos a\u00f1os<\/strong>: devuelve la tilde en el adverbio<strong>&nbsp;\u00absolo\u00bb&nbsp;<\/strong>-cuando se comporta como \u00absolamente\u00bb-. Lo mismo ocurre con los pronombres demostrativos<strong>&nbsp;\u00abeste, ese y aquel\u00bb<\/strong>, que se tildan cuando a juicio del escritor pueden resultar ambiguos.<\/p>\n\n\n\n<p>Fuentes del pleno de la Academia de la Lengua han explicado a EFE que esta novedad la reivindicaban los propios acad\u00e9micos escritores desde hace a\u00f1os, al considerar que era necesario&nbsp;<strong>\u00abdespenalizar\u00bb<\/strong>&nbsp;el uso de la tilde ya que, en algunos casos, la palabra daba lugar a casos de ambig\u00fcedad.<\/p>\n\n\n\n<h2 class=\"wp-block-heading\">\u00abSolo\u00bb, con tilde ante la ambig\u00fcedad<\/h2>\n\n\n\n<p>Hasta ahora, la RAE determinaba que la palabra \u00absolo\u00bb, tanto cuando es adverbio y equivale a solamente como cuando es adjetivo, as\u00ed como los demostrativos \u00abeste, ese y aquel\u00bb, con sus femeninos y plurales, ya funcionaran como pronombres o como determinantes,&nbsp;<strong>no deb\u00edan llevar tilde<\/strong>, seg\u00fan las reglas generales de acentuaci\u00f3n.<\/p>\n\n\n\n<p>Anteriores reglas ortogr\u00e1ficas s\u00ed prescrib\u00edan el uso de la tilde en el adverbio solo y los pronombres demostrativos antes mencionados, siempre y cuando en un enunciado se pudieran interpretar de forma ambigua. Por ejemplo: \u00abTrabaja solo los domingos\u00bb, que abre dos posibilidades, trabajar sin compa\u00f1\u00eda o trabajar solamente ese d\u00eda de la semana. La norma actual se\u00f1alaba que estas \u00abambig\u00fcedades\u00bb pod\u00edan resolverse por el propio contexto de la oraci\u00f3n.<\/p>\n\n\n\n<p>La<strong>&nbsp;recomendaci\u00f3n general era la de no tildar estas palabras<\/strong>, aunque era optativo cuando su uso entra\u00f1ara un riesgo de ambig\u00fcedad, pero no se defin\u00eda a juicio de qui\u00e9n, han explicado las fuentes, que han destacado que hab\u00eda casos de ex\u00e1menes y oposiciones en los que su utilizaci\u00f3n restaba nota porque sol\u00eda depender del criterio del profesor o del examinador.<\/p>\n\n\n\n<p><strong>La novedad que se introducir\u00e1 ahora es que pasa a ser criterio del que escribe el texto el tildar o no estas palabras.<\/strong><\/p>\n\n\n\n<p>El acad\u00e9mico y escritor Arturo P\u00e9rez-Reverte ha destacado a EFE su satisfacci\u00f3n por esta novedad y ha se\u00f1alado que\u00a0<strong>todos los acad\u00e9micos han estado de acuerdo en introducir esta formulaci\u00f3n,\u00a0<\/strong>ya que no destruye la formulaci\u00f3n inicial pero permite un uso m\u00e1s razonable de la tilde en estos casos, al ser el autor del texto el que decide si debe o no hacer uso de ella.\u00a0<\/p>\n\n\n\n<p>Fuente: <a href=\"https:\/\/www.vozpopuli.com\/altavoz\/cultura\/rae-devuelve-adverbio-solo-tilde.html\">https:\/\/www.vozpopuli.com\/altavoz\/cultura\/rae-devuelve-adverbio-solo-tilde.html<\/a><\/p>\n","protected":false},"excerpt":{"rendered":"<p>Bajo el pretexto de que no tildar nunca la palabra abr\u00eda espacio a la ambig\u00fcedad en su uso, la RAE [&hellip;]<\/p>\n","protected":false},"author":1,"featured_media":47580,"comment_status":"open","ping_status":"open","sticky":false,"template":"","format":"standard","meta":{"site-sidebar-layout":"default","site-content-layout":"","ast-site-content-layout":"default","site-content-style":"default","site-sidebar-style":"default","ast-global-header-display":"","ast-banner-title-visibility":"","ast-main-header-display":"","ast-hfb-above-header-display":"","ast-hfb-below-header-display":"","ast-hfb-mobile-header-display":"","site-post-title":"","ast-breadcrumbs-content":"","ast-featured-img":"","footer-sml-layout":"","theme-transparent-header-meta":"","adv-header-id-meta":"","stick-header-meta":"","header-above-stick-meta":"","header-main-stick-meta":"","header-below-stick-meta":"","astra-migrate-meta-layouts":"default","ast-page-background-enabled":"default","ast-page-background-meta":{"desktop":{"background-color":"var(--ast-global-color-4)","background-image":"","background-repeat":"repeat","background-position":"center center","background-size":"auto","background-attachment":"scroll","background-type":"","background-media":"","overlay-type":"","overlay-color":"","overlay-opacity":"","overlay-gradient":""},"tablet":{"background-color":"","background-image":"","background-repeat":"repeat","background-position":"center center","background-size":"auto","background-attachment":"scroll","background-type":"","background-media":"","overlay-type":"","overlay-color":"","overlay-opacity":"","overlay-gradient":""},"mobile":{"background-color":"","background-image":"","background-repeat":"repeat","background-position":"center center","background-size":"auto","background-attachment":"scroll","background-type":"","background-media":"","overlay-type":"","overlay-color":"","overlay-opacity":"","overlay-gradient":""}},"ast-content-background-meta":{"desktop":{"background-color":"var(--ast-global-color-5)","background-image":"","background-repeat":"repeat","background-position":"center center","background-size":"auto","background-attachment":"scroll","background-type":"","background-media":"","overlay-type":"","overlay-color":"","overlay-opacity":"","overlay-gradient":""},"tablet":{"background-color":"var(--ast-global-color-5)","background-image":"","background-repeat":"repeat","background-position":"center center","background-size":"auto","background-attachment":"scroll","background-type":"","background-media":"","overlay-type":"","overlay-color":"","overlay-opacity":"","overlay-gradient":""},"mobile":{"background-color":"var(--ast-global-color-5)","background-image":"","background-repeat":"repeat","background-position":"center center","background-size":"auto","background-attachment":"scroll","background-type":"","background-media":"","overlay-type":"","overlay-color":"","overlay-opacity":"","overlay-gradient":""}},"footnotes":""},"categories":[8],"tags":[15391,6195,15390],"class_list":["post-47579","post","type-post","status-publish","format-standard","has-post-thumbnail","hentry","category-noticias","tag-gramatica","tag-rae","tag-solo-o-solo"],"_links":{"self":[{"href":"https:\/\/losperiodistas.com.mx\/portal\/wp-json\/wp\/v2\/posts\/47579","targetHints":{"allow":["GET"]}}],"collection":[{"href":"https:\/\/losperiodistas.com.mx\/portal\/wp-json\/wp\/v2\/posts"}],"about":[{"href":"https:\/\/losperiodistas.com.mx\/portal\/wp-json\/wp\/v2\/types\/post"}],"author":[{"embeddable":true,"href":"https:\/\/losperiodistas.com.mx\/portal\/wp-json\/wp\/v2\/users\/1"}],"replies":[{"embeddable":true,"href":"https:\/\/losperiodistas.com.mx\/portal\/wp-json\/wp\/v2\/comments?post=47579"}],"version-history":[{"count":1,"href":"https:\/\/losperiodistas.com.mx\/portal\/wp-json\/wp\/v2\/posts\/47579\/revisions"}],"predecessor-version":[{"id":47581,"href":"https:\/\/losperiodistas.com.mx\/portal\/wp-json\/wp\/v2\/posts\/47579\/revisions\/47581"}],"wp:featuredmedia":[{"embeddable":true,"href":"https:\/\/losperiodistas.com.mx\/portal\/wp-json\/wp\/v2\/media\/47580"}],"wp:attachment":[{"href":"https:\/\/losperiodistas.com.mx\/portal\/wp-json\/wp\/v2\/media?parent=47579"}],"wp:term":[{"taxonomy":"category","embeddable":true,"href":"https:\/\/losperiodistas.com.mx\/portal\/wp-json\/wp\/v2\/categories?post=47579"},{"taxonomy":"post_tag","embeddable":true,"href":"https:\/\/losperiodistas.com.mx\/portal\/wp-json\/wp\/v2\/tags?post=47579"}],"curies":[{"name":"wp","href":"https:\/\/api.w.org\/{rel}","templated":true}]}}