{"id":47576,"date":"2023-03-03T07:00:06","date_gmt":"2023-03-03T13:00:06","guid":{"rendered":"http:\/\/losperiodistas.com.mx\/portal\/?p=47576"},"modified":"2023-03-03T07:00:08","modified_gmt":"2023-03-03T13:00:08","slug":"ebrard-exige-a-eu-respeto-al-proceso-legislativo-de-mexico-se-reune-con-antony-blinken-proceso","status":"publish","type":"post","link":"https:\/\/losperiodistas.com.mx\/portal\/ebrard-exige-a-eu-respeto-al-proceso-legislativo-de-mexico-se-reune-con-antony-blinken-proceso\/","title":{"rendered":"Ebrard exige a EU respeto al \u00abproceso legislativo\u00bb de M\u00e9xico; se re\u00fane con Antony Blinken | Proceso"},"content":{"rendered":"\n<p class=\"has-light-green-cyan-background-color has-background has-medium-font-size\"><strong>El canciller dio a entender que expres\u00f3 a Blinken el rechazo del gobierno de M\u00e9xico a las declaraciones recientes del Departamento de Estado que dejaban ver la cr\u00edtica de Biden hacia el \u00abPlan B\u00bb y el apoyo a las manifestaciones a favor del INE.<\/strong><\/p>\n\n\n\n<figure class=\"wp-block-image size-full is-style-default\"><img fetchpriority=\"high\" decoding=\"async\" width=\"800\" height=\"450\" src=\"https:\/\/losperiodistas.com.mx\/portal\/wp-content\/uploads\/2023\/03\/f800x450-169985_221431_5050.jpeg\" alt=\"\" class=\"wp-image-47577\" srcset=\"https:\/\/losperiodistas.com.mx\/portal\/wp-content\/uploads\/2023\/03\/f800x450-169985_221431_5050.jpeg 800w, https:\/\/losperiodistas.com.mx\/portal\/wp-content\/uploads\/2023\/03\/f800x450-169985_221431_5050-300x169.jpeg 300w, https:\/\/losperiodistas.com.mx\/portal\/wp-content\/uploads\/2023\/03\/f800x450-169985_221431_5050-768x432.jpeg 768w\" sizes=\"(max-width: 800px) 100vw, 800px\" \/><figcaption>Marcelo Ebrard con Antony Blinken. Foto: @m_ebrard<\/figcaption><\/figure>\n\n\n\n<p class=\"has-vivid-red-color has-text-color has-medium-font-size\"><strong>MATHIEU TOURLIERE \/ PROCESO<\/strong><\/p>\n\n\n\n<p>CIUDAD DE M\u00c9XICO (apro).- El canciller Marcelo Ebrard Casaub\u00f3n reclam\u00f3 hoy al gobierno de Estados Unidos que respete el \u00abproceso legislativo\u00bb de M\u00e9xico, en referencia a las reformas electorales impulsadas por el presidente Andr\u00e9s Manuel L\u00f3pez Obrador, tambi\u00e9n conocidas como \u00abPlan B\u00bb.<\/p>\n\n\n\n<p>Es un asunto especial de respeto mutuo a nuestras soberan\u00edas\u00bb, agreg\u00f3 Ebrard desde su cuenta de Twitter, donde public\u00f3 una fotograf\u00eda de \u00e9l con Antony Blinken, el secretario de Estado del gobierno de Joe Biden, tomada al margen de la cumbre de cancilleres del G20.<\/p>\n\n\n\n<h5 class=\"has-cyan-bluish-gray-background-color has-background wp-block-heading\">NOTICIAS RELACIONADAS<\/h5>\n\n\n\n<ul class=\"wp-block-list\"><li><a href=\"https:\/\/www.proceso.com.mx\/internacional\/2023\/3\/2\/blinken-lavrov-mantienen-breve-reunion-en-cumbre-del-g20-302966.html\">Blinken y Lavrov mantienen breve reuni\u00f3n en cumbre del G20<\/a><\/li><li><a href=\"https:\/\/www.proceso.com.mx\/nacional\/2023\/3\/2\/amlo-publica-plan-en-el-dof-inicia-la-lucha-en-la-corte-302961.html\">AMLO publica Plan B en el DOF; inicia la lucha en la Corte<\/a><\/li><li><a href=\"https:\/\/www.proceso.com.mx\/nacional\/2023\/2\/28\/hay-mas-democracia-en-mexico-que-en-estados-unidos-responde-amlo-blinken-302821.html\">\u201cHay m\u00e1s democracia en M\u00e9xico que en Estados Unidos\u201d, responde AMLO a Blinken<\/a><\/li><li><a href=\"https:\/\/www.proceso.com.mx\/nacional\/2023\/2\/27\/instituciones-electorales-independientes-apoyan-una-democracia-saludable-eu-302793.html\">Instituciones electorales independientes apoyan una democracia saludable: EU<\/a><\/li><li><a href=\"https:\/\/www.proceso.com.mx\/nacional\/2023\/2\/24\/plan-es-un-retroceso-para-la-democracia-las-relaciones-entre-eu-mexico-congresistas-estadunidenses-302672.html\">Plan B es un retroceso para la democracia y las relaciones entre EU-M\u00e9xico: Congresistas estadunidenses<\/a><\/li><\/ul>\n\n\n\n<p>\u00abM\u00e9xico siempre ha sido respetuoso de los procesos legislativos en EU y demanda el mismo respeto para con los nuestros\u00bb, asever\u00f3 el canciller, al agregar que \u00abtambi\u00e9n comentamos lucha contra fentanilo y otros temas\u00bb.<\/p>\n\n\n\n<figure class=\"wp-block-embed is-type-rich is-provider-twitter wp-block-embed-twitter\"><div class=\"wp-block-embed__wrapper\">\n<blockquote class=\"twitter-tweet\" data-width=\"500\" data-dnt=\"true\"><p lang=\"es\" dir=\"ltr\">Con Antony Blinken. M\u00e9xico siempre ha sido respetuoso de los procesos legislativos en EU y demanda el mismo respeto para con los <a href=\"https:\/\/t.co\/Ntggk7Xrpd\">https:\/\/t.co\/Ntggk7Xrpd<\/a> un asunto esencial el respeto mutuo a nuestras soberan\u00edas,Tambi\u00e9n comentamos lucha contra fentanilo y otros temas. <a href=\"https:\/\/t.co\/RG0fvZBr6G\">pic.twitter.com\/RG0fvZBr6G<\/a><\/p>&mdash; Marcelo Ebrard C. (@m_ebrard) <a href=\"https:\/\/twitter.com\/m_ebrard\/status\/1631446468031655938?ref_src=twsrc%5Etfw\">March 3, 2023<\/a><\/blockquote><script async src=\"https:\/\/platform.twitter.com\/widgets.js\" charset=\"utf-8\"><\/script>\n<\/div><\/figure>\n\n\n\n<p>El canciller dio a entender por ese canal no oficial &#8211;sus redes sociales&#8211;, que expres\u00f3 a Blinken el rechazo del gobierno de M\u00e9xico a las declaraciones recientes del Departamento de Estado que dejaban ver la cr\u00edtica de Biden hacia el \u00abPlan B\u00bb y el apoyo a las manifestaciones del pasado domingo 26 en defensa del Instituto Nacional Electoral (INE).<\/p>\n\n\n\n<p>Horas antes, el mismo Blinken hab\u00eda publicado una fotograf\u00eda similar de su pl\u00e1tica con Ebrard, en la cual mencion\u00f3 que hablaron de avances en temas comerciales, de combate al fentanilo y de la \u00abimportancia de las instituciones para una democracia fuerte\u00bb.<\/p>\n\n\n\n<p>El mensaje de Blinken reiter\u00f3 el planteamiento difundido el pasado lunes 27, en el que Departamento de Estado expres\u00f3 su apoyo a \u00ablas instituciones electorales independientes que fortalecen los procesos democr\u00e1ticos y el Estado de derecho\u201d, es decir, al INE, una instituci\u00f3n que se ha convertido en un blanco del gobierno en el \u00abPlan B\u00bb.<\/p>\n\n\n\n<p>Estas declaraciones, aunque relativamente prudentes, provocaron el enojo del presidente L\u00f3pez Obrador, quien denunci\u00f3 una \u00abintromisi\u00f3n\u00bb y una \u00abpol\u00edtica injerencista\u00bb de Washington en los asuntos internos de M\u00e9xico, y asever\u00f3 que \u00aben M\u00e9xico hay m\u00e1s democracia que en Estados Unidos\u00bb.<\/p>\n","protected":false},"excerpt":{"rendered":"<p>El canciller dio a entender que expres\u00f3 a Blinken el rechazo del gobierno de M\u00e9xico a las declaraciones recientes del [&hellip;]<\/p>\n","protected":false},"author":1,"featured_media":47577,"comment_status":"open","ping_status":"open","sticky":false,"template":"","format":"standard","meta":{"site-sidebar-layout":"default","site-content-layout":"","ast-site-content-layout":"default","site-content-style":"default","site-sidebar-style":"default","ast-global-header-display":"","ast-banner-title-visibility":"","ast-main-header-display":"","ast-hfb-above-header-display":"","ast-hfb-below-header-display":"","ast-hfb-mobile-header-display":"","site-post-title":"","ast-breadcrumbs-content":"","ast-featured-img":"","footer-sml-layout":"","theme-transparent-header-meta":"","adv-header-id-meta":"","stick-header-meta":"","header-above-stick-meta":"","header-main-stick-meta":"","header-below-stick-meta":"","astra-migrate-meta-layouts":"default","ast-page-background-enabled":"default","ast-page-background-meta":{"desktop":{"background-color":"var(--ast-global-color-4)","background-image":"","background-repeat":"repeat","background-position":"center center","background-size":"auto","background-attachment":"scroll","background-type":"","background-media":"","overlay-type":"","overlay-color":"","overlay-opacity":"","overlay-gradient":""},"tablet":{"background-color":"","background-image":"","background-repeat":"repeat","background-position":"center center","background-size":"auto","background-attachment":"scroll","background-type":"","background-media":"","overlay-type":"","overlay-color":"","overlay-opacity":"","overlay-gradient":""},"mobile":{"background-color":"","background-image":"","background-repeat":"repeat","background-position":"center center","background-size":"auto","background-attachment":"scroll","background-type":"","background-media":"","overlay-type":"","overlay-color":"","overlay-opacity":"","overlay-gradient":""}},"ast-content-background-meta":{"desktop":{"background-color":"var(--ast-global-color-5)","background-image":"","background-repeat":"repeat","background-position":"center center","background-size":"auto","background-attachment":"scroll","background-type":"","background-media":"","overlay-type":"","overlay-color":"","overlay-opacity":"","overlay-gradient":""},"tablet":{"background-color":"var(--ast-global-color-5)","background-image":"","background-repeat":"repeat","background-position":"center center","background-size":"auto","background-attachment":"scroll","background-type":"","background-media":"","overlay-type":"","overlay-color":"","overlay-opacity":"","overlay-gradient":""},"mobile":{"background-color":"var(--ast-global-color-5)","background-image":"","background-repeat":"repeat","background-position":"center center","background-size":"auto","background-attachment":"scroll","background-type":"","background-media":"","overlay-type":"","overlay-color":"","overlay-opacity":"","overlay-gradient":""}},"footnotes":""},"categories":[8],"tags":[7650,15389,645],"class_list":["post-47576","post","type-post","status-publish","format-standard","has-post-thumbnail","hentry","category-noticias","tag-antony-blinken","tag-g-20","tag-marcelo-ebrard"],"_links":{"self":[{"href":"https:\/\/losperiodistas.com.mx\/portal\/wp-json\/wp\/v2\/posts\/47576","targetHints":{"allow":["GET"]}}],"collection":[{"href":"https:\/\/losperiodistas.com.mx\/portal\/wp-json\/wp\/v2\/posts"}],"about":[{"href":"https:\/\/losperiodistas.com.mx\/portal\/wp-json\/wp\/v2\/types\/post"}],"author":[{"embeddable":true,"href":"https:\/\/losperiodistas.com.mx\/portal\/wp-json\/wp\/v2\/users\/1"}],"replies":[{"embeddable":true,"href":"https:\/\/losperiodistas.com.mx\/portal\/wp-json\/wp\/v2\/comments?post=47576"}],"version-history":[{"count":1,"href":"https:\/\/losperiodistas.com.mx\/portal\/wp-json\/wp\/v2\/posts\/47576\/revisions"}],"predecessor-version":[{"id":47578,"href":"https:\/\/losperiodistas.com.mx\/portal\/wp-json\/wp\/v2\/posts\/47576\/revisions\/47578"}],"wp:featuredmedia":[{"embeddable":true,"href":"https:\/\/losperiodistas.com.mx\/portal\/wp-json\/wp\/v2\/media\/47577"}],"wp:attachment":[{"href":"https:\/\/losperiodistas.com.mx\/portal\/wp-json\/wp\/v2\/media?parent=47576"}],"wp:term":[{"taxonomy":"category","embeddable":true,"href":"https:\/\/losperiodistas.com.mx\/portal\/wp-json\/wp\/v2\/categories?post=47576"},{"taxonomy":"post_tag","embeddable":true,"href":"https:\/\/losperiodistas.com.mx\/portal\/wp-json\/wp\/v2\/tags?post=47576"}],"curies":[{"name":"wp","href":"https:\/\/api.w.org\/{rel}","templated":true}]}}