{"id":47572,"date":"2023-03-03T06:38:37","date_gmt":"2023-03-03T12:38:37","guid":{"rendered":"http:\/\/losperiodistas.com.mx\/portal\/?p=47572"},"modified":"2023-03-03T06:38:39","modified_gmt":"2023-03-03T12:38:39","slug":"sedena-proceso-a-cuatro-militares-por-disparar-en-la-masacre-de-jovenes-en-nuevo-laredo-infobae","status":"publish","type":"post","link":"https:\/\/losperiodistas.com.mx\/portal\/sedena-proceso-a-cuatro-militares-por-disparar-en-la-masacre-de-jovenes-en-nuevo-laredo-infobae\/","title":{"rendered":"Sedena proces\u00f3 a cuatro militares por disparar en la masacre de j\u00f3venes en Nuevo Laredo | Infobae"},"content":{"rendered":"\n<h2 class=\"has-vivid-green-cyan-background-color has-background has-medium-font-size wp-block-heading\">De acuerdo con leyes militares, de ser encontrados culpables, los elementos de la Secretar\u00eda de la Defensa Nacional podr\u00edan recibir de uno a dos a\u00f1os de c\u00e1rcel<\/h2>\n\n\n\n<figure class=\"wp-block-image size-large is-style-default\"><img fetchpriority=\"high\" decoding=\"async\" width=\"1024\" height=\"628\" src=\"https:\/\/losperiodistas.com.mx\/portal\/wp-content\/uploads\/2023\/03\/Captura-de-Pantalla-2023-03-03-a-las-6.33.25-1024x628.jpg\" alt=\"\" class=\"wp-image-47573\" srcset=\"https:\/\/losperiodistas.com.mx\/portal\/wp-content\/uploads\/2023\/03\/Captura-de-Pantalla-2023-03-03-a-las-6.33.25-1024x628.jpg 1024w, https:\/\/losperiodistas.com.mx\/portal\/wp-content\/uploads\/2023\/03\/Captura-de-Pantalla-2023-03-03-a-las-6.33.25-300x184.jpg 300w, https:\/\/losperiodistas.com.mx\/portal\/wp-content\/uploads\/2023\/03\/Captura-de-Pantalla-2023-03-03-a-las-6.33.25-768x471.jpg 768w, https:\/\/losperiodistas.com.mx\/portal\/wp-content\/uploads\/2023\/03\/Captura-de-Pantalla-2023-03-03-a-las-6.33.25-1536x942.jpg 1536w, https:\/\/losperiodistas.com.mx\/portal\/wp-content\/uploads\/2023\/03\/Captura-de-Pantalla-2023-03-03-a-las-6.33.25.jpg 1706w\" sizes=\"(max-width: 1024px) 100vw, 1024px\" \/><figcaption>Soldados mexicanos montan guardia tras ser acusados \u200b\u200bpor personas de haber participado con otros militares en la muerte a tiros de cinco personas, en Nuevo Laredo, Tamaulipas el domingo 26 de febrero de 2023. Foto: REUTERS\/Jasiel Rubio NO RESALES. NO ARCHIVES<\/figcaption><\/figure>\n\n\n\n<p class=\"has-vivid-red-color has-text-color has-medium-font-size\"><strong>REDACCI\u00d3N INFOBAE M\u00c9XICO<\/strong><\/p>\n\n\n\n<p>La&nbsp;<strong>Secretar\u00eda de la Defensa Nacional<\/strong>&nbsp;(Sedena)&nbsp;<strong>proces\u00f3 a cuatro militares&nbsp;<\/strong>por el delito de desobediencia al considerar que accionaron sus armas en la masacre donde fueron asesinados cinco j\u00f3venes la madrugada del 26 de febrero en<strong>&nbsp;Nuevo Laredo,<\/strong>&nbsp;<strong>Tamaulipas<\/strong>.<\/p>\n\n\n\n<figure class=\"wp-block-image is-style-default\"><img decoding=\"async\" src=\"https:\/\/cloudfront-us-east-1.images.arcpublishing.com\/infobae\/QA75TCKIJBIAPEVLZPEGLE5IGU.jpg\" alt=\"People argue with a soldier near the area where, according to local media, five people were shot dead by Mexican soldiers, in Nuevo Laredo, Mexico February 26, 2023. REUTERS\/Jasiel Rubio NO RESALES. NO ARCHIVES\"\/><\/figure>\n\n\n\n<p>Te puede interesar:<strong>Amnist\u00eda Internacional pidi\u00f3 que autoridades civiles investiguen masacre en Nuevo Laredo<\/strong><\/p>\n\n\n\n<p>De acuerdo con la versi\u00f3n de los hechos de la&nbsp;<strong>Sedena<\/strong>, cerca de las 5 de la ma\u00f1ana del domingo 26 de febrero, mientras elementos del&nbsp;<strong>Ej\u00e9rcito Mexicano&nbsp;<\/strong>realizaban sus recorridos de vigilancia, agentes de una base de operaciones de&nbsp;<strong>Nuevo Laredo&nbsp;<\/strong>escucharon disparos, por lo que se dirigieron a la direcci\u00f3n de donde proven\u00edan.<\/p>\n\n\n\n<p>Los elementos castrenses vieron una camioneta tipo&nbsp;<strong>pick up&nbsp;<\/strong>con siete personas abordo que, seg\u00fan la&nbsp;<strong>Secretar\u00eda de la Defensa<\/strong>, iban a acceso de velocidad con las luces apagadas y sin placas, por lo que al observar la presencia de las tropas, aceleraron de manera intempestiva y evasiva, pero se impactaron con un veh\u00edculo que estaba estacionado.<img decoding=\"async\" alt=\"En varias fotograf\u00edas se ve a militares apuntar a los familiares de las v\u00edctimas tras empujones y reclamos de las personas. Foto: REUTERS\/Jasiel Rubio NO RESALES. NO ARCHIVES\" height=\"1686\" width=\"2304\" class=\"\" src=\"https:\/\/cloudfront-us-east-1.images.arcpublishing.com\/infobae\/DWIKH33XEBBTB3D22KNSMHEDHU.jpg\" srcset=\"https:\/\/www.infobae.com\/new-resizer\/cx2rDVwMbDPSK-Pcc_qX2CxxkOs=\/420x315\/filters:format(webp):quality(85)\/cloudfront-us-east-1.images.arcpublishing.com\/infobae\/DWIKH33XEBBTB3D22KNSMHEDHU.jpg 420w,https:\/\/www.infobae.com\/new-resizer\/FRjRi4tNbb56m4pqwD7w7Lmting=\/768x576\/filters:format(webp):quality(85)\/cloudfront-us-east-1.images.arcpublishing.com\/infobae\/DWIKH33XEBBTB3D22KNSMHEDHU.jpg 768w,https:\/\/www.infobae.com\/new-resizer\/CuZxD9wJjut-EqnJiwKDrRCXmvU=\/992x744\/filters:format(webp):quality(85)\/cloudfront-us-east-1.images.arcpublishing.com\/infobae\/DWIKH33XEBBTB3D22KNSMHEDHU.jpg 992w,https:\/\/www.infobae.com\/new-resizer\/fm-dAur8Zqi3tPj5n2bWSd_6h2s=\/1200x900\/filters:format(webp):quality(85)\/cloudfront-us-east-1.images.arcpublishing.com\/infobae\/DWIKH33XEBBTB3D22KNSMHEDHU.jpg 1200w,https:\/\/www.infobae.com\/new-resizer\/SEKOnfl6azQV-T-g8kiuvD_Zhbg=\/1440x1080\/filters:format(webp):quality(85)\/cloudfront-us-east-1.images.arcpublishing.com\/infobae\/DWIKH33XEBBTB3D22KNSMHEDHU.jpg 1440w\">En varias fotograf\u00edas se ve a militares apuntar a los familiares de las v\u00edctimas tras empujones y reclamos de las personas. Foto: REUTERS\/Jasiel Rubio NO RESALES. NO ARCHIVES<\/p>\n\n\n\n<p>Luego del choque de la camioneta, el cual provoc\u00f3 un fuerte estruendo, \u201cel personal militar accion\u00f3 sus armas de fuego, matando a los j\u00f3venes identificados como\u00a0<strong>Gustavo P\u00e9rez Beriles<\/strong>,\u00a0<a href=\"https:\/\/www.infobae.com\/mexico\/2023\/03\/02\/un-reporte-vinculo-a-jovenes-masacrados-en-nuevo-laredo-con-el-cartel-del-noreste\/\" target=\"_blank\" rel=\"noreferrer noopener\"><strong>Wilberto Mata Estrada<\/strong><\/a><strong>, Jonathan Aguilar S\u00e1nchez, Alejandro Trujillo Rocha y Gustavo \u00c1ngel Su\u00e1rez Castillo<\/strong>, quien era ciudadano estadounidense.<\/p>\n\n\n\n<p class=\"has-cyan-bluish-gray-background-color has-background\"><a href=\"https:\/\/www.infobae.com\/mexico\/2023\/03\/02\/un-reporte-vinculo-a-jovenes-masacrados-en-nuevo-laredo-con-el-cartel-del-noreste\/\" target=\"_blank\" rel=\"noreferrer noopener\">Te puede interesar:<strong>Un reporte vincul\u00f3 a j\u00f3venes masacrados en Nuevo Laredo con el C\u00e1rtel del Noreste<\/strong><\/a><\/p>\n\n\n\n<p>La&nbsp;<strong>Sedena&nbsp;<\/strong>precis\u00f3 que otro tripulante, identificado como&nbsp;<strong>Luis Gerardo<\/strong>&nbsp;fue llevado a un hospital privado con impactos de bala en su cuerpo, donde todav\u00eda es reportado en estado grave de salud. El&nbsp;<strong>Comit\u00e9 de Derechos Humanos de Nuevo Laredo<\/strong>&nbsp;inform\u00f3 que la camioneta donde viajaban los j\u00f3venes ten\u00eda al menos 20 impactos de bala y dos personas habr\u00edan sido \u201crematadas\u201d en la nuca cuando se encontraban tiradas en el pavimento.<\/p>\n\n\n\n<p>Por estos hechos, la\u00a0<strong>Fiscal\u00eda General de la Rep\u00fablica\u00a0<\/strong>(FGR) y la\u00a0<strong>Comisi\u00f3n Nacional de los Derechos Humanos\u00a0<\/strong>(CNDH) comenzaron una carpeta de investigaci\u00f3n para determinar las responsabilidades.<\/p>\n\n\n\n<p class=\"has-cyan-bluish-gray-background-color has-background\"><a href=\"https:\/\/www.infobae.com\/mexico\/2023\/03\/03\/organizaciones-mexicanas-exigieron-juicio-civil-contra-militares-de-la-sedena-por-masacre-en-nuevo-laredo\/\" target=\"_blank\" rel=\"noreferrer noopener\">Te puede interesar:<strong>Organizaciones mexicanas exigieron juicio civil contra militares de la Sedena por masacre en Nuevo Laredo<\/strong><\/a><\/p>\n\n\n\n<p>En su momento, la&nbsp;<a href=\"https:\/\/www.infobae.com\/mexico\/2023\/03\/01\/paso-a-paso-como-ocurrio-la-masacre-contra-cinco-jovenes-en-nuevo-laredo-segun-la-sedena\/\" target=\"_blank\" rel=\"noreferrer noopener\"><strong>Sedena<\/strong><\/a>&nbsp;hab\u00eda se\u00f1alado que comenzar\u00eda investigaciones por parte de la&nbsp;<strong>Fiscal\u00eda General de Justicia Militar<\/strong>&nbsp;sobre los efectivos involucrados. Sin embargo, el periodista Ciro G\u00f3mez Leyva anunci\u00f3 durante su noticiero en Imagen Televisi\u00f3n que al menos 4 de los soldados que estuvieron en los hechos, ya fueron procesados por autoridades militares.<img decoding=\"async\" alt=\"Familiares de las v\u00edctimas se enfrentaron con militares para que no se llevaran el veh\u00edculo donde fueron asesinados los j\u00f3venes. Foto: REUTERS\/Jasiel Rubio NO RESALES. NO ARCHIVES\" height=\"2420\" width=\"3372\" class=\"\" src=\"https:\/\/cloudfront-us-east-1.images.arcpublishing.com\/infobae\/VXTQWOHGVH6WALDTI2LDHOYX3Q.jpg\" srcset=\"https:\/\/www.infobae.com\/new-resizer\/PtZsY4IHR3JNig0ZvzxyPXHerIE=\/420x315\/filters:format(webp):quality(85)\/cloudfront-us-east-1.images.arcpublishing.com\/infobae\/VXTQWOHGVH6WALDTI2LDHOYX3Q.jpg 420w,https:\/\/www.infobae.com\/new-resizer\/1ZwRtK1fGrWGvPsUhThsfIJ69kM=\/768x576\/filters:format(webp):quality(85)\/cloudfront-us-east-1.images.arcpublishing.com\/infobae\/VXTQWOHGVH6WALDTI2LDHOYX3Q.jpg 768w,https:\/\/www.infobae.com\/new-resizer\/lCrNzd9xmkTfteLN0bP4Ef9O-eQ=\/992x744\/filters:format(webp):quality(85)\/cloudfront-us-east-1.images.arcpublishing.com\/infobae\/VXTQWOHGVH6WALDTI2LDHOYX3Q.jpg 992w,https:\/\/www.infobae.com\/new-resizer\/Onu7_N04W-aKw13Qu5FGZzJy49A=\/1200x900\/filters:format(webp):quality(85)\/cloudfront-us-east-1.images.arcpublishing.com\/infobae\/VXTQWOHGVH6WALDTI2LDHOYX3Q.jpg 1200w,https:\/\/www.infobae.com\/new-resizer\/_KMfYcEKIDwcFgZNtmTiT1QaR8A=\/1440x1080\/filters:format(webp):quality(85)\/cloudfront-us-east-1.images.arcpublishing.com\/infobae\/VXTQWOHGVH6WALDTI2LDHOYX3Q.jpg 1440w\">Familiares de las v\u00edctimas se enfrentaron con militares para que no se llevaran el veh\u00edculo donde fueron asesinados los j\u00f3venes. Foto: REUTERS\/Jasiel Rubio NO RESALES. NO ARCHIVES<\/p>\n\n\n\n<p>Los elementos, seg\u00fan el periodista, ya fueron entrevistados por la<strong>&nbsp;FGR<\/strong>&nbsp;y de acuerdo con lo que arrojen las investigaciones de las autoridades civiles y militares, podr\u00edan ser acusados por el fuero militar por&nbsp;<strong>desobediencia<\/strong>, mientras que&nbsp;<strong>el Ministerio P\u00fablico de la Federaci\u00f3n podr\u00edan se\u00f1alarlos por homicidio y lesiones<\/strong>.<\/p>\n\n\n\n<p>Seg\u00fan el&nbsp;<a href=\"https:\/\/www.diputados.gob.mx\/LeyesBiblio\/pdf\/4_210618.pdf\" target=\"_blank\" rel=\"noreferrer noopener\"><strong>C\u00f3digo de Justicia Militar<\/strong><\/a>, quien comete el delito de desobediencia \u201cel que no ejecuta o respeta una orden del superior, la modifica de propia autoridad o se extralimita al ejecutarla\u201d, podr\u00eda recibir de uno a dos a\u00f1os de c\u00e1rcel seg\u00fan la gravedad de la misma.<\/p>\n\n\n\n<p>\u201cArt\u00edculo 303.-&nbsp;<strong>La desobediencia en actos del servicio ser\u00e1 castigada con un a\u00f1o de prisi\u00f3n<\/strong>,&nbsp;<strong>excepto en los casos<\/strong>&nbsp;siguientes: I.-&nbsp;<strong>Cuando ocasione un mal grave que se castigar\u00e1 con dos a\u00f1os de prisi\u00f3n<\/strong>; II.-&nbsp;<strong>cuando fuere cometida en campa\u00f1a<\/strong>,&nbsp;<strong>que se castigar\u00e1 con cinco a\u00f1os de prisi\u00f3n<\/strong>,<strong>&nbsp;y si resultare perjuicio a las operaciones militares, con diez a\u00f1os de prisi\u00f3n<\/strong>, y III. Cuando se efect\u00fae frente al enemigo, marchando a encontrarlo, esper\u00e1ndolo a la defensiva, persigui\u00e9ndolo o durante la retirada, se impondr\u00e1 pena de treinta a sesenta a\u00f1os de prisi\u00f3n\u201d, detalla el C\u00f3digo.<\/p>\n\n\n\n<p>En tanto, la&nbsp;<strong>Organizaci\u00f3n de las Naciones Unidas<\/strong>&nbsp;(ONU) solicit\u00f3 a las autoridades de&nbsp;<strong>M\u00e9xico<\/strong>&nbsp;una investigaci\u00f3n pronta e imparcial sobre los hechos violentos.<\/p>\n\n\n\n<p>\u201cEl empleo de las armas de fuego debe ser el \u00faltimo recurso, proporcional al objetivo leg\u00edtimo que se persigue, con pleno respeto y protecci\u00f3n de la vida humana. Toda muerte relacionada con el uso de la fuerza por efectivos militares debe ser investigada de forma independiente por las autoridades civiles\u201d, comparti\u00f3 la ONU en un comunicado este 1 de marzo.<\/p>\n\n\n\n<p>Fuente: <a href=\"https:\/\/www.infobae.com\/mexico\/2023\/03\/02\/sedena-proceso-a-cuatro-militares-por-disparar-en-la-masacre-de-jovenes-en-nuevo-laredo\/\">https:\/\/www.infobae.com\/mexico\/2023\/03\/02\/sedena-proceso-a-cuatro-militares-por-disparar-en-la-masacre-de-jovenes-en-nuevo-laredo\/<\/a><\/p>\n","protected":false},"excerpt":{"rendered":"<p>De acuerdo con leyes militares, de ser encontrados culpables, los elementos de la Secretar\u00eda de la Defensa Nacional podr\u00edan recibir [&hellip;]<\/p>\n","protected":false},"author":1,"featured_media":47573,"comment_status":"open","ping_status":"open","sticky":false,"template":"","format":"standard","meta":{"site-sidebar-layout":"default","site-content-layout":"","ast-site-content-layout":"default","site-content-style":"default","site-sidebar-style":"default","ast-global-header-display":"","ast-banner-title-visibility":"","ast-main-header-display":"","ast-hfb-above-header-display":"","ast-hfb-below-header-display":"","ast-hfb-mobile-header-display":"","site-post-title":"","ast-breadcrumbs-content":"","ast-featured-img":"","footer-sml-layout":"","theme-transparent-header-meta":"","adv-header-id-meta":"","stick-header-meta":"","header-above-stick-meta":"","header-main-stick-meta":"","header-below-stick-meta":"","astra-migrate-meta-layouts":"default","ast-page-background-enabled":"default","ast-page-background-meta":{"desktop":{"background-color":"var(--ast-global-color-4)","background-image":"","background-repeat":"repeat","background-position":"center center","background-size":"auto","background-attachment":"scroll","background-type":"","background-media":"","overlay-type":"","overlay-color":"","overlay-opacity":"","overlay-gradient":""},"tablet":{"background-color":"","background-image":"","background-repeat":"repeat","background-position":"center center","background-size":"auto","background-attachment":"scroll","background-type":"","background-media":"","overlay-type":"","overlay-color":"","overlay-opacity":"","overlay-gradient":""},"mobile":{"background-color":"","background-image":"","background-repeat":"repeat","background-position":"center center","background-size":"auto","background-attachment":"scroll","background-type":"","background-media":"","overlay-type":"","overlay-color":"","overlay-opacity":"","overlay-gradient":""}},"ast-content-background-meta":{"desktop":{"background-color":"var(--ast-global-color-5)","background-image":"","background-repeat":"repeat","background-position":"center center","background-size":"auto","background-attachment":"scroll","background-type":"","background-media":"","overlay-type":"","overlay-color":"","overlay-opacity":"","overlay-gradient":""},"tablet":{"background-color":"var(--ast-global-color-5)","background-image":"","background-repeat":"repeat","background-position":"center center","background-size":"auto","background-attachment":"scroll","background-type":"","background-media":"","overlay-type":"","overlay-color":"","overlay-opacity":"","overlay-gradient":""},"mobile":{"background-color":"var(--ast-global-color-5)","background-image":"","background-repeat":"repeat","background-position":"center center","background-size":"auto","background-attachment":"scroll","background-type":"","background-media":"","overlay-type":"","overlay-color":"","overlay-opacity":"","overlay-gradient":""}},"footnotes":""},"categories":[8],"tags":[15388,3262,15203],"class_list":["post-47572","post","type-post","status-publish","format-standard","has-post-thumbnail","hentry","category-noticias","tag-militares-procesados","tag-sedena","tag-tamaulipaas"],"_links":{"self":[{"href":"https:\/\/losperiodistas.com.mx\/portal\/wp-json\/wp\/v2\/posts\/47572","targetHints":{"allow":["GET"]}}],"collection":[{"href":"https:\/\/losperiodistas.com.mx\/portal\/wp-json\/wp\/v2\/posts"}],"about":[{"href":"https:\/\/losperiodistas.com.mx\/portal\/wp-json\/wp\/v2\/types\/post"}],"author":[{"embeddable":true,"href":"https:\/\/losperiodistas.com.mx\/portal\/wp-json\/wp\/v2\/users\/1"}],"replies":[{"embeddable":true,"href":"https:\/\/losperiodistas.com.mx\/portal\/wp-json\/wp\/v2\/comments?post=47572"}],"version-history":[{"count":1,"href":"https:\/\/losperiodistas.com.mx\/portal\/wp-json\/wp\/v2\/posts\/47572\/revisions"}],"predecessor-version":[{"id":47574,"href":"https:\/\/losperiodistas.com.mx\/portal\/wp-json\/wp\/v2\/posts\/47572\/revisions\/47574"}],"wp:featuredmedia":[{"embeddable":true,"href":"https:\/\/losperiodistas.com.mx\/portal\/wp-json\/wp\/v2\/media\/47573"}],"wp:attachment":[{"href":"https:\/\/losperiodistas.com.mx\/portal\/wp-json\/wp\/v2\/media?parent=47572"}],"wp:term":[{"taxonomy":"category","embeddable":true,"href":"https:\/\/losperiodistas.com.mx\/portal\/wp-json\/wp\/v2\/categories?post=47572"},{"taxonomy":"post_tag","embeddable":true,"href":"https:\/\/losperiodistas.com.mx\/portal\/wp-json\/wp\/v2\/tags?post=47572"}],"curies":[{"name":"wp","href":"https:\/\/api.w.org\/{rel}","templated":true}]}}