{"id":47569,"date":"2023-03-03T06:30:47","date_gmt":"2023-03-03T12:30:47","guid":{"rendered":"http:\/\/losperiodistas.com.mx\/portal\/?p=47569"},"modified":"2023-03-03T06:30:50","modified_gmt":"2023-03-03T12:30:50","slug":"se-aplicara-la-ley-contra-ignacio-mier-con-el-retiro-de-espectaculares-que-promueven-su-imagen-cespedes-ljo","status":"publish","type":"post","link":"https:\/\/losperiodistas.com.mx\/portal\/se-aplicara-la-ley-contra-ignacio-mier-con-el-retiro-de-espectaculares-que-promueven-su-imagen-cespedes-ljo\/","title":{"rendered":"Se aplicar\u00e1 la ley contra Ignacio Mier con el retiro de espectaculares que promueven su imagen: C\u00e9spedes\u00a0| LJO"},"content":{"rendered":"\n<figure class=\"wp-block-embed is-type-video is-provider-youtube wp-block-embed-youtube wp-embed-aspect-16-9 wp-has-aspect-ratio\"><div class=\"wp-block-embed__wrapper\">\n<iframe title=\"C\u00e9spedes sentencia que se aplicar\u00e1 la ley y retirar\u00e1n propaganda en alusi\u00f3n a espectaculares de Mier\" width=\"500\" height=\"281\" src=\"https:\/\/www.youtube.com\/embed\/9GocGh4q1N8?feature=oembed\" frameborder=\"0\" allow=\"accelerometer; autoplay; clipboard-write; encrypted-media; gyroscope; picture-in-picture; web-share\" referrerpolicy=\"strict-origin-when-cross-origin\" allowfullscreen><\/iframe>\n<\/div><\/figure>\n\n\n\n<p><\/p>\n\n\n\n<p class=\"has-vivid-red-color has-text-color has-medium-font-size\"><strong>YADIRA LLAV\u00c9N ANZURES \/ LA JORNADA DE ORIENTE<\/strong><\/p>\n\n\n\n<p>El gobernador&nbsp;<a href=\"https:\/\/twitter.com\/SergioSalomonC\">Salom\u00f3n C\u00e9spedes Peregrina<\/a>&nbsp;sentenci\u00f3 que se aplicar\u00e1 la ley sin distingo alguno para el retiro de propaganda que contamina m\u00e1s que la mala calidad del aire en Puebla, en alusi\u00f3n al despliegue masivo de espectaculares que promocionan la imagen del diputado federal Ignacio Mier, en la ciudad de Puebla y la zona metropolitana.&nbsp;<\/p>\n\n\n\n<blockquote class=\"wp-block-quote is-layout-flow wp-block-quote-is-layout-flow\"><p>Por lo que advirti\u00f3 a los aspirantes a una candidatura: \u201c\u00a1Aguas con utilizar a la gente, porque la gente entiende, conoce y sabe!\u201d.&nbsp;<\/p><\/blockquote>\n\n\n\n<p>As\u00ed respondi\u00f3 a\u00a0<em>La Jornada de Oriente<\/em>\u00a0durante la rueda de prensa de este jueves, previo a la gira de trabajo que realiz\u00f3 en el municipio serrano de Cuetzalan del Progreso, para entregar apoyos al campo.\u00a0<\/p>\n\n\n\n<p>Esta casa editorial public\u00f3 este mi\u00e9rcoles que en la capital y el \u00e1rea conurbada existe m\u00e1s de un centenar de espectaculares que difunden la imagen del legislador Ignacio Mier, coordinador de la bancada de Morena en la C\u00e1mara de Diputados.&nbsp;<\/p>\n\n\n\n<p>De acuerdo con especialistas en el tema, la utilizaci\u00f3n de espectaculares, para promover la portada de revistas\u00a0<a href=\"https:\/\/twitter.com\/NachoMierV\">en las que aparece Mier<\/a>, representa un gasto de aproximadamente 10 millones de pesos.\u00a0&#8211; <\/p>\n\n\n\n<p>Dicha cifra de inversi\u00f3n, de la cual se desconoce su origen, representa la cuarta parte del gasto de tope de campa\u00f1a que asciende a 42.9 millones de pesos, seg\u00fan datos del organismo electoral.&nbsp;<\/p>\n\n\n\n<p>En la Sala Juan N M\u00e9ndez, del Centro Integral de Servicios (CIS), el gobernador hizo un en\u00e9rgico llamado a los aspirantes a una candidatura, principalmente por su partido Morena, a respetar la ley y los tiempos electorales.\u00a0<\/p>\n\n\n\n<p>\u201cEstaremos ejerciendo la aplicaci\u00f3n de la ley en d\u00edas pr\u00f3ximos, est\u00e1n haciendo las licitaciones para contratar al equipo necesario, con el cual no cuenta la secretaria (del Medio Ambiente)\u201d, explic\u00f3.&nbsp;&nbsp;<\/p>\n\n\n\n<p>Estim\u00f3 que a m\u00e1s tardar el d\u00eda lunes de la pr\u00f3xima semana, la secretaria del Medio Ambiente, Beatriz Manrique, informar\u00e1 del seguimiento que estar\u00e1 dando el gobierno estatal al tema, a fin de que aplique la Ley en Puebla con el retiro de la publicidad.&nbsp;&nbsp;<\/p>\n\n\n\n<p>C\u00e9spedes Peregrina dijo que es importante entender sobre todo a los que aspiran a una candidatura a no mentir y no traicionar al pueblo.&nbsp;<\/p>\n\n\n\n<blockquote class=\"wp-block-quote is-layout-flow wp-block-quote-is-layout-flow\"><p>\u201c\u00a1Aguas, con utilizar a la gente. La gente entiende, la gente conoce y sabe. El llamado es a la mesura, a la responsabilidad, a conducirse con verdad y dentro del marco de la ley\u201d, convoc\u00f3.&nbsp;<\/p><\/blockquote>\n\n\n\n<p>El titular del Ejecutivo del estado refiri\u00f3 que se trata de un llamado atento, firme y respetuoso, para que se entienda \u2013recalc\u00f3- que \u201cla aplicaci\u00f3n de la ley es sin distingo alguno\u201d.&nbsp;<\/p>\n\n\n\n<p class=\"has-cyan-bluish-gray-background-color has-background\"><strong>Quiz\u00e1 te interese:<\/strong>&nbsp;<a href=\"https:\/\/www.lajornadadeoriente.com.mx\/puebla\/superaria-los-10-mdp-el-gasto-en-espectaculares-que-promueven-a-ignacio-mier\/\">Superar\u00eda los 10 mdp el gasto en espectaculares que promueven a Ignacio Mier<\/a>&nbsp;<\/p>\n\n\n\n<p>El mandatario estatal coment\u00f3 que ser\u00e1n las autoridades competentes&nbsp; las que actuar\u00e1n o accionar\u00e1n en este tipo de condiciones, como las sanciones por promoci\u00f3n de imagen adelantada a los tiempos que marca la norma electoral.&nbsp;<\/p>\n\n\n\n<p>En lo que a nosotros respecta, dijo que atender\u00e1n el caso, pues consider\u00f3 que en Puebla \u201chay contaminaci\u00f3n m\u00e1s fuerte que es la visual\u201d.\u00a0<\/p>\n\n\n\n<p>Fuente: <a href=\"https:\/\/www.lajornadadeoriente.com.mx\/puebla\/retiro-de-espectaculares-ignacio-mier\/\">https:\/\/www.lajornadadeoriente.com.mx\/puebla\/retiro-de-espectaculares-ignacio-mier\/<\/a><\/p>\n","protected":false},"excerpt":{"rendered":"<p>YADIRA LLAV\u00c9N ANZURES \/ LA JORNADA DE ORIENTE El gobernador&nbsp;Salom\u00f3n C\u00e9spedes Peregrina&nbsp;sentenci\u00f3 que se aplicar\u00e1 la ley sin distingo alguno [&hellip;]<\/p>\n","protected":false},"author":1,"featured_media":47570,"comment_status":"open","ping_status":"open","sticky":false,"template":"","format":"standard","meta":{"site-sidebar-layout":"default","site-content-layout":"","ast-site-content-layout":"default","site-content-style":"default","site-sidebar-style":"default","ast-global-header-display":"","ast-banner-title-visibility":"","ast-main-header-display":"","ast-hfb-above-header-display":"","ast-hfb-below-header-display":"","ast-hfb-mobile-header-display":"","site-post-title":"","ast-breadcrumbs-content":"","ast-featured-img":"","footer-sml-layout":"","theme-transparent-header-meta":"","adv-header-id-meta":"","stick-header-meta":"","header-above-stick-meta":"","header-main-stick-meta":"","header-below-stick-meta":"","astra-migrate-meta-layouts":"default","ast-page-background-enabled":"default","ast-page-background-meta":{"desktop":{"background-color":"var(--ast-global-color-4)","background-image":"","background-repeat":"repeat","background-position":"center center","background-size":"auto","background-attachment":"scroll","background-type":"","background-media":"","overlay-type":"","overlay-color":"","overlay-opacity":"","overlay-gradient":""},"tablet":{"background-color":"","background-image":"","background-repeat":"repeat","background-position":"center center","background-size":"auto","background-attachment":"scroll","background-type":"","background-media":"","overlay-type":"","overlay-color":"","overlay-opacity":"","overlay-gradient":""},"mobile":{"background-color":"","background-image":"","background-repeat":"repeat","background-position":"center center","background-size":"auto","background-attachment":"scroll","background-type":"","background-media":"","overlay-type":"","overlay-color":"","overlay-opacity":"","overlay-gradient":""}},"ast-content-background-meta":{"desktop":{"background-color":"var(--ast-global-color-5)","background-image":"","background-repeat":"repeat","background-position":"center center","background-size":"auto","background-attachment":"scroll","background-type":"","background-media":"","overlay-type":"","overlay-color":"","overlay-opacity":"","overlay-gradient":""},"tablet":{"background-color":"var(--ast-global-color-5)","background-image":"","background-repeat":"repeat","background-position":"center center","background-size":"auto","background-attachment":"scroll","background-type":"","background-media":"","overlay-type":"","overlay-color":"","overlay-opacity":"","overlay-gradient":""},"mobile":{"background-color":"var(--ast-global-color-5)","background-image":"","background-repeat":"repeat","background-position":"center center","background-size":"auto","background-attachment":"scroll","background-type":"","background-media":"","overlay-type":"","overlay-color":"","overlay-opacity":"","overlay-gradient":""}},"footnotes":""},"categories":[8],"tags":[8711,15386,3976],"class_list":["post-47569","post","type-post","status-publish","format-standard","has-post-thumbnail","hentry","category-noticias","tag-elecciones-puebla-2024","tag-espectaculares","tag-ignacio-mier-velazco"],"_links":{"self":[{"href":"https:\/\/losperiodistas.com.mx\/portal\/wp-json\/wp\/v2\/posts\/47569","targetHints":{"allow":["GET"]}}],"collection":[{"href":"https:\/\/losperiodistas.com.mx\/portal\/wp-json\/wp\/v2\/posts"}],"about":[{"href":"https:\/\/losperiodistas.com.mx\/portal\/wp-json\/wp\/v2\/types\/post"}],"author":[{"embeddable":true,"href":"https:\/\/losperiodistas.com.mx\/portal\/wp-json\/wp\/v2\/users\/1"}],"replies":[{"embeddable":true,"href":"https:\/\/losperiodistas.com.mx\/portal\/wp-json\/wp\/v2\/comments?post=47569"}],"version-history":[{"count":1,"href":"https:\/\/losperiodistas.com.mx\/portal\/wp-json\/wp\/v2\/posts\/47569\/revisions"}],"predecessor-version":[{"id":47571,"href":"https:\/\/losperiodistas.com.mx\/portal\/wp-json\/wp\/v2\/posts\/47569\/revisions\/47571"}],"wp:featuredmedia":[{"embeddable":true,"href":"https:\/\/losperiodistas.com.mx\/portal\/wp-json\/wp\/v2\/media\/47570"}],"wp:attachment":[{"href":"https:\/\/losperiodistas.com.mx\/portal\/wp-json\/wp\/v2\/media?parent=47569"}],"wp:term":[{"taxonomy":"category","embeddable":true,"href":"https:\/\/losperiodistas.com.mx\/portal\/wp-json\/wp\/v2\/categories?post=47569"},{"taxonomy":"post_tag","embeddable":true,"href":"https:\/\/losperiodistas.com.mx\/portal\/wp-json\/wp\/v2\/tags?post=47569"}],"curies":[{"name":"wp","href":"https:\/\/api.w.org\/{rel}","templated":true}]}}