{"id":47492,"date":"2023-03-02T03:18:13","date_gmt":"2023-03-02T09:18:13","guid":{"rendered":"http:\/\/losperiodistas.com.mx\/portal\/?p=47492"},"modified":"2023-03-02T03:18:15","modified_gmt":"2023-03-02T09:18:15","slug":"puebla-y-el-retroceso-en-el-combate-a-la-pobreza","status":"publish","type":"post","link":"https:\/\/losperiodistas.com.mx\/portal\/puebla-y-el-retroceso-en-el-combate-a-la-pobreza\/","title":{"rendered":"<strong>Puebla y el retroceso en el combate a la pobreza<\/strong>"},"content":{"rendered":"\n<p><\/p>\n\n\n\n<p class=\"has-vivid-red-color has-text-color\" style=\"font-size:26px\"><strong><em>Por Fernando Manzanilla Prieto<\/em><\/strong><\/p>\n\n\n\n<p>La pobreza es un problema persistente en M\u00e9xico que afecta a una parte significativa de la poblaci\u00f3n. Seg\u00fan datos del Consejo Nacional de Evaluaci\u00f3n de la Pol\u00edtica de Desarrollo Social (CONEVAL) correspondientes al a\u00f1o 2020, el 41.9% de la poblaci\u00f3n mexicana vive en situaci\u00f3n de pobreza.<\/p>\n\n\n\n<p>En nuestro pa\u00eds, esta condici\u00f3n se manifiesta de diferentes formas, incluyendo la carencia de acceso a servicios b\u00e1sicos como salud, educaci\u00f3n y vivienda adecuada, as\u00ed como falta de oportunidades econ\u00f3micas.<\/p>\n\n\n\n<p>A pesar del deseo latente de combatirla por parte de las autoridades, de acuerdo con el Informe de Evaluaci\u00f3n de la Pol\u00edtica de Desarrollo Social 2022, reci\u00e9n publicado por el propio CONEVAL, entre 2018 y 2020, en 19 de las 32 entidades federativas se observ\u00f3 un aumento en el porcentaje de la poblaci\u00f3n en situaci\u00f3n de pobreza.<\/p>\n\n\n\n<p>Desafortunadamente, Puebla fue una de las entidades en las que creci\u00f3 esta condici\u00f3n en m\u00e1s de 4 puntos porcentuales, al pasar de un 58% de poblaci\u00f3n en pobreza en 2018 a un 62.4% en 2020. Este retroceso la ubic\u00f3 a nivel nacional de un quinto lugar en poblaci\u00f3n en situaci\u00f3n de pobreza en 2018 a un tercer lugar en 2020, quedando tan solo detr\u00e1s de Chiapas y Guerrero.<\/p>\n\n\n\n<p>Pero no s\u00f3lo ello, en este periodo aument\u00f3 en el estado de manera notable la poblaci\u00f3n en situaci\u00f3n de pobreza extrema, al alcanzar un crecimiento de 4.6. puntos porcentuales, lo que la ubic\u00f3 en 2020 en un 12.7%.<\/p>\n\n\n\n<p>El retroceso tambi\u00e9n impact\u00f3 los indicadores de carencia social en la entidad, ya que estos crecieron de manera sustancial en tres \u00e1mbitos. El primero fue el rezago educativo, el cual aument\u00f3 de 21.3% en 2018 a 23.2% en 2020. Asimismo, la carencia por acceso a los servicios de salud pas\u00f3 de 20.8% a 32%, mientras la carencia por acceso a la alimentaci\u00f3n nutritiva y de calidad creci\u00f3 de un 24.5% a un 30.8%.<\/p>\n\n\n\n<p>De igual forma, el porcentaje de la poblaci\u00f3n con ingreso inferior a la L\u00ednea de Pobreza por Ingresos (LPI), que considera, adem\u00e1s de la canasta alimentaria, bienes y servicios como el transporte, educaci\u00f3n, salud, prendas de vestir, entre otros, mostr\u00f3 en Puebla un considerable aumento al pasar de17.8% a 26.2% entre 2018 y 2020.<\/p>\n\n\n\n<p>M\u00e1s all\u00e1 de estos n\u00fameros, es importante saber el c\u00f3mo viven este retroceso las familias poblanas en la realidad y, desde luego, poder actuar para combatirlo.<\/p>\n\n\n\n<p>Un ejemplo de ello me lo dio do\u00f1a Juana, una ama de casa de La Resurrecci\u00f3n, con la que platiqu\u00e9 hace algunos d\u00edas. Me dijo que, a pesar de vivir en la capital del estado, sent\u00eda que cada d\u00eda ella y su familia estaban m\u00e1s olvidados, marginados y aislados de la sociedad.<\/p>\n\n\n\n<p>Me confes\u00f3 que esta exclusi\u00f3n social la observaba en sus calles y en los servicios p\u00fablicos que, desde hace tiempo, en lugar de mejorar hab\u00edan empeorado. Desde luego, lo que m\u00e1s le afectaba eran las escasas oportunidades laborales, pues no ten\u00eda trabajo bien pagado ni para ella por su edad, pero tampoco para sus hijos.<\/p>\n\n\n\n<p>Esta dolorosa realidad, me lleva a hacer un escueto an\u00e1lisis de los retos que debemos afrontar en el corto plazo y de manera urgente para combatir la pobreza. El primero es el fomentar el desarrollo econ\u00f3mico. Esto significa atraer nuevas empresas y oportunidades de empleo, as\u00ed como invertir en la educaci\u00f3n y en la formaci\u00f3n de habilidades laborales.<\/p>\n\n\n\n<p>Ya hace una semana, en este mismo espacio, hablaba de la imperante urgencia de que el gobierno emprenda una agresiva estrategia para atraer inversiones extranjeras, en el sentido de las m\u00faltiples oportunidades que se est\u00e1n abriendo para el pa\u00eds con fen\u00f3menos como el <em>\u201cnearshoring\u201d.<\/em><\/p>\n\n\n\n<p>Por otra parte, tambi\u00e9n se debe asegurar que todas las personas tengan acceso a servicios b\u00e1sicos, como educaci\u00f3n, atenci\u00f3n m\u00e9dica y vivienda. Esto requiere inversiones significativas en infraestructura y en programas de asistencia social, pero sobre todo a voltear a ver a las colonias y juntas auxiliares, que reclaman una atenci\u00f3n focalizada y urgente.<\/p>\n\n\n\n<p>Por \u00faltimo, otro reto importante es abordar la desigualdad en la sociedad. Esto implica la implementaci\u00f3n de pol\u00edticas p\u00fablicas para reducir la brecha entre los ricos y los pobres, as\u00ed como la promoci\u00f3n de la inclusi\u00f3n social y la igualdad de oportunidades.<\/p>\n\n\n\n<p>En este sentido, se deber\u00e1 realizar en la entidad el establecimiento de programas de asistencia social para ayudar a las personas m\u00e1s necesitadas. Esto puede incluir la distribuci\u00f3n de alimentos y suministros m\u00e9dicos, as\u00ed como programas de asistencia financiera.<\/p>\n\n\n\n<p>Sin lugar a dudas, lo m\u00e1s importante, es actuar y no ser indiferente a esta realidad que viven miles de personas, quienes son parte fundamental de la sociedad y cuyo potencial y talento ha quedado marginado por la fata de oportunidades.<\/p>\n","protected":false},"excerpt":{"rendered":"<p>Por Fernando Manzanilla Prieto La pobreza es un problema persistente en M\u00e9xico que afecta a una parte significativa de la [&hellip;]<\/p>\n","protected":false},"author":1,"featured_media":47493,"comment_status":"open","ping_status":"open","sticky":false,"template":"","format":"standard","meta":{"site-sidebar-layout":"default","site-content-layout":"","ast-site-content-layout":"default","site-content-style":"default","site-sidebar-style":"default","ast-global-header-display":"","ast-banner-title-visibility":"","ast-main-header-display":"","ast-hfb-above-header-display":"","ast-hfb-below-header-display":"","ast-hfb-mobile-header-display":"","site-post-title":"","ast-breadcrumbs-content":"","ast-featured-img":"","footer-sml-layout":"","theme-transparent-header-meta":"","adv-header-id-meta":"","stick-header-meta":"","header-above-stick-meta":"","header-main-stick-meta":"","header-below-stick-meta":"","astra-migrate-meta-layouts":"default","ast-page-background-enabled":"default","ast-page-background-meta":{"desktop":{"background-color":"var(--ast-global-color-4)","background-image":"","background-repeat":"repeat","background-position":"center center","background-size":"auto","background-attachment":"scroll","background-type":"","background-media":"","overlay-type":"","overlay-color":"","overlay-opacity":"","overlay-gradient":""},"tablet":{"background-color":"","background-image":"","background-repeat":"repeat","background-position":"center center","background-size":"auto","background-attachment":"scroll","background-type":"","background-media":"","overlay-type":"","overlay-color":"","overlay-opacity":"","overlay-gradient":""},"mobile":{"background-color":"","background-image":"","background-repeat":"repeat","background-position":"center center","background-size":"auto","background-attachment":"scroll","background-type":"","background-media":"","overlay-type":"","overlay-color":"","overlay-opacity":"","overlay-gradient":""}},"ast-content-background-meta":{"desktop":{"background-color":"var(--ast-global-color-5)","background-image":"","background-repeat":"repeat","background-position":"center center","background-size":"auto","background-attachment":"scroll","background-type":"","background-media":"","overlay-type":"","overlay-color":"","overlay-opacity":"","overlay-gradient":""},"tablet":{"background-color":"var(--ast-global-color-5)","background-image":"","background-repeat":"repeat","background-position":"center center","background-size":"auto","background-attachment":"scroll","background-type":"","background-media":"","overlay-type":"","overlay-color":"","overlay-opacity":"","overlay-gradient":""},"mobile":{"background-color":"var(--ast-global-color-5)","background-image":"","background-repeat":"repeat","background-position":"center center","background-size":"auto","background-attachment":"scroll","background-type":"","background-media":"","overlay-type":"","overlay-color":"","overlay-opacity":"","overlay-gradient":""}},"footnotes":""},"categories":[24,8],"tags":[2671,2048,6613,5017,11813],"class_list":["post-47492","post","type-post","status-publish","format-standard","has-post-thumbnail","hentry","category-fernando-manzanilla","category-noticias","tag-chiapas","tag-coneval","tag-extrema-pobreza","tag-guerrero","tag-pobreza"],"_links":{"self":[{"href":"https:\/\/losperiodistas.com.mx\/portal\/wp-json\/wp\/v2\/posts\/47492","targetHints":{"allow":["GET"]}}],"collection":[{"href":"https:\/\/losperiodistas.com.mx\/portal\/wp-json\/wp\/v2\/posts"}],"about":[{"href":"https:\/\/losperiodistas.com.mx\/portal\/wp-json\/wp\/v2\/types\/post"}],"author":[{"embeddable":true,"href":"https:\/\/losperiodistas.com.mx\/portal\/wp-json\/wp\/v2\/users\/1"}],"replies":[{"embeddable":true,"href":"https:\/\/losperiodistas.com.mx\/portal\/wp-json\/wp\/v2\/comments?post=47492"}],"version-history":[{"count":1,"href":"https:\/\/losperiodistas.com.mx\/portal\/wp-json\/wp\/v2\/posts\/47492\/revisions"}],"predecessor-version":[{"id":47494,"href":"https:\/\/losperiodistas.com.mx\/portal\/wp-json\/wp\/v2\/posts\/47492\/revisions\/47494"}],"wp:featuredmedia":[{"embeddable":true,"href":"https:\/\/losperiodistas.com.mx\/portal\/wp-json\/wp\/v2\/media\/47493"}],"wp:attachment":[{"href":"https:\/\/losperiodistas.com.mx\/portal\/wp-json\/wp\/v2\/media?parent=47492"}],"wp:term":[{"taxonomy":"category","embeddable":true,"href":"https:\/\/losperiodistas.com.mx\/portal\/wp-json\/wp\/v2\/categories?post=47492"},{"taxonomy":"post_tag","embeddable":true,"href":"https:\/\/losperiodistas.com.mx\/portal\/wp-json\/wp\/v2\/tags?post=47492"}],"curies":[{"name":"wp","href":"https:\/\/api.w.org\/{rel}","templated":true}]}}