{"id":47466,"date":"2023-03-01T08:17:37","date_gmt":"2023-03-01T14:17:37","guid":{"rendered":"http:\/\/losperiodistas.com.mx\/portal\/?p=47466"},"modified":"2023-03-01T08:17:39","modified_gmt":"2023-03-01T14:17:39","slug":"monologos-de-menade-llegar-y-no-incidir-es-como-no-llegar","status":"publish","type":"post","link":"https:\/\/losperiodistas.com.mx\/portal\/monologos-de-menade-llegar-y-no-incidir-es-como-no-llegar\/","title":{"rendered":"Mon\u00f3logos de M\u00e9nade | Llegar y no incidir es como no llegar"},"content":{"rendered":"\n<figure class=\"wp-block-image size-large is-style-default\"><img fetchpriority=\"high\" decoding=\"async\" width=\"1024\" height=\"576\" src=\"https:\/\/losperiodistas.com.mx\/portal\/wp-content\/uploads\/2023\/03\/Llegar-y-no-incidir-es-como-no-llegar-1024x576.jpg\" alt=\"\" class=\"wp-image-47467\" srcset=\"https:\/\/losperiodistas.com.mx\/portal\/wp-content\/uploads\/2023\/03\/Llegar-y-no-incidir-es-como-no-llegar-1024x576.jpg 1024w, https:\/\/losperiodistas.com.mx\/portal\/wp-content\/uploads\/2023\/03\/Llegar-y-no-incidir-es-como-no-llegar-300x169.jpg 300w, https:\/\/losperiodistas.com.mx\/portal\/wp-content\/uploads\/2023\/03\/Llegar-y-no-incidir-es-como-no-llegar-768x432.jpg 768w, https:\/\/losperiodistas.com.mx\/portal\/wp-content\/uploads\/2023\/03\/Llegar-y-no-incidir-es-como-no-llegar.jpg 1200w\" sizes=\"(max-width: 1024px) 100vw, 1024px\" \/><\/figure>\n\n\n\n<p class=\"has-vivid-red-color has-text-color\" style=\"font-size:26px\"><strong><em>Por Itandehui Rodr\u00edguez<\/em><\/strong><\/p>\n\n\n\n<p>@Itandehui_RoMa<\/p>\n\n\n\n<p>\u00bfCu\u00e1ntas legisladoras, presidentes municipales, gobernadoras, funcionarias hemos visto desfilar a lo largo de los a\u00f1os sin que hubieran hecho algo de verdadera trascendencia para las mujeres?<\/p>\n\n\n\n<p>Hace algunos d\u00edas escrib\u00eda sobre&nbsp;<a href=\"https:\/\/www.apartadomex.com\/opinion\/monologos-de-menade\/beatriz-paredes-esstuvo-en-puebla\/3798\/\" target=\"_blank\" rel=\"noreferrer noopener\">Beatriz Paredes&nbsp;<\/a>y por qu\u00e9, a pesar de que la reconozco como una gran pol\u00edtica mexicana, jam\u00e1s votar\u00eda por ella. Por una raz\u00f3n bien sencilla, porque la trata de mujeres creci\u00f3 durante el tiempo que fue gobernadora de Tlaxcala.<\/p>\n\n\n\n<p>Por eso, no le creo que ahora s\u00ed va \u201ca buscar mecanismos\u201d para abatir el problema. Tuvo la oportunidad de demostrarlo con hechos, ahora sus palabras me entran por un o\u00eddo y me salen por el otro.<\/p>\n\n\n\n<p>Ella es el ejemplo m\u00e1s claro que puedo poner con relaci\u00f3n a mujeres que llegan a cargos sin intentar incidir en favor de todas.<\/p>\n\n\n\n<p>Otro caso claro, es el paso de Am\u00e9rica Rosas por la Secretar\u00eda de Igualdad Sustantiva.<\/p>\n\n\n\n<p>A la salida de M\u00f3nica D\u00edaz de Rivera de este organismo para convertirse en titular de la Secretar\u00eda antes mencionada, el Consejo Consultivo del Instituto hizo una \u00faltima publicaci\u00f3n en redes sociales. En esta, daba a conocer el nombramiento de Catalina Aguilar Oropeza como Presidenta Interina, porque, claro, desapareci\u00f3 el Instituto.<\/p>\n\n\n\n<p>Despu\u00e9s de esto ya nunca se supo si se hab\u00eda echado a andar o no el Consejo Consultivo de la Secretar\u00eda de nueva creaci\u00f3n. Tampoco comunicaron sobre las nuevas redes sociales.<\/p>\n\n\n\n<p>O por lo menos yo no las encontr\u00e9 y miren que soy buena para buscar.<\/p>\n\n\n\n<p>\u00bfSer\u00e1 que existe pero no lo informaron?<\/p>\n\n\n\n<figure class=\"wp-block-image size-large is-style-default\"><img decoding=\"async\" width=\"936\" height=\"1024\" src=\"https:\/\/losperiodistas.com.mx\/portal\/wp-content\/uploads\/2023\/03\/Captura-de-Pantalla-2023-03-01-a-las-8.12.40-936x1024.jpg\" alt=\"\" class=\"wp-image-47468\" srcset=\"https:\/\/losperiodistas.com.mx\/portal\/wp-content\/uploads\/2023\/03\/Captura-de-Pantalla-2023-03-01-a-las-8.12.40-936x1024.jpg 936w, https:\/\/losperiodistas.com.mx\/portal\/wp-content\/uploads\/2023\/03\/Captura-de-Pantalla-2023-03-01-a-las-8.12.40-274x300.jpg 274w, https:\/\/losperiodistas.com.mx\/portal\/wp-content\/uploads\/2023\/03\/Captura-de-Pantalla-2023-03-01-a-las-8.12.40-768x840.jpg 768w, https:\/\/losperiodistas.com.mx\/portal\/wp-content\/uploads\/2023\/03\/Captura-de-Pantalla-2023-03-01-a-las-8.12.40.jpg 1018w\" sizes=\"(max-width: 936px) 100vw, 936px\" \/><\/figure>\n\n\n\n<p>Porque est\u00e1 complicado saber que una gallina puso un huevo si no se cacaraquea.<\/p>\n\n\n\n<p>Aprovechando el viaje, sobra decir que todas las dependencias deben tener un Consejo Consultivo. \u00bfEst\u00e1n activos?<\/p>\n\n\n\n<h2 class=\"wp-block-heading\">La Normales de Puebla y las Unidades de G\u00e9nero<\/h2>\n\n\n\n<p>Por Ley, todas las Universidades, inclu\u00eddas las Normales de Puebla, deben contar con una Unidad de G\u00e9nero. La promoci\u00f3n de su creaci\u00f3n corresponde a la Secretar\u00eda de Igualdad Sustantiva y a la Secretar\u00eda de Educaci\u00f3n P\u00fablica. Por supuesto, luego de la turbulencia que ha vivido la SEP pudieramos creer que es lo que est\u00e1 frenando que las Unidades se echen a andar. No es justificaci\u00f3n pero quiero encontrar una raz\u00f3n por la que no existen.<\/p>\n\n\n\n<p>Lo que no puedo creer es que, en el caso del BINE, la rectora Norma Nava Ram\u00edrez, no haya visto \u00e9sto como uno de los primeros pendientes y como una tarea urgente.<\/p>\n\n\n\n<p>Am\u00e9rica Rosas, fue la subsecretaria de Educaci\u00f3n Superior antes de asumir la Secretar\u00eda de Igualdad Sustantiva, en ese momento estaba trabajando en este tema. Luego qui\u00e9n la sustituy\u00f3 debi\u00f3 mandar la tarea al fondo de un caj\u00f3n. Pero eso no es lo m\u00e1s delicado, sino que justamente a Am\u00e9rica, le correspond\u00eda dar seguimiento desde la dependencia que ahora encabeza y tampoco lo hizo.<\/p>\n\n\n\n<p>En el caso del&nbsp;<a href=\"https:\/\/www.bine.mx\/\" target=\"_blank\" rel=\"noreferrer noopener\">BINE<\/a>, las alumnas han hecho \u201ctendederos\u201d con fotos de compa\u00f1eros y profesores que las han agredido. Incluso, se manifestaron durante la ceremonia de \u00faltima c\u00e1tedra que se transmiti\u00f3 en FB Live en 2021.<\/p>\n\n\n\n<p>Es cierto la rectora Nava no hab\u00eda asumido el cargo en ese momento, pero ya trabajaba ah\u00ed y seguro se enter\u00f3 del tema. Ahora s\u00ed est\u00e1 al frente de la Normal, lleva cinco meses ocupando la rector\u00eda y las cosas siguen igual.<\/p>\n\n\n\n<p>Desde esa dependencia y en coordinaci\u00f3n con la SEP, se deber\u00eda estar conminando a las Universidades a cumplir con la integraci\u00f3n del Protocolo de Atenci\u00f3n de G\u00e9nero que, adem\u00e1s, les exige la ANUIES (Asociaci\u00f3n Nacional de Universidades e Instituciones de Educaci\u00f3n Superior) y no se est\u00e1 haciendo.<\/p>\n\n\n\n<p>\u00a1Qu\u00e9 bonito ser\u00eda conmemorar el d\u00eda Internacional de la Mujer el pr\u00f3ximo 8 de marzo, con la noticia de que se retomaron estos temas!<\/p>\n\n\n\n<p>Lo prefiero mil veces a que me regalen una rosa y que me digan que soy la creaci\u00f3n m\u00e1s hermosa de Dios. Gracias.<\/p>\n","protected":false},"excerpt":{"rendered":"<p>Por Itandehui Rodr\u00edguez @Itandehui_RoMa \u00bfCu\u00e1ntas legisladoras, presidentes municipales, gobernadoras, funcionarias hemos visto desfilar a lo largo de los a\u00f1os sin [&hellip;]<\/p>\n","protected":false},"author":1,"featured_media":47467,"comment_status":"open","ping_status":"open","sticky":false,"template":"","format":"standard","meta":{"site-sidebar-layout":"default","site-content-layout":"","ast-site-content-layout":"default","site-content-style":"default","site-sidebar-style":"default","ast-global-header-display":"","ast-banner-title-visibility":"","ast-main-header-display":"","ast-hfb-above-header-display":"","ast-hfb-below-header-display":"","ast-hfb-mobile-header-display":"","site-post-title":"","ast-breadcrumbs-content":"","ast-featured-img":"","footer-sml-layout":"","theme-transparent-header-meta":"","adv-header-id-meta":"","stick-header-meta":"","header-above-stick-meta":"","header-main-stick-meta":"","header-below-stick-meta":"","astra-migrate-meta-layouts":"default","ast-page-background-enabled":"default","ast-page-background-meta":{"desktop":{"background-color":"var(--ast-global-color-4)","background-image":"","background-repeat":"repeat","background-position":"center center","background-size":"auto","background-attachment":"scroll","background-type":"","background-media":"","overlay-type":"","overlay-color":"","overlay-opacity":"","overlay-gradient":""},"tablet":{"background-color":"","background-image":"","background-repeat":"repeat","background-position":"center center","background-size":"auto","background-attachment":"scroll","background-type":"","background-media":"","overlay-type":"","overlay-color":"","overlay-opacity":"","overlay-gradient":""},"mobile":{"background-color":"","background-image":"","background-repeat":"repeat","background-position":"center center","background-size":"auto","background-attachment":"scroll","background-type":"","background-media":"","overlay-type":"","overlay-color":"","overlay-opacity":"","overlay-gradient":""}},"ast-content-background-meta":{"desktop":{"background-color":"var(--ast-global-color-5)","background-image":"","background-repeat":"repeat","background-position":"center center","background-size":"auto","background-attachment":"scroll","background-type":"","background-media":"","overlay-type":"","overlay-color":"","overlay-opacity":"","overlay-gradient":""},"tablet":{"background-color":"var(--ast-global-color-5)","background-image":"","background-repeat":"repeat","background-position":"center center","background-size":"auto","background-attachment":"scroll","background-type":"","background-media":"","overlay-type":"","overlay-color":"","overlay-opacity":"","overlay-gradient":""},"mobile":{"background-color":"var(--ast-global-color-5)","background-image":"","background-repeat":"repeat","background-position":"center center","background-size":"auto","background-attachment":"scroll","background-type":"","background-media":"","overlay-type":"","overlay-color":"","overlay-opacity":"","overlay-gradient":""}},"footnotes":""},"categories":[8,22],"tags":[15360,6460,15361],"class_list":["post-47466","post","type-post","status-publish","format-standard","has-post-thumbnail","hentry","category-noticias","category-opinion-invitada","tag-america-rosas","tag-monica-diaz-de-rivera","tag-secretaria-de-igualdad-sustantiva"],"_links":{"self":[{"href":"https:\/\/losperiodistas.com.mx\/portal\/wp-json\/wp\/v2\/posts\/47466","targetHints":{"allow":["GET"]}}],"collection":[{"href":"https:\/\/losperiodistas.com.mx\/portal\/wp-json\/wp\/v2\/posts"}],"about":[{"href":"https:\/\/losperiodistas.com.mx\/portal\/wp-json\/wp\/v2\/types\/post"}],"author":[{"embeddable":true,"href":"https:\/\/losperiodistas.com.mx\/portal\/wp-json\/wp\/v2\/users\/1"}],"replies":[{"embeddable":true,"href":"https:\/\/losperiodistas.com.mx\/portal\/wp-json\/wp\/v2\/comments?post=47466"}],"version-history":[{"count":1,"href":"https:\/\/losperiodistas.com.mx\/portal\/wp-json\/wp\/v2\/posts\/47466\/revisions"}],"predecessor-version":[{"id":47469,"href":"https:\/\/losperiodistas.com.mx\/portal\/wp-json\/wp\/v2\/posts\/47466\/revisions\/47469"}],"wp:featuredmedia":[{"embeddable":true,"href":"https:\/\/losperiodistas.com.mx\/portal\/wp-json\/wp\/v2\/media\/47467"}],"wp:attachment":[{"href":"https:\/\/losperiodistas.com.mx\/portal\/wp-json\/wp\/v2\/media?parent=47466"}],"wp:term":[{"taxonomy":"category","embeddable":true,"href":"https:\/\/losperiodistas.com.mx\/portal\/wp-json\/wp\/v2\/categories?post=47466"},{"taxonomy":"post_tag","embeddable":true,"href":"https:\/\/losperiodistas.com.mx\/portal\/wp-json\/wp\/v2\/tags?post=47466"}],"curies":[{"name":"wp","href":"https:\/\/api.w.org\/{rel}","templated":true}]}}