{"id":47459,"date":"2023-03-01T07:54:58","date_gmt":"2023-03-01T13:54:58","guid":{"rendered":"http:\/\/losperiodistas.com.mx\/portal\/?p=47459"},"modified":"2023-03-01T07:54:59","modified_gmt":"2023-03-01T13:54:59","slug":"nueva-oleada-de-priistas-y-panistas-hacia-morena-en-puebla-proceso","status":"publish","type":"post","link":"https:\/\/losperiodistas.com.mx\/portal\/nueva-oleada-de-priistas-y-panistas-hacia-morena-en-puebla-proceso\/","title":{"rendered":"Nueva oleada de priistas y panistas hacia Morena en Puebla | Proceso"},"content":{"rendered":"\n<p class=\"has-light-green-cyan-background-color has-background has-medium-font-size\"><strong>Abandonan sus partidos para incorporarse a los \u201cproyectos\u201d de Ignacio Mier Velazco y Alejandro Armenta, primos, expriistas y principales aspirantes a la postulaci\u00f3n de Morena a la gubernatura de la entidad en 2024.<\/strong><\/p>\n\n\n\n<figure class=\"wp-block-image size-full is-style-default\"><img fetchpriority=\"high\" decoding=\"async\" width=\"800\" height=\"450\" src=\"https:\/\/losperiodistas.com.mx\/portal\/wp-content\/uploads\/2023\/03\/f800x450-135982_187428_5050.jpeg\" alt=\"\" class=\"wp-image-47460\" srcset=\"https:\/\/losperiodistas.com.mx\/portal\/wp-content\/uploads\/2023\/03\/f800x450-135982_187428_5050.jpeg 800w, https:\/\/losperiodistas.com.mx\/portal\/wp-content\/uploads\/2023\/03\/f800x450-135982_187428_5050-300x169.jpeg 300w, https:\/\/losperiodistas.com.mx\/portal\/wp-content\/uploads\/2023\/03\/f800x450-135982_187428_5050-768x432.jpeg 768w\" sizes=\"(max-width: 800px) 100vw, 800px\" \/><figcaption>Morena en Puebla. La llegada de los \u00abex\u00bb. Foto: Especial<\/figcaption><\/figure>\n\n\n\n<p><\/p>\n\n\n\n<p class=\"has-vivid-red-color has-text-color has-medium-font-size\"><strong>GABRIELA HERN\u00c1NDEZ \/ REVISTA PROCESO<\/strong><\/p>\n\n\n\n<p><strong>Puebla, Pue. (apro).-<\/strong>&nbsp;Una nueva oleada de incorporaciones de priistas y panistas hacia Morena se registra en Puebla. Esta vez, en torno a los proyectos de Ignacio Mier Velazco y Alejandro Armenta Mier,&nbsp;primos, expriistas y principales aspirantes a la postulaci\u00f3n del partido guinda por la gubernatura para 2024.&nbsp;<\/p>\n\n\n\n<p>Incluso, en las \u00faltimas semanas ha circulado la versi\u00f3n de que el exmandatario panista, Antonio Gali Fayad, se sumar\u00eda al equipo que apoya al l\u00edder de la C\u00e1mara de Diputados. &nbsp;<\/p>\n\n\n\n<h5 class=\"has-cyan-bluish-gray-background-color has-background wp-block-heading\">NOTICIAS RELACIONADAS<\/h5>\n\n\n\n<ul class=\"wp-block-list\"><li><a href=\"https:\/\/www.proceso.com.mx\/nacional\/2023\/2\/25\/juez-ratifico-la-prision-preventiva-al-exgobernador-de-puebla-mario-marin-302715.html\">Juez ratific\u00f3 la prisi\u00f3n preventiva al exgobernador de Puebla, Mario Mar\u00edn<\/a><\/li><li><a href=\"https:\/\/www.proceso.com.mx\/nacional\/estados\/2023\/2\/20\/puebla-cancela-el-uso-obligatorio-de-cubrebocas-tras-baja-en-casos-de-covid-19-302393.html\">Puebla cancela el uso obligatorio de cubrebocas tras baja en casos de covid-19<\/a><\/li><li><a href=\"https:\/\/www.proceso.com.mx\/nacional\/estados\/2023\/2\/17\/mario-delgado-reune-ignacio-mier-alejandro-armenta-aspirantes-gobernar-puebla-302270.html\">Mario Delgado re\u00fane a Ignacio Mier y Alejandro Armenta, aspirantes a gobernar Puebla<\/a><\/li><\/ul>\n\n\n\n<p>Cuestionado sobre esa posibilidad, Mier Velazco lejos de desmentir la posible adhesi\u00f3n del exmorenovallista, le dio la bienvenida a la 4T al recordar&nbsp;la postura del presidente Andr\u00e9s Manuel L\u00f3pez Obrador de&nbsp;que Morena es un partido abierto para \u201ctodo el que busque la transformaci\u00f3n y bienestar del pa\u00eds\u201d. &nbsp;<\/p>\n\n\n\n<p>\u201cYo no soy nadie para juzgar ni los pecados, porque no soy Dios, ni los delitos, porque no soy juez\u201d, dijo al ser cuestionado sobre las acusaciones que hizo el ahora fallecido gobernador Miguel Barbosa Huerta sobre supuestas irregularidades y actos de corrupci\u00f3n cometidos por Gali.&nbsp;<\/p>\n\n\n\n<p>Otros panistas se han sumado en apoyo a Mier Velazco como Clemente G\u00f3mez Medina y Jacobo Ordaz Moreno, quienes renunciaron p\u00fablicamente a su partido. &nbsp;<\/p>\n\n\n\n<p>Tambi\u00e9n, al proyecto del l\u00edder de&nbsp;la fracci\u00f3n de Morena en la C\u00e1mara de Diputados se han sumado priistas como el exrector Enrique Doger Guerrero; el exregidor Iv\u00e1n Galindo Catillejos; el exlegislador, Edgar Salom\u00f3n Escorza y los&nbsp;exdiputados federales, Francisco Ramos Monta\u00f1o y Luis Antonio Godina Herrera, entre otros. &nbsp;<\/p>\n\n\n\n<p>De igual manera, exmorenovallistas se han manifestado en apoyo a las aspiraciones del actual residente de la Mesa Directiva del Senado, Alejandro Armenta Mier, entre ellos Mario Rinc\u00f3n y Jes\u00fas Morales Rodr\u00edguez, quienes fueron secretarios de Desarrollo Rural y de Seguridad P\u00fablica, respectivamente, en el gobierno panista de Rafael Moreno Valle. &nbsp;<\/p>\n\n\n\n<p>Tambi\u00e9n se han sumado priistas como el exdirector general del Sistema Estatal DIF durante el gobierno de Mario Mar\u00edn, Arturo Hern\u00e1ndez Davy; y los exdiputados del tricolor Blanca Jim\u00e9nez Hern\u00e1ndez y Juan Manuel Vega Rayet.&nbsp;<br>Se especula que igual se adherir\u00e1 a su grupo a Alberto Jim\u00e9nez Merino, candidato del tricolor a la gubernatura en 2018, pero quien reci\u00e9n acaba de dar a conocer su renuncia a su militancia priista. &nbsp;<\/p>\n\n\n\n<p>Asimismo se se\u00f1ala que exmorenovallistas como Juan Pablo Pi\u00f1a Kurzcyn, hijo del exgoberandor priista Mariano Pi\u00f1a Olaya y el ex auditor Superior del Estado, David Villanueva Lomel\u00ed, se sumar\u00e1n a los proyectos de Morena rumbo al 2024, aunque a\u00fan no se especifica con qu\u00e9 equipo. &nbsp;<\/p>\n\n\n\n<p>Cabe recordar que oleadas similares de adhesiones de priistas y panistas a Morena en Puebla se registraron en los comicios de 2018 y 2019.<\/p>\n\n\n\n<p>Fuente: <a href=\"https:\/\/www.proceso.com.mx\/nacional\/estados\/2023\/2\/28\/nueva-oleada-de-priistas-panistas-hacia-morena-en-puebla-302880.html\">https:\/\/www.proceso.com.mx\/nacional\/estados\/2023\/2\/28\/nueva-oleada-de-priistas-panistas-hacia-morena-en-puebla-302880.html<\/a><\/p>\n","protected":false},"excerpt":{"rendered":"<p>Abandonan sus partidos para incorporarse a los \u201cproyectos\u201d de Ignacio Mier Velazco y Alejandro Armenta, primos, expriistas y principales aspirantes [&hellip;]<\/p>\n","protected":false},"author":1,"featured_media":47460,"comment_status":"open","ping_status":"open","sticky":false,"template":"","format":"standard","meta":{"site-sidebar-layout":"default","site-content-layout":"","ast-site-content-layout":"default","site-content-style":"default","site-sidebar-style":"default","ast-global-header-display":"","ast-banner-title-visibility":"","ast-main-header-display":"","ast-hfb-above-header-display":"","ast-hfb-below-header-display":"","ast-hfb-mobile-header-display":"","site-post-title":"","ast-breadcrumbs-content":"","ast-featured-img":"","footer-sml-layout":"","theme-transparent-header-meta":"","adv-header-id-meta":"","stick-header-meta":"","header-above-stick-meta":"","header-main-stick-meta":"","header-below-stick-meta":"","astra-migrate-meta-layouts":"default","ast-page-background-enabled":"default","ast-page-background-meta":{"desktop":{"background-color":"var(--ast-global-color-4)","background-image":"","background-repeat":"repeat","background-position":"center center","background-size":"auto","background-attachment":"scroll","background-type":"","background-media":"","overlay-type":"","overlay-color":"","overlay-opacity":"","overlay-gradient":""},"tablet":{"background-color":"","background-image":"","background-repeat":"repeat","background-position":"center center","background-size":"auto","background-attachment":"scroll","background-type":"","background-media":"","overlay-type":"","overlay-color":"","overlay-opacity":"","overlay-gradient":""},"mobile":{"background-color":"","background-image":"","background-repeat":"repeat","background-position":"center center","background-size":"auto","background-attachment":"scroll","background-type":"","background-media":"","overlay-type":"","overlay-color":"","overlay-opacity":"","overlay-gradient":""}},"ast-content-background-meta":{"desktop":{"background-color":"var(--ast-global-color-5)","background-image":"","background-repeat":"repeat","background-position":"center center","background-size":"auto","background-attachment":"scroll","background-type":"","background-media":"","overlay-type":"","overlay-color":"","overlay-opacity":"","overlay-gradient":""},"tablet":{"background-color":"var(--ast-global-color-5)","background-image":"","background-repeat":"repeat","background-position":"center center","background-size":"auto","background-attachment":"scroll","background-type":"","background-media":"","overlay-type":"","overlay-color":"","overlay-opacity":"","overlay-gradient":""},"mobile":{"background-color":"var(--ast-global-color-5)","background-image":"","background-repeat":"repeat","background-position":"center center","background-size":"auto","background-attachment":"scroll","background-type":"","background-media":"","overlay-type":"","overlay-color":"","overlay-opacity":"","overlay-gradient":""}},"footnotes":""},"categories":[8],"tags":[247,248,1978],"class_list":["post-47459","post","type-post","status-publish","format-standard","has-post-thumbnail","hentry","category-noticias","tag-morena","tag-pan","tag-pri"],"_links":{"self":[{"href":"https:\/\/losperiodistas.com.mx\/portal\/wp-json\/wp\/v2\/posts\/47459","targetHints":{"allow":["GET"]}}],"collection":[{"href":"https:\/\/losperiodistas.com.mx\/portal\/wp-json\/wp\/v2\/posts"}],"about":[{"href":"https:\/\/losperiodistas.com.mx\/portal\/wp-json\/wp\/v2\/types\/post"}],"author":[{"embeddable":true,"href":"https:\/\/losperiodistas.com.mx\/portal\/wp-json\/wp\/v2\/users\/1"}],"replies":[{"embeddable":true,"href":"https:\/\/losperiodistas.com.mx\/portal\/wp-json\/wp\/v2\/comments?post=47459"}],"version-history":[{"count":1,"href":"https:\/\/losperiodistas.com.mx\/portal\/wp-json\/wp\/v2\/posts\/47459\/revisions"}],"predecessor-version":[{"id":47461,"href":"https:\/\/losperiodistas.com.mx\/portal\/wp-json\/wp\/v2\/posts\/47459\/revisions\/47461"}],"wp:featuredmedia":[{"embeddable":true,"href":"https:\/\/losperiodistas.com.mx\/portal\/wp-json\/wp\/v2\/media\/47460"}],"wp:attachment":[{"href":"https:\/\/losperiodistas.com.mx\/portal\/wp-json\/wp\/v2\/media?parent=47459"}],"wp:term":[{"taxonomy":"category","embeddable":true,"href":"https:\/\/losperiodistas.com.mx\/portal\/wp-json\/wp\/v2\/categories?post=47459"},{"taxonomy":"post_tag","embeddable":true,"href":"https:\/\/losperiodistas.com.mx\/portal\/wp-json\/wp\/v2\/tags?post=47459"}],"curies":[{"name":"wp","href":"https:\/\/api.w.org\/{rel}","templated":true}]}}