{"id":47456,"date":"2023-03-01T07:44:51","date_gmt":"2023-03-01T13:44:51","guid":{"rendered":"http:\/\/losperiodistas.com.mx\/portal\/?p=47456"},"modified":"2023-03-01T07:44:53","modified_gmt":"2023-03-01T13:44:53","slug":"nomas-escuchaba-que-me-mataran-sobreviviente-narra-agresion-de-militares-en-nuevo-laredo-jovenes-iban-desarmados-animal-politico","status":"publish","type":"post","link":"https:\/\/losperiodistas.com.mx\/portal\/nomas-escuchaba-que-me-mataran-sobreviviente-narra-agresion-de-militares-en-nuevo-laredo-jovenes-iban-desarmados-animal-politico\/","title":{"rendered":"\u201cNom\u00e1s escuchaba que me mataran\u201d: sobreviviente narra agresi\u00f3n de militares en Nuevo Laredo; j\u00f3venes iban desarmados | Animal Pol\u00edtico"},"content":{"rendered":"\n<p class=\"has-light-green-cyan-background-color has-background has-medium-font-size\">En una declaraci\u00f3n del capit\u00e1n Elio \u201cN\u201d, el mando militar reconoce que cuatro elementos a su cargo fueron los responsables de haber disparado sin tener orden para hacerlo.<\/p>\n\n\n\n<figure class=\"wp-block-image size-full is-style-default\"><img fetchpriority=\"high\" decoding=\"async\" width=\"959\" height=\"550\" src=\"https:\/\/losperiodistas.com.mx\/portal\/wp-content\/uploads\/2023\/03\/sobreviviente-ataque-ejercito-jovenes-nuevo-laredo.jpg\" alt=\"\" class=\"wp-image-47457\" srcset=\"https:\/\/losperiodistas.com.mx\/portal\/wp-content\/uploads\/2023\/03\/sobreviviente-ataque-ejercito-jovenes-nuevo-laredo.jpg 959w, https:\/\/losperiodistas.com.mx\/portal\/wp-content\/uploads\/2023\/03\/sobreviviente-ataque-ejercito-jovenes-nuevo-laredo-300x172.jpg 300w, https:\/\/losperiodistas.com.mx\/portal\/wp-content\/uploads\/2023\/03\/sobreviviente-ataque-ejercito-jovenes-nuevo-laredo-768x440.jpg 768w\" sizes=\"(max-width: 959px) 100vw, 959px\" \/><figcaption>Cuartoscuro<\/figcaption><\/figure>\n\n\n\n<p class=\"has-vivid-red-color has-text-color has-medium-font-size\"><strong>REDACCI\u00d3N ANIMAL POL\u00cdTICO<\/strong><\/p>\n\n\n\n<p>Alejandro P\u00e9rez Ben\u00edtez, sobreviviente del ataque de militares en<strong>&nbsp;Nuevo Laredo, Tamaulipas,<\/strong>&nbsp;relat\u00f3 que los elementos les dispararon directamente, y que a dos de las cinco v\u00edctimas mortales \u2014entre ellas su hermano\u2014 las mataron cuando estaban sometidas en el piso.&nbsp;<\/p>\n\n\n\n<p>\u201cYo nom\u00e1s que escuchaba que me mataran, que me mataran. Ya nom\u00e1s cuando volte\u00e9 pa todos lados ya estaban todos muertos\u201d, dijo el joven en entrevista para&nbsp;<a href=\"https:\/\/www.nmas.com.mx\/estados\/velan-a-jovenes-asesinados-por-militares-en-tamaulipas\"><em>N+<\/em><\/a>&nbsp;a dos d\u00edas de los hechos.<\/p>\n\n\n\n<p>Alejandro, hermano de\u00a0<strong>Gustavo P\u00e9rez Ben\u00edtez<\/strong>, dijo que al toparse con los militares en calles de Nuevo Laredo, se dieron la vuelta, pero que los soldados los chocaron por detr\u00e1s, para despu\u00e9s dispararles sin raz\u00f3n.\u00a0<\/p>\n\n\n\n<figure class=\"wp-block-embed is-type-rich is-provider-twitter wp-block-embed-twitter\"><div class=\"wp-block-embed__wrapper\">\n<blockquote class=\"twitter-tweet\" data-width=\"500\" data-dnt=\"true\"><p lang=\"es\" dir=\"ltr\">El uso de fuerza letal por parte de elementos del Ej\u00e9rcito Mexicano contra siete j\u00f3venes en Nuevo Laredo, Tamaulipas, es investigado por autoridades federales. <a href=\"https:\/\/twitter.com\/hashtag\/EnPunto?src=hash&amp;ref_src=twsrc%5Etfw\">#EnPunto<\/a> con <a href=\"https:\/\/twitter.com\/Enrique_Acevedo?ref_src=twsrc%5Etfw\">@Enrique_Acevedo<\/a> | <a href=\"https:\/\/twitter.com\/hashtag\/DecideInformado?src=hash&amp;ref_src=twsrc%5Etfw\">#DecideInformado<\/a> | S\u00edguelo por <a href=\"https:\/\/t.co\/JpgbIc5YLX\">https:\/\/t.co\/JpgbIc5YLX<\/a> <a href=\"https:\/\/t.co\/gQvMeCEnhA\">pic.twitter.com\/gQvMeCEnhA<\/a><\/p>&mdash; NM\u00e1s (@nmas) <a href=\"https:\/\/twitter.com\/nmas\/status\/1630793913144320001?ref_src=twsrc%5Etfw\">March 1, 2023<\/a><\/blockquote><script async src=\"https:\/\/platform.twitter.com\/widgets.js\" charset=\"utf-8\"><\/script>\n<\/div><\/figure>\n\n\n\n<p>\u201cNom\u00e1s llegaron y nos balacearon toda la troca, me alcanc\u00e9 a bajar y me arrodill\u00e9. Yo iba atr\u00e1s del chofer\u201d, dijo al medio.\u00a0<\/p>\n\n\n\n<p><a href=\"https:\/\/www.nmas.com.mx\/estados\/velan-a-jovenes-asesinados-por-militares-en-tamaulipas\"><em>N +<\/em><\/a>&nbsp;tambi\u00e9n dio a conocer videos que muestran a dos veh\u00edculos militares persiguiendo a la camioneta blanca, as\u00ed como la declaraci\u00f3n del capit\u00e1n Elio \u201cN\u201d, quien reconoce que cuatro elementos a su mando fueron los responsables de haber disparado sin tener orden para hacerlo.&nbsp;<\/p>\n\n\n\n<p>\u201cEscuch\u00e9 que varios elementos accionaron sus armas de fuego, sin que yo diera tal orden por lo que de manera inmediata v\u00eda alto frecuencia orden\u00e9 alto al fuego\u201d, sostiene la declaraci\u00f3n, en al cual tambi\u00e9n reconoce que tras la inspecci\u00f3n,<strong>&nbsp;los j\u00f3venes no portaban armas<\/strong>&nbsp;o que hubieran cometido alg\u00fan il\u00edcito.&nbsp;<\/p>\n\n\n\n<p>Este 28 de febrero,\u00a0<strong>Raymundo Ramos,<\/strong>\u00a0presidente del Comit\u00e9 de Derechos Humanos de Nuevo Laredo, habl\u00f3 del testimonio de P\u00e9rez Ben\u00edtez, y de testimonios de vecinos que contradicen la versi\u00f3n del Ej\u00e9rcito en el caso.\u00a0<\/p>\n\n\n\n<p>\u201cEscucharon a los j\u00f3venes solicitar auxilio y que en lugar de eso recibieron disparos a manera de rematarlos, tenemos videos que contradicen lo que dice este comunicado\u201d, se\u00f1al\u00f3 en referencia a la versi\u00f3n de la Secretar\u00eda de la Defensa Nacional (Sedena) que reconoce haber disparado contra los j\u00f3venes, argumentando que el veh\u00edculo se trasladaba a exceso de velocidad con las luces apagadas y sin placas.<\/p>\n\n\n\n<p>Aunque originalmente&nbsp;<a href=\"https:\/\/www.animalpolitico.com\/estados\/tamaulipas-nuevo-laredo-enfrentamiento-pobladores-ejercito-ejecuciones\">el Comit\u00e9 de Derechos Humanos de Nuevo Laredo denunci\u00f3 que la agresi\u00f3n fue contra seis j\u00f3venes<\/a>, Ramos expuso que el joven no hab\u00eda sido nombrado por motivos de seguridad; este martes, la Sedena inform\u00f3 que en el veh\u00edculo hab\u00eda siete personas.&nbsp;<\/p>\n\n\n\n<p>\u201cEste testimonio lo hab\u00edamos mantenido en reserva, primero por protecci\u00f3n, porque ninguna instancia federal le ha otorgado medidas de protecci\u00f3n. Fue llevado por los militares tres horas despu\u00e9s, ante la Fiscal\u00eda General de la Rep\u00fablica (FGR) para que rindiera su declaraci\u00f3n, como si hubiera sido un delincuente, nunca se le trat\u00f3 como v\u00edctima\u201d, explic\u00f3<\/p>\n\n\n\n<figure class=\"wp-block-embed is-type-video is-provider-youtube wp-block-embed-youtube wp-embed-aspect-16-9 wp-has-aspect-ratio\"><div class=\"wp-block-embed__wrapper\">\n<iframe title=\"La versi\u00f3n de la Sedena sobre los j\u00f3venes atacados es manipulada: Raymundo Ramos\" width=\"500\" height=\"281\" src=\"https:\/\/www.youtube.com\/embed\/GeN2op40s50?feature=oembed\" frameborder=\"0\" allow=\"accelerometer; autoplay; clipboard-write; encrypted-media; gyroscope; picture-in-picture; web-share\" referrerpolicy=\"strict-origin-when-cross-origin\" allowfullscreen><\/iframe>\n<\/div><\/figure>\n\n\n\n<p>Incluso, denunci\u00f3 que los militares obligaron al sobreviviente a grabar un video donde \u00e9l reconoce su responsabilidad en hechos delictivos.&nbsp;<\/p>\n\n\n\n<p>El Comit\u00e9 de Derechos Humanos de Nuevo Laredo sostuvo que los j\u00f3venes asesinados son&nbsp;<strong>Gustavo P\u00e9rez Ben\u00edtez, Wilberto Mata Estrada, Jonathan Aguilar S\u00e1nchez, Gustavo \u00c1ngel Su\u00e1rez Castillo, de origen estadounidense, y Alejandro Trujillo Rocha.&nbsp;<\/strong>Este martes realizaron el funeral de uno de los j\u00f3venes y este mi\u00e9rcoles ser\u00e1n sepultados cuatro m\u00e1s, pero hasta el momento, las familias no han recibido atenci\u00f3n por parte del gobierno Federal, ni por la<strong>&nbsp;Comisi\u00f3n Nacional de los Derechos Humanos (CNDH)<\/strong>.<\/p>\n\n\n\n<p>Ramos dijo a&nbsp;<em>Animal Pol\u00edtico<\/em>&nbsp;que la CNDH lo busc\u00f3 hasta este 28 de febrero para pedirle los n\u00fameros telef\u00f3nicos de las familias, apenas unas horas antes de que&nbsp;<a href=\"https:\/\/www.animalpolitico.com\/estados\/cndh-investiga-ejecuciones-ejercito-nuevo-laredo-evita-condenar-hechos\">el organismo emitiera un comunicado de prensa en el que inform\u00f3 que hab\u00eda abierto una queja de oficio<\/a>&nbsp;y ya se encontraba apoyando en las v\u00edctimas.&nbsp;<\/p>\n\n\n\n<p>Pero tambi\u00e9n pidi\u00f3 a las asociaciones civiles, activistas y medios de comunicaci\u00f3n, \u201cevitar la generaci\u00f3n de desinformaci\u00f3n mediante la difusi\u00f3n de datos no verificados y de versiones extraoficiales\u201d.<\/p>\n\n\n\n<p>\u201cEs un comunicado es ofensivo. Ellos est\u00e1n actuando como defensores, no del pueblo, sino defensores de las Fuerzas Armadas. No puedes callar a alguien que de la noche a la ma\u00f1ana pierde a un familiar de la manera m\u00e1s tr\u00e1gica e injusta\u201d.&nbsp;<\/p>\n\n\n\n<p>Incluso, dijo, hasta la noche de este martes no se hab\u00eda presentado personal de la CNDH en Nuevo Laredo Tamaulipas, pese a que el Comit\u00e9 de Derechos Humanos de Nuevo Laredo ha solicitado la presencia de psic\u00f3logos y visitadores \u201cpara que sean testigos de lo que est\u00e1 ocurriendo, pero la nueva CNDH se maneja a distancia\u201d.&nbsp;<\/p>\n\n\n\n<p>En tanto, la Sedena ha argumentado la actuaci\u00f3n de sus elementos se\u00f1alando que \u201c<strong>al escuchar un estruendo,<\/strong>&nbsp;el personal militar accion\u00f3 sus armas de fuego\u201d.<\/p>\n\n\n\n<p>Raymundo Ramos asegur\u00f3 que la versi\u00f3n del Ej\u00e9rcito es \u201cfalsa, manipulada y tard\u00eda\u00bb, y que adem\u00e1s presentar\u00e1n testimonios y videos que tambi\u00e9n contradicen la versi\u00f3n militar.&nbsp;<\/p>\n\n\n\n<p>\u201cEs una versi\u00f3n falsa, lo puedo asegurar y lo vamos a demostrar. Una versi\u00f3n manipulada y una versi\u00f3n tard\u00eda. Nosotros estamos actuando con responsabilidad y dentro del marco de la ley. Hemos presentado testimonios, vamos a presentar una serie de videos que demuestran lo que han dicho los familiares y los vecinos que contradicen totalmente esta versi\u00f3n de la Sedena\u00bb, insisti\u00f3.<\/p>\n\n\n\n<h2 class=\"wp-block-heading\"><strong>\u201cPresidente, su Ej\u00e9rcito tambi\u00e9n mata\u201d, van tres ejecuciones en Tamaulipas<\/strong><\/h2>\n\n\n\n<p>En lo que va del sexenio han ocurrido tres presuntas ejecuciones extrajudiciales cometidas militares en Tamaulipas, sin que hasta el momento las investigaciones hayan llegado a una sentencia. Por eso, el defensor Raymundo Ramos no duda en mandar un mensaje: \u201cpresidente L\u00f3pez Obrador, su Ej\u00e9rcito tambi\u00e9n mata\u201d.<\/p>\n\n\n\n<p>Ramos asegura que las familias de las v\u00edctimas han buscado una audiencia con el presidente&nbsp;<strong>Andr\u00e9s Manuel L\u00f3pez Obrador<\/strong>&nbsp;desde el a\u00f1o pasado, sobre todo tras la muerte de Heidi Mariana, una ni\u00f1a de cuatro a\u00f1os, durante una balacera en la que presuntamente estuvieron involucrados miembros del Ej\u00e9rcito. Sin embargo, no ha habido respuesta.&nbsp;<\/p>\n\n\n\n<p>La audiencia, dice, \u201ces para mostrarle evidencia directa \u2013que no hemos presentado a medios de comunicaci\u00f3n\u2013, para que tenga la certeza de que su Ej\u00e9rcito tambi\u00e9n mata, de que su Ej\u00e9rcito tambi\u00e9n comete violaciones a derechos humanos y masacres. Antes de dar a conocer la informaci\u00f3n p\u00fablica queremos que \u00e9l se convenza porque pareciera que solo tiene un o\u00eddo y solo escucha al Ej\u00e9rcito\u201d, dijo Ramos en entrevista con&nbsp;<em>Animal Pol\u00edtico<\/em>.&nbsp;<\/p>\n\n\n\n<p>El intento por hablar con el presidente no solo ha pasado por llamados p\u00fablicos, sino tambi\u00e9n por solicitudes de audiencia privada a trav\u00e9s de escritos en dos ocasiones, la primera en agosto del a\u00f1o pasado y la m\u00e1s reciente, hace 15 d\u00edas, explica Raymundo Ramos, presidente del Comit\u00e9 de Derechos Humanos de Nuevo Laredo, que ha apoyado jur\u00eddicamente a las v\u00edctimas.&nbsp;<\/p>\n\n\n\n<p>\u201cHacemos una petici\u00f3n p\u00fablica al presidente L\u00f3pez Obrador para que le d\u00e9 voz a las v\u00edctimas, porque le ha dado apoyo excesivo a las Fuerzas Armadas. Si en verdad gobierna para todos deber\u00eda dar voz a las v\u00edctimas y eso no ha ocurrido\u201d, asegur\u00f3.&nbsp;<\/p>\n\n\n\n<p>La presunta ejecuci\u00f3n ocurrida este s\u00e1bado se suma al asesinato de la&nbsp;<strong><a href=\"https:\/\/www.animalpolitico.com\/2022\/09\/familia-heidi-acusa-ataque-directo-ejercito-nuevo-laredo-militares\">ni\u00f1a Heidi Mariana<\/a><\/strong>, de cuatro a\u00f1os, mientras viajaba en el auto con su madre, Griselda Lizeth, cuando se dirig\u00edan al hospital por un dolor de est\u00f3mago de la peque\u00f1a. En el camino, varios autos comenzaron a cerrarse y ocurrieron disparos. Uno de ellos impact\u00f3 la cabeza de la ni\u00f1a y presuntamente fue detonado por militares.&nbsp;<\/p>\n\n\n\n<p>En tanto, la primera presunta ejecuci\u00f3n extrajudicial ocurrida en la administraci\u00f3n del presidente Andr\u00e9s Manuel L\u00f3pez Obrador fue el 3 de julio de 2020. Tras una persecuci\u00f3n y enfrentamiento entre militares y personas con ropa de camuflaje en la colonia Fraccionamiento Los Fresnos, Nuevo Laredo, Tamaulipas, murieron 12 civiles.<\/p>\n\n\n\n<p>Tres de ellos en realidad eran v\u00edctimas de secuestros, pues se encontraban atados de pies y manos y vest\u00edan ropa casual. El peri\u00f3dico&nbsp;<em>El Universal&nbsp;<\/em>public\u00f3 que dos j\u00f3venes eran civiles que presentaban un disparo en el t\u00f3rax accionado de arriba hacia abajo y el tercero recibi\u00f3 un disparo en el cr\u00e1neo a uno o tres metros de distancia. Tambi\u00e9n revel\u00f3 el video donde se escucha decir a los militares \u201cya m\u00e1talos a la verga\u201d, cuando uno de los elementos informa que entre los ocupantes de una camioneta hab\u00eda una persona con vida.<\/p>\n\n\n\n<p><em>Con informaci\u00f3n de N+ y Nayeli Rold\u00e1n<\/em><\/p>\n\n\n\n<p>Fuente: <a href=\"https:\/\/www.animalpolitico.com\/seguridad\/sobreviviente-ataque-ejercito-jovenes-nuevo-laredo\">https:\/\/www.animalpolitico.com\/seguridad\/sobreviviente-ataque-ejercito-jovenes-nuevo-laredo<\/a><\/p>\n","protected":false},"excerpt":{"rendered":"<p>En una declaraci\u00f3n del capit\u00e1n Elio \u201cN\u201d, el mando militar reconoce que cuatro elementos a su cargo fueron los responsables [&hellip;]<\/p>\n","protected":false},"author":1,"featured_media":47457,"comment_status":"open","ping_status":"open","sticky":false,"template":"","format":"standard","meta":{"site-sidebar-layout":"default","site-content-layout":"","ast-site-content-layout":"default","site-content-style":"default","site-sidebar-style":"default","ast-global-header-display":"","ast-banner-title-visibility":"","ast-main-header-display":"","ast-hfb-above-header-display":"","ast-hfb-below-header-display":"","ast-hfb-mobile-header-display":"","site-post-title":"","ast-breadcrumbs-content":"","ast-featured-img":"","footer-sml-layout":"","theme-transparent-header-meta":"","adv-header-id-meta":"","stick-header-meta":"","header-above-stick-meta":"","header-main-stick-meta":"","header-below-stick-meta":"","astra-migrate-meta-layouts":"default","ast-page-background-enabled":"default","ast-page-background-meta":{"desktop":{"background-color":"var(--ast-global-color-4)","background-image":"","background-repeat":"repeat","background-position":"center center","background-size":"auto","background-attachment":"scroll","background-type":"","background-media":"","overlay-type":"","overlay-color":"","overlay-opacity":"","overlay-gradient":""},"tablet":{"background-color":"","background-image":"","background-repeat":"repeat","background-position":"center center","background-size":"auto","background-attachment":"scroll","background-type":"","background-media":"","overlay-type":"","overlay-color":"","overlay-opacity":"","overlay-gradient":""},"mobile":{"background-color":"","background-image":"","background-repeat":"repeat","background-position":"center center","background-size":"auto","background-attachment":"scroll","background-type":"","background-media":"","overlay-type":"","overlay-color":"","overlay-opacity":"","overlay-gradient":""}},"ast-content-background-meta":{"desktop":{"background-color":"var(--ast-global-color-5)","background-image":"","background-repeat":"repeat","background-position":"center center","background-size":"auto","background-attachment":"scroll","background-type":"","background-media":"","overlay-type":"","overlay-color":"","overlay-opacity":"","overlay-gradient":""},"tablet":{"background-color":"var(--ast-global-color-5)","background-image":"","background-repeat":"repeat","background-position":"center center","background-size":"auto","background-attachment":"scroll","background-type":"","background-media":"","overlay-type":"","overlay-color":"","overlay-opacity":"","overlay-gradient":""},"mobile":{"background-color":"var(--ast-global-color-5)","background-image":"","background-repeat":"repeat","background-position":"center center","background-size":"auto","background-attachment":"scroll","background-type":"","background-media":"","overlay-type":"","overlay-color":"","overlay-opacity":"","overlay-gradient":""}},"footnotes":""},"categories":[8],"tags":[15359,3262,617],"class_list":["post-47456","post","type-post","status-publish","format-standard","has-post-thumbnail","hentry","category-noticias","tag-nuevo-laredo","tag-sedena","tag-violencia"],"_links":{"self":[{"href":"https:\/\/losperiodistas.com.mx\/portal\/wp-json\/wp\/v2\/posts\/47456","targetHints":{"allow":["GET"]}}],"collection":[{"href":"https:\/\/losperiodistas.com.mx\/portal\/wp-json\/wp\/v2\/posts"}],"about":[{"href":"https:\/\/losperiodistas.com.mx\/portal\/wp-json\/wp\/v2\/types\/post"}],"author":[{"embeddable":true,"href":"https:\/\/losperiodistas.com.mx\/portal\/wp-json\/wp\/v2\/users\/1"}],"replies":[{"embeddable":true,"href":"https:\/\/losperiodistas.com.mx\/portal\/wp-json\/wp\/v2\/comments?post=47456"}],"version-history":[{"count":1,"href":"https:\/\/losperiodistas.com.mx\/portal\/wp-json\/wp\/v2\/posts\/47456\/revisions"}],"predecessor-version":[{"id":47458,"href":"https:\/\/losperiodistas.com.mx\/portal\/wp-json\/wp\/v2\/posts\/47456\/revisions\/47458"}],"wp:featuredmedia":[{"embeddable":true,"href":"https:\/\/losperiodistas.com.mx\/portal\/wp-json\/wp\/v2\/media\/47457"}],"wp:attachment":[{"href":"https:\/\/losperiodistas.com.mx\/portal\/wp-json\/wp\/v2\/media?parent=47456"}],"wp:term":[{"taxonomy":"category","embeddable":true,"href":"https:\/\/losperiodistas.com.mx\/portal\/wp-json\/wp\/v2\/categories?post=47456"},{"taxonomy":"post_tag","embeddable":true,"href":"https:\/\/losperiodistas.com.mx\/portal\/wp-json\/wp\/v2\/tags?post=47456"}],"curies":[{"name":"wp","href":"https:\/\/api.w.org\/{rel}","templated":true}]}}