{"id":47453,"date":"2023-03-01T07:16:18","date_gmt":"2023-03-01T13:16:18","guid":{"rendered":"http:\/\/losperiodistas.com.mx\/portal\/?p=47453"},"modified":"2023-03-01T07:16:20","modified_gmt":"2023-03-01T13:16:20","slug":"aprobacion-de-amlo-se-mantiene-intacta-en-febrero-54-el-financiero","status":"publish","type":"post","link":"https:\/\/losperiodistas.com.mx\/portal\/aprobacion-de-amlo-se-mantiene-intacta-en-febrero-54-el-financiero\/","title":{"rendered":"Aprobaci\u00f3n de AMLO se mantiene intacta en febrero: 54% | El Financiero"},"content":{"rendered":"\n<h2 class=\"has-vivid-cyan-blue-background-color has-background has-medium-font-size wp-block-heading\">La desaprobaci\u00f3n al mandatario es de 46 por ciento, un punto m\u00e1s que en enero; es la cifra m\u00e1s alta de rechazo en su gesti\u00f3n<\/h2>\n\n\n\n<figure class=\"wp-block-image size-large is-style-default\"><img fetchpriority=\"high\" decoding=\"async\" width=\"1024\" height=\"676\" src=\"https:\/\/losperiodistas.com.mx\/portal\/wp-content\/uploads\/2023\/03\/Captura-de-Pantalla-2023-03-01-a-las-7.11.28-1024x676.jpg\" alt=\"\" class=\"wp-image-47454\" srcset=\"https:\/\/losperiodistas.com.mx\/portal\/wp-content\/uploads\/2023\/03\/Captura-de-Pantalla-2023-03-01-a-las-7.11.28-1024x676.jpg 1024w, https:\/\/losperiodistas.com.mx\/portal\/wp-content\/uploads\/2023\/03\/Captura-de-Pantalla-2023-03-01-a-las-7.11.28-300x198.jpg 300w, https:\/\/losperiodistas.com.mx\/portal\/wp-content\/uploads\/2023\/03\/Captura-de-Pantalla-2023-03-01-a-las-7.11.28-768x507.jpg 768w, https:\/\/losperiodistas.com.mx\/portal\/wp-content\/uploads\/2023\/03\/Captura-de-Pantalla-2023-03-01-a-las-7.11.28-1536x1013.jpg 1536w, https:\/\/losperiodistas.com.mx\/portal\/wp-content\/uploads\/2023\/03\/Captura-de-Pantalla-2023-03-01-a-las-7.11.28.jpg 1840w\" sizes=\"(max-width: 1024px) 100vw, 1024px\" \/><figcaption><strong>AMLO\u00a0<\/strong>Se mantiene aprobaci\u00f3n de AMLO durante febrero\u00a0(Cortes\u00eda de Presidencia)<\/figcaption><\/figure>\n\n\n\n<p class=\"has-vivid-red-color has-text-color has-medium-font-size\"><strong>ALEJANDRO MORENO \/ EL FINANCIERO<\/strong><\/p>\n\n\n\n<p>La aprobaci\u00f3n ciudadana al presidente Andr\u00e9s Manuel L\u00f3pez Obrador registr\u00f3 54 por ciento en febrero, sin variaciones respecto al mes anterior, cuando se registr\u00f3 la misma proporci\u00f3n, de acuerdo con la encuesta nacional de EL FINANCIERO.<\/p>\n\n\n\n<p>Seg\u00fan el estudio, realizado a mil 100 personas v\u00eda telef\u00f3nica el mes pasado, la desaprobaci\u00f3n al mandatario es de 46 por ciento, un punto m\u00e1s que en enero, siendo la cifra m\u00e1s alta de rechazo registrada desde el inicio de la gesti\u00f3n de L\u00f3pez Obrador.Playvolume00:05\/01:00elfinancieroTruvidfullScreenLea el art\u00edculo<\/p>\n\n\n\n<figure class=\"wp-block-image is-style-default\"><img decoding=\"async\" src=\"https:\/\/www.elfinanciero.com.mx\/resizer\/esNR7Z2jnpTyGU44Oj0L1xvJqlw=\/1440x0\/filters:format(jpg):quality(70)\/cloudfront-us-east-1.images.arcpublishing.com\/elfinanciero\/V7OZIMKV75HK5LDIRQDEERKUPQ.jpg\" alt=\"\"\/><figcaption><strong>Encuesta AMLO&nbsp;<\/strong>Semmantien aprobaci\u00f3n de AMLO en el \u00faltimo mes&nbsp;(Especial)<\/figcaption><\/figure>\n\n\n\n<p>La encuesta tambi\u00e9n revela una ligera mejora en las percepciones sobre el manejo de la econom\u00eda, en la que la opini\u00f3n favorable pas\u00f3 de 31 a 34 por ciento en el \u00faltimo mes; no obstante, la opini\u00f3n negativa se mantuvo en un nivel muy similar al del mes anterior, al moverse de 52 a 51 por ciento. El sentimiento de malestar econ\u00f3mico contin\u00faa siendo mayoritario.<\/p>\n\n\n\n<p>En el rubro de seguridad p\u00fablica, la opini\u00f3n positiva registr\u00f3 27 por ciento en febrero, un punto m\u00e1s que en enero; por otra parte, la opini\u00f3n negativa tuvo una variaci\u00f3n al alza de dos puntos, al pasar de 57 a 59 por ciento.<\/p>\n\n\n\n<figure class=\"wp-block-image is-style-default\"><img decoding=\"async\" src=\"https:\/\/www.elfinanciero.com.mx\/resizer\/maO-5gda4HcaPrbgpFlftTeFcQ0=\/1440x0\/filters:format(jpg):quality(70)\/cloudfront-us-east-1.images.arcpublishing.com\/elfinanciero\/NSE4QGQWD5H3XLKSAWVJA4F6IQ.jpg\" alt=\"\"\/><figcaption><strong>Encuesta AMLO&nbsp;<\/strong>Encuestados siguen reprobando a AMLO en econom\u00eda y Seguridad&nbsp;(Especial)<\/figcaption><\/figure>\n\n\n\n<p>En corrupci\u00f3n, la opini\u00f3n favorable registr\u00f3 35 por ciento, al igual que el mes anterior, y la opini\u00f3n desfavorable, 45 por ciento, un punto m\u00e1s.<\/p>\n\n\n\n<p>Los aspectos m\u00e1s positivos que resaltan en la encuesta respecto de la gesti\u00f3n de gobierno son los apoyos sociales, con 48 por ciento de opini\u00f3n positiva y 31 por ciento de opini\u00f3n negativa, mientras que los servicios p\u00fablicos de salud arrojan 47 por ciento de opini\u00f3n favorable, y 36 por ciento de opini\u00f3n desfavorable.<\/p>\n\n\n\n<figure class=\"wp-block-image is-style-default\"><img decoding=\"async\" src=\"https:\/\/www.elfinanciero.com.mx\/resizer\/P_W9sqvhNmcC14QipJOXIurRVP0=\/1440x0\/filters:format(jpg):quality(70)\/cloudfront-us-east-1.images.arcpublishing.com\/elfinanciero\/GXJTKO6FBNA37NFKKZOZ5MDQ5E.jpg\" alt=\"\"\/><figcaption><strong>Encuesta AMLO&nbsp;<\/strong>Corrupci\u00f3n sigue siendo tal\u00f3n de aquiles de AMLO&nbsp;(Especial)<\/figcaption><\/figure>\n\n\n\n<p>A pesar de la relativa estabilidad en todos estos indicadores de opini\u00f3n, la evaluaci\u00f3n sobre el rumbo del pa\u00eds registr\u00f3 una segunda alza consecutiva en la opini\u00f3n de que el pa\u00eds va por mal camino, al pasar de 31 a 35 por ciento en el \u00faltimo mes, sumando siete puntos al alza desde diciembre, cuando se registr\u00f3 28 por ciento.<\/p>\n\n\n\n<figure class=\"wp-block-image is-style-default\"><img decoding=\"async\" src=\"https:\/\/www.elfinanciero.com.mx\/resizer\/JhS94yP2ZFY3b4xRU5SylvpA6LE=\/1440x0\/filters:format(jpg):quality(70)\/cloudfront-us-east-1.images.arcpublishing.com\/elfinanciero\/Y7YCWCZJ65C2XBGKEULDXC2TMI.jpg\" alt=\"\"\/><figcaption><strong>Encuesta AMLO&nbsp;<\/strong>Ciudadanos ven mal el rumbo del pa\u00eds&nbsp;(Especial)<\/figcaption><\/figure>\n\n\n\n<p>En contraste, la opini\u00f3n de que el pa\u00eds va por buen camino baj\u00f3 de 38 a 33 por ciento, entre enero y febrero.<\/p>\n\n\n\n<p>El sondeo indica que 71 por ciento de los entrevistados se enter\u00f3 del juicio a Genaro Garc\u00eda Luna.<\/p>\n\n\n\n<figure class=\"wp-block-image is-style-default\"><img decoding=\"async\" src=\"https:\/\/www.elfinanciero.com.mx\/resizer\/fhTMjn9HlrDCsaR2JdkaXxVkJOw=\/1440x0\/filters:format(jpg):quality(70)\/cloudfront-us-east-1.images.arcpublishing.com\/elfinanciero\/5RZZTMPXMJHJVGYNKUKWZBFDNU.jpg\" alt=\"\"\/><figcaption><strong>Encuesta AMLO&nbsp;<\/strong>Mayor\u00eda de encuestados se enter\u00f3 del juicio a Genaro Garc\u00eda Luna&nbsp;(Especial)<\/figcaption><\/figure>\n\n\n\n<p>El 40 por ciento opina que, al ser declarado culpable, ah\u00ed quedar\u00e1 el asunto, pero 47 por ciento cree que con esto se abrir\u00e1n m\u00e1s investigaciones al gobierno de Felipe Calder\u00f3n.<\/p>\n\n\n\n<figure class=\"wp-block-image is-style-default\"><img decoding=\"async\" src=\"https:\/\/www.elfinanciero.com.mx\/resizer\/D1U-ujEq8XUd-JvNOv7GvcFKZNA=\/1440x0\/filters:format(jpg):quality(70)\/cloudfront-us-east-1.images.arcpublishing.com\/elfinanciero\/PNRUNLEXJZBS3HP25YQCXXRK2Q.jpg\" alt=\"\"\/><figcaption><strong>Encuesta AMLO&nbsp;<\/strong>Ciudadanos conf\u00edan en que habr\u00e1 m\u00e1s investigaciones tras caso Garc\u00eda Luna&nbsp;(Especial)<\/figcaption><\/figure>\n\n\n\n<p>Desde que se anunci\u00f3 el veredicto en el jurado de Nueva York, el gobierno y el partido gobernante han explotado ret\u00f3ricamente el tema de Garc\u00eda Luna. En su conferencia matutina de ayer, L\u00f3pez Obrador afirm\u00f3 incluso que la tribuna de la ma\u00f1anera est\u00e1 abierta al expresidente Calder\u00f3n para dar su testimonio.<\/p>\n\n\n\n<figure class=\"wp-block-image is-style-default\"><img decoding=\"async\" src=\"https:\/\/www.elfinanciero.com.mx\/resizer\/KBUV9_0VABVTg6xt_8PTsrKcyYU=\/1440x0\/filters:format(jpg):quality(70)\/cloudfront-us-east-1.images.arcpublishing.com\/elfinanciero\/56Y35YN4OVFYFL2BZD5KRRLMQY.jpg\" alt=\"\"\/><figcaption><strong>Encuesta AMLO&nbsp;<\/strong>Encuestados conocen dichos de AMLO&nbsp;(Especial)<\/figcaption><\/figure>\n\n\n\n<p>De acuerdo con la encuesta, 36 por ciento opina que el veredicto de culpable a Garc\u00eda Luna fortalece al Presidente y a su partido; otro 12 por ciento cree que fortalece solamente al mandatario. En contraste, 40 por ciento no ve que el juicio influya en el apoyo al jefe del Ejecutivo federal o su partido pol\u00edtico.<\/p>\n\n\n\n<figure class=\"wp-block-image is-style-default\"><img decoding=\"async\" src=\"https:\/\/www.elfinanciero.com.mx\/resizer\/tq6Kcn0uAl-eyTAOZR3_YLz8ofY=\/1440x0\/filters:format(jpg):quality(70)\/cloudfront-us-east-1.images.arcpublishing.com\/elfinanciero\/LGNE6GGUKBEWZI75SZQRFDTERY.jpg\" alt=\"\"\/><figcaption><strong>Encuesta AMLO&nbsp;<\/strong>Descartan encuestados eque sentencia a Garc\u00eda Luna fortalezca a AMLO&nbsp;(Especial)<\/figcaption><\/figure>\n\n\n\n<p><strong>Metodolog\u00eda: Encuesta nacional realizada v\u00eda telef\u00f3nica a 1,100 mexicanos adultos el 10-11 y 24-25 de febrero de 2023. Se hizo un muestreo probabil\u00edstico de tel\u00e9fonos residenciales y celulares en las 32 entidades federativas. Con un nivel de confianza de 95%, el margen de error de las estimaciones es de +\/-3.0 por ciento. * Pregunta realizada el 24-25 de febrero (n=500).<\/strong><\/p>\n\n\n\n<p><strong>Patrocinio y Realizaci\u00f3n: EL FINANCIERO<\/strong><\/p>\n\n\n\n<p>Fuente: <a href=\"https:\/\/www.elfinanciero.com.mx\/nacional\/2023\/03\/01\/aprobacion-de-amlo-se-mantiene-intacta-en-febrero-54\/\">https:\/\/www.elfinanciero.com.mx\/nacional\/2023\/03\/01\/aprobacion-de-amlo-se-mantiene-intacta-en-febrero-54\/<\/a><\/p>\n","protected":false},"excerpt":{"rendered":"<p>La desaprobaci\u00f3n al mandatario es de 46 por ciento, un punto m\u00e1s que en enero; es la cifra m\u00e1s alta [&hellip;]<\/p>\n","protected":false},"author":1,"featured_media":47454,"comment_status":"open","ping_status":"open","sticky":false,"template":"","format":"standard","meta":{"site-sidebar-layout":"default","site-content-layout":"","ast-site-content-layout":"default","site-content-style":"default","site-sidebar-style":"default","ast-global-header-display":"","ast-banner-title-visibility":"","ast-main-header-display":"","ast-hfb-above-header-display":"","ast-hfb-below-header-display":"","ast-hfb-mobile-header-display":"","site-post-title":"","ast-breadcrumbs-content":"","ast-featured-img":"","footer-sml-layout":"","theme-transparent-header-meta":"","adv-header-id-meta":"","stick-header-meta":"","header-above-stick-meta":"","header-main-stick-meta":"","header-below-stick-meta":"","astra-migrate-meta-layouts":"default","ast-page-background-enabled":"default","ast-page-background-meta":{"desktop":{"background-color":"var(--ast-global-color-4)","background-image":"","background-repeat":"repeat","background-position":"center center","background-size":"auto","background-attachment":"scroll","background-type":"","background-media":"","overlay-type":"","overlay-color":"","overlay-opacity":"","overlay-gradient":""},"tablet":{"background-color":"","background-image":"","background-repeat":"repeat","background-position":"center center","background-size":"auto","background-attachment":"scroll","background-type":"","background-media":"","overlay-type":"","overlay-color":"","overlay-opacity":"","overlay-gradient":""},"mobile":{"background-color":"","background-image":"","background-repeat":"repeat","background-position":"center center","background-size":"auto","background-attachment":"scroll","background-type":"","background-media":"","overlay-type":"","overlay-color":"","overlay-opacity":"","overlay-gradient":""}},"ast-content-background-meta":{"desktop":{"background-color":"var(--ast-global-color-5)","background-image":"","background-repeat":"repeat","background-position":"center center","background-size":"auto","background-attachment":"scroll","background-type":"","background-media":"","overlay-type":"","overlay-color":"","overlay-opacity":"","overlay-gradient":""},"tablet":{"background-color":"var(--ast-global-color-5)","background-image":"","background-repeat":"repeat","background-position":"center center","background-size":"auto","background-attachment":"scroll","background-type":"","background-media":"","overlay-type":"","overlay-color":"","overlay-opacity":"","overlay-gradient":""},"mobile":{"background-color":"var(--ast-global-color-5)","background-image":"","background-repeat":"repeat","background-position":"center center","background-size":"auto","background-attachment":"scroll","background-type":"","background-media":"","overlay-type":"","overlay-color":"","overlay-opacity":"","overlay-gradient":""}},"footnotes":""},"categories":[8],"tags":[5210],"class_list":["post-47453","post","type-post","status-publish","format-standard","has-post-thumbnail","hentry","category-noticias","tag-amlo-aprobacion"],"_links":{"self":[{"href":"https:\/\/losperiodistas.com.mx\/portal\/wp-json\/wp\/v2\/posts\/47453","targetHints":{"allow":["GET"]}}],"collection":[{"href":"https:\/\/losperiodistas.com.mx\/portal\/wp-json\/wp\/v2\/posts"}],"about":[{"href":"https:\/\/losperiodistas.com.mx\/portal\/wp-json\/wp\/v2\/types\/post"}],"author":[{"embeddable":true,"href":"https:\/\/losperiodistas.com.mx\/portal\/wp-json\/wp\/v2\/users\/1"}],"replies":[{"embeddable":true,"href":"https:\/\/losperiodistas.com.mx\/portal\/wp-json\/wp\/v2\/comments?post=47453"}],"version-history":[{"count":1,"href":"https:\/\/losperiodistas.com.mx\/portal\/wp-json\/wp\/v2\/posts\/47453\/revisions"}],"predecessor-version":[{"id":47455,"href":"https:\/\/losperiodistas.com.mx\/portal\/wp-json\/wp\/v2\/posts\/47453\/revisions\/47455"}],"wp:featuredmedia":[{"embeddable":true,"href":"https:\/\/losperiodistas.com.mx\/portal\/wp-json\/wp\/v2\/media\/47454"}],"wp:attachment":[{"href":"https:\/\/losperiodistas.com.mx\/portal\/wp-json\/wp\/v2\/media?parent=47453"}],"wp:term":[{"taxonomy":"category","embeddable":true,"href":"https:\/\/losperiodistas.com.mx\/portal\/wp-json\/wp\/v2\/categories?post=47453"},{"taxonomy":"post_tag","embeddable":true,"href":"https:\/\/losperiodistas.com.mx\/portal\/wp-json\/wp\/v2\/tags?post=47453"}],"curies":[{"name":"wp","href":"https:\/\/api.w.org\/{rel}","templated":true}]}}