{"id":4710,"date":"2021-02-19T06:53:48","date_gmt":"2021-02-19T12:53:48","guid":{"rendered":"http:\/\/losperiodistas.com.mx\/portal\/?p=4710"},"modified":"2021-02-19T06:53:50","modified_gmt":"2021-02-19T12:53:50","slug":"de-un-dia-sin-nosotras-al-ya-chole-amlo-se-dice-feminista-pero-ignora-los-llamados-de-las-mujeres-infobae","status":"publish","type":"post","link":"https:\/\/losperiodistas.com.mx\/portal\/de-un-dia-sin-nosotras-al-ya-chole-amlo-se-dice-feminista-pero-ignora-los-llamados-de-las-mujeres-infobae\/","title":{"rendered":"De \u201cUn D\u00eda Sin Nosotras\u201d al \u201cya chole\u201d: AMLO se dice feminista, pero ignora los llamados de las mujeres | Infobae"},"content":{"rendered":"\n<p style=\"font-size:18px\"><em>En reiteradas ocasiones, el presidente de la Rep\u00fablica ha dejado en evidencia que la violencia contra las mujeres, es un tema que no considera grave ni prioritario<\/em><\/p>\n\n\n\n<p class=\"has-vivid-cyan-blue-color has-text-color has-medium-font-size\">CLAUDIA RAM\u00cdREZ\/ INFOBAE<\/p>\n\n\n\n<p><strong>La violencia contra las mujeres en M\u00e9xico&nbsp;<\/strong>es un tema grav\u00edsimo que se ha vuelto imparable, y aunque en el discurso oficial se asegura que se est\u00e1 trabajando para combatir este flagelo, lo cierto es que en los hechos,&nbsp;<strong>el gobierno federal sigue desde\u00f1ando el asunto<\/strong>.<\/p>\n\n\n\n<p>De acuerdo con datos de la ONU,&nbsp;<strong>en el pa\u00eds son asesinadas 10 mujeres todos los d\u00edas y las v\u00edctimas principales son mujeres j\u00f3venes<\/strong>. En tanto que el&nbsp;<strong>Secretariado Ejecutivo del Sistema Nacional de Seguridad P\u00fablica (SESNSP)<\/strong>, revel\u00f3 que&nbsp;<strong>durante el 2020 ocurrieron 940 feminicidios en M\u00e9xico<\/strong>, solo dos casos menos a los registrados en 2019 (942), esto a pesar de que el a\u00f1o pasado ya se viv\u00eda el confinamiento debido a la pandemia del COVID-19.<\/p>\n\n\n\n<p>La tendencia ha sido a la alza. Los datos del SESNSP en su estudio&nbsp;<a href=\"https:\/\/www.gob.mx\/sesnsp\/articulos\/informacion-sobre-violencia-contra-las-mujeres-incidencia-delictiva-y-llamadas-de-emergencia-9-1-1-febrero-2019\" target=\"_blank\" rel=\"noreferrer noopener\">\u201cInformaci\u00f3n sobre violencia contra las mujeres, diciembre 2020\u201d&nbsp;<\/a>lo confirman. En el a\u00f1o 2015 ocurrieron 411 feminicidios, en 2016 (605), al siguiente a\u00f1o se registraron 742, mientras que para el 2018 ocurrieron 893.<\/p>\n\n\n\n<p>Pero&nbsp;<strong>durante los dos primeros a\u00f1os del gobierno de Andr\u00e9s Manuel L\u00f3pez Obrador, la violencia contra las mujeres se dispar\u00f3<\/strong>. En 2019, los feminicidios alcanzaron su cifra m\u00e1s alta (942), mientras que en 2020 se registraron 940 casos. Esto, a pesar de la renuencia de las autoridades locales a no catalogar como feminicidio los asesinatos de mujeres.<img fetchpriority=\"high\" decoding=\"async\" alt=\"Las cifras del SESNSP confirman que los dos primeros a\u00f1os del gobierno de Andr\u00e9s Manuel L\u00f3pez Obrador, se ha incrementado la violencia contra las mujeres (Gr\u00e1fica: SESNSP)\" height=\"596\" src=\"https:\/\/www.infobae.com\/new-resizer\/8vMgv6e5-TivvO2o9ceE1jFz3jw=\/420x315\/filters:format(jpg):quality(85)\/\/cloudfront-us-east-1.images.arcpublishing.com\/infobae\/Y3NTDYM76BCDPGPKSUYQKRZCGI.JPG\" width=\"797\">Las cifras del SESNSP confirman que los dos primeros a\u00f1os del gobierno de Andr\u00e9s Manuel L\u00f3pez Obrador, se ha incrementado la violencia contra las mujeres (Gr\u00e1fica: SESNSP)<\/p>\n\n\n\n<p>Seg\u00fan este estudio,&nbsp;<strong>el Estado de M\u00e9xico es la entidad m\u00e1s peligrosa para las f\u00e9minas<\/strong>, toda vez que se registraron&nbsp;<strong>150 asesinatos de mujeres por raz\u00f3n de g\u00e9nero<\/strong>. En segundo lugar se encuentra Veracruz con 84 feminicidios, seguido de Nuevo Le\u00f3n (67), Jalisco (66) y la Ciudad de M\u00e9xico (64). La mayor\u00eda de las v\u00edctimas fueron mujeres j\u00f3venes.<\/p>\n\n\n\n<p>A pesar de que el presidente Andr\u00e9s Manuel L\u00f3pez Obrador se autodenomina como \u201cfeminista\u201d, en los hechos solo ha ignorado los m\u00faltiples llamados para detener la violencia hacia las mujeres.<\/p>\n\n\n\n<p><strong>El sector joven femenino<\/strong>&nbsp;-el que hoy protesta fuertemente en las calles y en las redes sociales por la violencia de g\u00e9nero-&nbsp;<strong>fue justamente uno de los que m\u00e1s apoy\u00f3 al pol\u00edtico tabasque\u00f1o para que llegara a la silla presidencial<\/strong>.<\/p>\n\n\n\n<p>Durante la jornada electoral del 2018 en la que se eligi\u00f3 al presidente de la Rep\u00fablica, alrededor del 49% de las mujeres votaron por Andr\u00e9s Manuel L\u00f3pez Obrador, de acuerdo con datos de&nbsp;<a href=\"https:\/\/www.parametria.com.mx\/carta_parametrica.php?cp=5053\" target=\"_blank\" rel=\"noreferrer noopener\">Parametr\u00eda<\/a>.<\/p>\n\n\n\n<p>Seg\u00fan la encuestadora,&nbsp;<strong>las mujeres entre 26 a 35 a\u00f1os de edad, fueron las que m\u00e1s votaron por el pol\u00edtico tabasque\u00f1o (63%)<\/strong>, seguidas del segmento de 36 a 45 a\u00f1os y de 46 a 55 a\u00f1os (56%). Justo el sector m\u00e1s afectado por la violencia de g\u00e9nero.<\/p>\n\n\n\n<p>L\u00f3pez Obrador asegur\u00f3 que su gobierno ser\u00eda igualitario en el n\u00famero de dependencias que ser\u00edan encabezadas por mujeres, bajo el argumento de que \u201cson m\u00e1s honestas que los hombres\u201d. Luego de algunos ajustes en el gabinete ya sea por cambios o renuncias, al d\u00eda de hoy nueve mujeres encabezan el mismo n\u00famero de Secretar\u00edas de Estado.<\/p>\n\n\n\n<p><a href=\"https:\/\/mailchi.mp\/newsletter\/mexico-al-dia-mananas\"><em><strong>Todas las ma\u00f1anas en tu correo: suscr\u00edbete al newsletter de Infobae M\u00e9xico<\/strong><\/em><\/a><img decoding=\"async\" alt=\"Feministas y ciudadanas en general se manifiestan en el puerto mexicano de Acapulco, en el estado de Guerrero (M\u00e9xico). EFE\/David Guzm\u00e1n\/Archivo\n\" height=\"4480\" src=\"https:\/\/www.infobae.com\/new-resizer\/OqnnO9gv-itXSSERhsnTtftSjmk=\/420x280\/filters:format(jpg):quality(85)\/\/cloudfront-us-east-1.images.arcpublishing.com\/infobae\/CWWB537ASJHA5BRJ2O6VFQ63GA.jpg\" width=\"6720\">Feministas y ciudadanas en general se manifiestan en el puerto mexicano de Acapulco, en el estado de Guerrero (M\u00e9xico). EFE\/David Guzm\u00e1n\/Archivo<\/p>\n\n\n\n<p><strong>Aunque en el discurso el mandatario asegura estar a favor de las causas femeninas y en contra de la violencia de g\u00e9nero, lo cierto es que es evidente que el Jefe del Ejecutivo ha soslayado el tema<\/strong>.<\/p>\n\n\n\n<p>Luego de que&nbsp;<strong>M\u00e9xico se sacudiera con dos brutales feminicidios<\/strong>&nbsp;ocurridos a inicios de 2020 en la Ciudad de M\u00e9xico, el de&nbsp;<strong>Ingrid Escamilla<\/strong>&nbsp;y el de la ni\u00f1a&nbsp;<strong>F\u00e1tima<\/strong>, el presidente Andr\u00e9s Manuel L\u00f3pez Obrador asegur\u00f3 que en el fondo, casos como estos eran originados por la descomposici\u00f3n social derivado del periodo neoliberal, la desintegraci\u00f3n familiar y la p\u00e9rdida de valores.<\/p>\n\n\n\n<p>Ambos feminicidios fueron el detonante para que el 8 de marzo de 2020, en el marco del D\u00eda Internacional de la Mujer, se convocara a una&nbsp;<strong>marcha hist\u00f3rica<\/strong>&nbsp;en la que m\u00e1s de 80,000 mujeres salieran a las calles del pa\u00eds, para exigir el fin de la violencia de g\u00e9nero, los feminicidios y el sistema patriarcal que ha imperado en M\u00e9xico desde hace siglos.<\/p>\n\n\n\n<p>Adem\u00e1s de la marcha, tambi\u00e9n se vivi\u00f3 el&nbsp;<strong>#UnD\u00edaSinNosotras<\/strong>&nbsp;o&nbsp;<strong>#UnD\u00edaSinMujeres&nbsp;<\/strong>que buscaba evidenciar la importancia del g\u00e9nero en todos los \u00e1mbitos del pa\u00eds. Ese d\u00eda, miles de mexicanas no acudieron a sus centros laborales o dejaron de hacer sus actividades diarias. Las que no pudieron hacerlo, se sumaron de forma simb\u00f3lica, usando alguna prenda en color morado a manera de protesta.<\/p>\n\n\n\n<p>A pesar de que el hecho fue hist\u00f3rico, para el mandatario fue un movimiento que no mereci\u00f3 su atenci\u00f3n.<\/p>\n\n\n\n<p><strong>\u201cAh, s\u00ed creo que hubo una marcha, \u00bfverdad?\u201d<\/strong>, dijo.<\/p>\n\n\n\n<p>Pero cuando las manifestaciones de las mujeres se han tornado violentas o fuera de los par\u00e1metros establecidos por el gobierno, Andr\u00e9s Manuel L\u00f3pez Obrador, s\u00ed condena los hechos.<img decoding=\"async\" alt=\"(Foto: Especial)\" height=\"1080\" src=\"https:\/\/www.infobae.com\/new-resizer\/FuAdeUo2FNL_Qq8Ay25Rl0pXuME=\/420x236\/filters:format(jpg):quality(85)\/\/cloudfront-us-east-1.images.arcpublishing.com\/infobae\/VB3A3XSNDFB6TODMCVJBN3BXMM.jpg\" width=\"1920\">(Foto: Especial)<\/p>\n\n\n\n<p>Durante el confinamiento a causa del COVID-19, el mandatario asegur\u00f3 que era mentira que en ese periodo se hubiera incrementado la violencia contra las mujeres en M\u00e9xico, a pesar de que diversos organismos, incluso del propio gobierno como el sistema telef\u00f3nico 911, as\u00ed lo demostraban.<\/p>\n\n\n\n<p><strong>\u201cEn el caso de la violencia en general y la violencia contra las mujeres no hemos nosotros advertido un incremento, desde luego la forma que tenemos de medirlo son las denuncias que se presentan, puede haber cifra negra, pero en las denuncias no ha habido un incremento\u201d<\/strong>, sostuvo durante su conferencia del 6 de mayo de 2020.<\/p>\n\n\n\n<p><strong>Incluso dijo que el aumento de la violencia part\u00eda del supuesto de que si se estaba m\u00e1s tiempo en las casas pod\u00eda darse m\u00e1s violencia familiar<\/strong>, \u201cesto no necesariamente est\u00e1 sucediendo porque no se puede medir con los mismos par\u00e1metros a todo el mundo\u201d.<\/p>\n\n\n\n<p>\u201cEn M\u00e9xico tenemos una cultura de mucha fraternidad\u201d, afirm\u00f3 L\u00f3pez Obrador, por lo que la reportera que le pregunt\u00f3 sobre el tema, le espet\u00f3 \u201cpero tambi\u00e9n machista\u201d.<\/p>\n\n\n\n<p><strong>\u201cS\u00ed, s\u00ed existe machismo, pero tambi\u00e9n mucha fraternidad familiar. La familia en M\u00e9xico es excepcional, es el n\u00facleo humano m\u00e1s fraterno, esto no se da en otras partes, lo digo con todo respeto. Entonces si queremos medir violencia familiar en M\u00e9xico con los mismos par\u00e1metros de otras partes del mundo no aplica del todo\u201d<\/strong>, se\u00f1al\u00f3.<\/p>\n\n\n\n<p>Tras las cr\u00edticas,&nbsp;<strong>el gobierno lanz\u00f3 la campa\u00f1a \u201cCuenta hasta 10\u201d<\/strong>, con la cual, pretend\u00eda frenar la violencia familiar, pero todo deriv\u00f3 en una andanada de se\u00f1alamientos en contra de la administraci\u00f3n lopezobradorista, a la que se\u00f1alaron de falta de conocimiento, de empat\u00eda y de sensibilidad en torno a la grave problem\u00e1tica. Como resultado, la campa\u00f1a desapareci\u00f3.<img loading=\"lazy\" decoding=\"async\" alt=\"Imagen de archivo (Foto: REUTERS\/Luisa Gonz\u00e1lez)\" height=\"533\" src=\"https:\/\/www.infobae.com\/new-resizer\/90Xrd4VVTC4GVYbAVBO0Hsfeubk=\/420x280\/filters:format(jpg):quality(85)\/\/cloudfront-us-east-1.images.arcpublishing.com\/infobae\/ZL4UOBHG5RC53JA3WURU7BEQRA.jpg\" width=\"800\">Imagen de archivo (Foto: REUTERS\/Luisa Gonz\u00e1lez)<\/p>\n\n\n\n<p>El 25 de noviembre del a\u00f1o pasado, al ser cuestionado por una periodista durante su conferencia ma\u00f1anera sobre si consideraba que<strong>&nbsp;las causas de un homicidio son las mismas que las de un feminicidio, L\u00f3pez Obrador se\u00f1al\u00f3 que s\u00ed, quedando en evidencia que desconoce la diferencia entre ambos delitos<\/strong>.<\/p>\n\n\n\n<p>\u201cEn general s\u00ed, porque ha habido mucha desintegraci\u00f3n en las familias, mucha p\u00e9rdida de valores y necesitamos luchar por una sociedad mejor, por hacer valer la justicia, porque no predomine lo material, por poner por delante el amor al pr\u00f3jimo y por hacer entender a todos que solo siendo buenos podemos ser felices\u201d, respondi\u00f3.<\/p>\n\n\n\n<p><strong>Sin embargo, la secretaria de Gobernaci\u00f3n, Olga S\u00e1nchez Cordero, corrigi\u00f3 al presidente<\/strong>&nbsp;y asegur\u00f3 que las causas de un feminicidio no son las mismas.<\/p>\n\n\n\n<p>\u201cY tienes toda la raz\u00f3n, las causas del feminicidio concretamente no son las mismas que las de un homicidio violento en contra de una mujer por otras razones, eso es lo que estamos atendiendo todos los d\u00edas\u201d, asegur\u00f3 la encargada de la pol\u00edtica interna del pa\u00eds.<\/p>\n\n\n\n<p>La respuesta presidencial, segu\u00eda evidenciando la falta de conocimiento en torno al problema.<\/p>\n\n\n\n<p>\u201cUn homicidio no puede equipararse a la de un feminicidio, ya que cuando se produce el asesinato de un hombre dif\u00edcilmente se dan por razones de g\u00e9nero. El feminicidio encierra componentes de misoginia, crueldad, odio e impunidad social e institucional\u201d, se\u00f1ala Amnist\u00eda Internacional.<\/p>\n\n\n\n<p><strong>Un presunto violador, el candidato de AMLO al gobierno de Guerrero<\/strong><img loading=\"lazy\" decoding=\"async\" alt=\"Foto: Facebook F\u00e9lix Salgado Macedonio\" height=\"946\" src=\"https:\/\/www.infobae.com\/new-resizer\/iX3JRUHtfKufDXv1qAWa3f8IRhM=\/420x236\/filters:format(jpg):quality(85)\/\/cloudfront-us-east-1.images.arcpublishing.com\/infobae\/XNM3EFZHTFG2XPRNMY3SOSHGIU.jpg\" width=\"1572\">Foto: Facebook F\u00e9lix Salgado Macedonio<\/p>\n\n\n\n<p>Las \u00faltimas semanas,&nbsp;<strong>el presidente Andr\u00e9s Manuel L\u00f3pez Obrador ha evidenciado una vez m\u00e1s, su falta de sensibilidad&nbsp;<\/strong>en torno a un delito grave, como es la violaci\u00f3n.<\/p>\n\n\n\n<p><strong>F\u00e9lix Salgado Macedonio<\/strong>,&nbsp;<strong>candidato de Morena<\/strong>&nbsp;-partido fundado por AMLO- al gobierno de Guerrero,&nbsp;<strong>ha sido se\u00f1alado por al menos 5 mujeres de haberlas violado<\/strong>. Aunque al menos una de las v\u00edctimas ha dado la cara de manera p\u00fablica para denunciar el hecho, el mandatario ha soslayado el asunto y lo ha enmarcado en la \u201cguerra sucia\u201d desatada en la actual coyuntura electoral.<\/p>\n\n\n\n<p>Durante su conferencia del 17 de febrero, una representante de los medios de comunicaci\u00f3n le pregunt\u00f3 si m\u00e1s all\u00e1 de dar un paso atr\u00e1s con la candidatura de Salgado Macedonio, no era mejor dar un paso adelante y escuchar a las v\u00edctimas, as\u00ed como esperar a que se concluya la investigaci\u00f3n para llevar al morenista como candidato a gobernador; a lo que&nbsp;<strong>L\u00f3pez Obrador dijo que no opinar\u00eda al respecto, ya que el asunto es electoral<\/strong>.<\/p>\n\n\n\n<p>\u201cYo no opino, ya di mi punto de vista,&nbsp;<strong>ya dije que son tiempos de elecciones y hay acusaciones de todo tipo, yo no tengo que opinar en este caso<\/strong>\u2026 ya mencion\u00e9, primero hay que tenerle confianza al pueblo, la gente es la que decide, si se hacen encuestas y la gente dice estoy de acuerdo con esta compa\u00f1era, con este compa\u00f1ero, yo pienso que se debe de respetar. La pol\u00edtica es asunto de todos, no de las \u00e9lites. Yo establec\u00ed desde que fui dirigente de partidos, que lo mejor era la realizaci\u00f3n de las encuestas para preguntarle a la gente\u201d, asegur\u00f3, por lo que dej\u00f3 en manos de \u201clos ciudadanos\u201d, qui\u00e9n deb\u00eda ser el candidato.PlayVideo: Gobierno de M\u00e9xico.<\/p>\n\n\n\n<p>Al d\u00eda siguiente, en su conferencia ma\u00f1anera del jueves 18 de febrero,&nbsp;<strong>el mandatario fue cuestionado sobre la campa\u00f1a \u201c#PresidenteRompaelPacto\u201d la cual est\u00e1 contra la candidatura de F\u00e9lix Salgado Macedonio al gobierno de Guerrero<\/strong>.<\/p>\n\n\n\n<p><strong>El titular del Ejecutivo federal asegur\u00f3 que \u201crespeta mucho\u201d a las mujeres que han presentado denuncias, pero dijo que \u201cya chole\u201d con la \u201ccampa\u00f1a medi\u00e1tica\u201d&nbsp;<\/strong>contra del senador con licencia.<\/p>\n\n\n\n<p><strong>\u201c(A las mujeres que han presentado denuncias) las respeto mucho. Ya expliqu\u00e9 que esto corresponde al pueblo de Guerrero y corresponde a las autoridades competentes, y di a conocer tambi\u00e9n que en \u00e9pocas de elecci\u00f3n, los rivales, los que quieren el mismo cargo, se dice en pol\u00edtica, que se es amigo hasta que no se compite por el mismo cargo\u201d<\/strong>, dijo.<\/p>\n\n\n\n<p>\u201c\u00bfSer\u00eda este el caso?\u201d, se le cuestion\u00f3.<\/p>\n\n\n\n<p>\u201cEs que hay quienes est\u00e1n muy interesados, unos que quieren el cargo y otros pues que no quieren que un partido determinado gane y buscan debilitarlo. Yo creo que ser\u00eda muy bueno porque esto ayudar\u00eda entender las cosas, que se hicieran encuestas, porque esto aclarar\u00eda porque tanta campa\u00f1a, porque tanto linchamiento medi\u00e1tico, hay que tener confianza al pueblo de Guerrero. El pueblo de Guerrero es mayor de edad\u201d, asegur\u00f3.<\/p>\n\n\n\n<p><strong>\u201c(&#8230;) Entonces ya, como dicen algunos \u201cya chole\u201d, o sea qu\u00e9, porque van a lanzar una campa\u00f1a en los medios, que los programas de radio como era antes, conductores de radio, con especialistas, sentenciado, juzgando. Si nosotros padecimos eso durante a\u00f1os, ataques tras ataques\u201d<\/strong>, dijo.<\/p>\n\n\n\n<p><strong>La frase \u201cya chole\u201d pronunciada por el mandatario, desat\u00f3 un sinn\u00famero de cr\u00edticas<\/strong>, tanto de la sociedad civil, como de personajes de la pol\u00edtica, quienes condenaron la expresi\u00f3n del Jefe del Ejecutivo, no solo por su falta de sensibilidad en torno al tema, sino porque con su declaraci\u00f3n, coloca a la v\u00edctima, Basilia \u201cN\u201d, en riesgo y total desprotecci\u00f3n, asegur\u00f3 este jueves Patricia Olamendi, abogada de la mujer.PlayVideo: Gobierno de M\u00e9xico.<\/p>\n\n\n\n<p>En entrevista para&nbsp;<em>W Radio<\/em>, Olamendi dio a conocer que<strong>&nbsp;Basilia \u201cN\u201d ha recibido amenazas e insultos en su propia casa por parte de seguidores de Salgado Macedonio<\/strong>.<\/p>\n\n\n\n<p>\u201cInsistimos en que se tomen las medidas desde Morena, para su protecci\u00f3n\u201d, pidi\u00f3.<\/p>\n\n\n\n<p><strong>\u201cEs muy grave que el presidente no cuente con la informaci\u00f3n correcta, nosotras tenemos conocimiento de seis denuncias contra (Salgado Macedonio) en varios a\u00f1os\u201d<\/strong>, resalt\u00f3 la abogada.<\/p>\n\n\n\n<p>Este mismo jueves,&nbsp;<strong>la secretaria de Gobernaci\u00f3n, Olga S\u00e1nchez Cordero, asever\u00f3 que el respeto a los derechos de las mujeres debe ser una condici\u00f3n irrestricta para las personas que aspiran a un cargo pol\u00edtico<\/strong>.<\/p>\n\n\n\n<p>Durante la presentaci\u00f3n del actual Programa Nacional para la Igualdad entre Mujeres y Hombres 2020-2024, destac\u00f3 que todos los partidos pol\u00edticos tienen la responsabilidad de vigilar que sus candidatos est\u00e9n a la altura de las circunstancias y asegurar que no se promueva la violencia de g\u00e9nero.<\/p>\n\n\n\n<p>\u201cHace 20 a\u00f1os no pod\u00edamos imaginarnos que se cuestionara la idoneidad de un candidato a un esca\u00f1o pol\u00edtico por alguna conducta que pudiera sugerir violencia hacia las mujeres. Hoy esa exigencia est\u00e1 presente porque en la sociedad mexicana el respeto irrestricto al derecho de las mujeres a vivir una vida libre de violencia es una condici\u00f3n necesaria para ser un representante popular\u201d, se\u00f1al\u00f3.<\/p>\n\n\n\n<p>\u201cEs responsabilidad, y subrayo porque esta es mi posici\u00f3n, por si alguien dudaba de mi posicionamiento, es responsabilidad y prerrogativa de cada partido pol\u00edtico demostrar que sus candidatos est\u00e1n a la altura de sus circunstancias y proceder de acuerdo con las leyes y las mejores pr\u00e1cticas para la prevenci\u00f3n de la violencia de g\u00e9nero en todos los \u00e1mbitos\u201d, enfatiz\u00f3.<\/p>\n\n\n\n<p>Fuente: https:\/\/www.infobae.com\/america\/mexico\/2021\/02\/19\/de-un-dia-sin-nosotras-al-ya-chole-amlo-se-dice-feminista-pero-ignora-los-llamados-de-las-mujeres\/<\/p>\n","protected":false},"excerpt":{"rendered":"<p>En reiteradas ocasiones, el presidente de la Rep\u00fablica ha dejado en evidencia que la violencia contra las mujeres, es un [&hellip;]<\/p>\n","protected":false},"author":1,"featured_media":4711,"comment_status":"open","ping_status":"open","sticky":false,"template":"","format":"standard","meta":{"site-sidebar-layout":"default","site-content-layout":"","ast-site-content-layout":"default","site-content-style":"default","site-sidebar-style":"default","ast-global-header-display":"","ast-banner-title-visibility":"","ast-main-header-display":"","ast-hfb-above-header-display":"","ast-hfb-below-header-display":"","ast-hfb-mobile-header-display":"","site-post-title":"","ast-breadcrumbs-content":"","ast-featured-img":"","footer-sml-layout":"","theme-transparent-header-meta":"","adv-header-id-meta":"","stick-header-meta":"","header-above-stick-meta":"","header-main-stick-meta":"","header-below-stick-meta":"","astra-migrate-meta-layouts":"default","ast-page-background-enabled":"default","ast-page-background-meta":{"desktop":{"background-color":"var(--ast-global-color-4)","background-image":"","background-repeat":"repeat","background-position":"center center","background-size":"auto","background-attachment":"scroll","background-type":"","background-media":"","overlay-type":"","overlay-color":"","overlay-opacity":"","overlay-gradient":""},"tablet":{"background-color":"","background-image":"","background-repeat":"repeat","background-position":"center center","background-size":"auto","background-attachment":"scroll","background-type":"","background-media":"","overlay-type":"","overlay-color":"","overlay-opacity":"","overlay-gradient":""},"mobile":{"background-color":"","background-image":"","background-repeat":"repeat","background-position":"center center","background-size":"auto","background-attachment":"scroll","background-type":"","background-media":"","overlay-type":"","overlay-color":"","overlay-opacity":"","overlay-gradient":""}},"ast-content-background-meta":{"desktop":{"background-color":"var(--ast-global-color-5)","background-image":"","background-repeat":"repeat","background-position":"center center","background-size":"auto","background-attachment":"scroll","background-type":"","background-media":"","overlay-type":"","overlay-color":"","overlay-opacity":"","overlay-gradient":""},"tablet":{"background-color":"var(--ast-global-color-5)","background-image":"","background-repeat":"repeat","background-position":"center center","background-size":"auto","background-attachment":"scroll","background-type":"","background-media":"","overlay-type":"","overlay-color":"","overlay-opacity":"","overlay-gradient":""},"mobile":{"background-color":"var(--ast-global-color-5)","background-image":"","background-repeat":"repeat","background-position":"center center","background-size":"auto","background-attachment":"scroll","background-type":"","background-media":"","overlay-type":"","overlay-color":"","overlay-opacity":"","overlay-gradient":""}},"footnotes":""},"categories":[8],"tags":[41,40],"class_list":["post-4710","post","type-post","status-publish","format-standard","has-post-thumbnail","hentry","category-noticias","tag-amlo-feminismo","tag-feminismo-mexico"],"_links":{"self":[{"href":"https:\/\/losperiodistas.com.mx\/portal\/wp-json\/wp\/v2\/posts\/4710","targetHints":{"allow":["GET"]}}],"collection":[{"href":"https:\/\/losperiodistas.com.mx\/portal\/wp-json\/wp\/v2\/posts"}],"about":[{"href":"https:\/\/losperiodistas.com.mx\/portal\/wp-json\/wp\/v2\/types\/post"}],"author":[{"embeddable":true,"href":"https:\/\/losperiodistas.com.mx\/portal\/wp-json\/wp\/v2\/users\/1"}],"replies":[{"embeddable":true,"href":"https:\/\/losperiodistas.com.mx\/portal\/wp-json\/wp\/v2\/comments?post=4710"}],"version-history":[{"count":1,"href":"https:\/\/losperiodistas.com.mx\/portal\/wp-json\/wp\/v2\/posts\/4710\/revisions"}],"predecessor-version":[{"id":4712,"href":"https:\/\/losperiodistas.com.mx\/portal\/wp-json\/wp\/v2\/posts\/4710\/revisions\/4712"}],"wp:featuredmedia":[{"embeddable":true,"href":"https:\/\/losperiodistas.com.mx\/portal\/wp-json\/wp\/v2\/media\/4711"}],"wp:attachment":[{"href":"https:\/\/losperiodistas.com.mx\/portal\/wp-json\/wp\/v2\/media?parent=4710"}],"wp:term":[{"taxonomy":"category","embeddable":true,"href":"https:\/\/losperiodistas.com.mx\/portal\/wp-json\/wp\/v2\/categories?post=4710"},{"taxonomy":"post_tag","embeddable":true,"href":"https:\/\/losperiodistas.com.mx\/portal\/wp-json\/wp\/v2\/tags?post=4710"}],"curies":[{"name":"wp","href":"https:\/\/api.w.org\/{rel}","templated":true}]}}