{"id":4704,"date":"2021-02-18T08:35:13","date_gmt":"2021-02-18T14:35:13","guid":{"rendered":"http:\/\/losperiodistas.com.mx\/portal\/?p=4704"},"modified":"2021-02-18T08:35:14","modified_gmt":"2021-02-18T14:35:14","slug":"pele-reconoce-que-tuvo-tantas-aventuras-amorosas-que-no-sabia-cuantos-hijos-tenia-rt","status":"publish","type":"post","link":"https:\/\/losperiodistas.com.mx\/portal\/pele-reconoce-que-tuvo-tantas-aventuras-amorosas-que-no-sabia-cuantos-hijos-tenia-rt\/","title":{"rendered":"Pel\u00e9 reconoce que tuvo tantas aventuras amorosas que no sab\u00eda cu\u00e1ntos hijos ten\u00eda | RT"},"content":{"rendered":"\n<p style=\"font-size:18px\"><em>El exfutbolista brasile\u00f1o habl\u00f3 de su vida privada en un documental que se estrenar\u00e1 la semana pr\u00f3xima.<\/em><\/p>\n\n\n\n<p class=\"has-vivid-cyan-blue-color has-text-color has-medium-font-size\">RT<\/p>\n\n\n\n<p>Un documental que se estrenar\u00e1 la pr\u00f3xima semana en la plataforma Netflix repasa la&nbsp;<a href=\"https:\/\/actualidad.rt.com\/actualidad\/258345-padre-copa-mundo-pele-rt-biografia\" target=\"_blank\" rel=\"noreferrer noopener\">carrera<\/a>&nbsp;y la vida privada del astro brasile\u00f1o Edson Arantes do Nascimento, Pel\u00e9, quien&nbsp;<a href=\"https:\/\/as.com\/tikitakas\/2021\/02\/18\/portada\/1613634347_807501.html\" target=\"_blank\" rel=\"noreferrer noopener\">habla<\/a>&nbsp;sobre su trayectoria y tambi\u00e9n aborda su relaci\u00f3n con las mujeres. All\u00ed admite que&nbsp;<strong>desconoc\u00eda cu\u00e1ntos hijos ten\u00eda.<\/strong><\/p>\n\n\n\n<p>\u00abCon total honestidad, he tenido unos cuantos &#8216;affaires&#8217;, algunos de los cuales acabaron en hijos, pero solo me enter\u00e9 de la existencia de ellos m\u00e1s tarde\u00bb, cont\u00f3 el exfutbolista, de 80 a\u00f1os, campe\u00f3n del mundo con su selecci\u00f3n en tres oportunidades.<\/p>\n\n\n\n<figure class=\"wp-block-image\"><img decoding=\"async\" src=\"https:\/\/cdni.rt.com\/actualidad\/public_images\/2020.12\/thumbnail\/5fc82d8de9ff714d8923ad63.JPG\" alt=\"&quot;Eres incomparable&quot;: La emotiva carta de Pel\u00e9 a Maradona a siete d\u00edas del fallecimiento del astro argentino\"\/><\/figure>\n\n\n\n<p><a href=\"https:\/\/actualidad.rt.com\/actualidad\/375591-incomparable-emotiva-carta-pele-maradona\">\u00abEres incomparable\u00bb: La emotiva carta de Pel\u00e9 a Maradona a siete d\u00edas del fallecimiento del astro argentino<\/a><\/p>\n\n\n\n<p>Pel\u00e9 tiene&nbsp;<a href=\"https:\/\/www.larazon.es\/deportes\/20210218\/m2yztfvfm5bqxpzlg3xlwvjqg4.html\" target=\"_blank\" rel=\"noreferrer noopener\">siete hijos conocidos<\/a>. Cinco con sus dos primeras esposas, Rosemeri dos Reis Cholbi y Ass\u00edria Lemos Seixas. Adem\u00e1s, tras una relaci\u00f3n con la empleada dom\u00e9stica&nbsp;Anisia Machado naci\u00f3 Sandra Machado, cuya&nbsp;<strong>paternidad fue confirmada por la Justicia<\/strong>&nbsp;en 1996, quien muri\u00f3 de c\u00e1ncer diez a\u00f1os despu\u00e9s.<\/p>\n\n\n\n<p>Otra hija extramatrimonial es Flavia, de 52 a\u00f1os, fruto de su relaci\u00f3n con la periodista Lenita Kurtz.<\/p>\n\n\n\n<p>Sobre su primer matrimonio, Pel\u00e9 record\u00f3 que no estaba enamorado. \u00abMe cas\u00e9 con ella porque la conoc\u00ed cuando era muy joven. Me gustaba mucho. Pero esa pasi\u00f3n cuando est\u00e1s locamente enamorado\u2026 no ten\u00edamos nada de eso\u00bb, confes\u00f3.<\/p>\n\n\n\n<h3 class=\"wp-block-heading\">Relaciones abiertas<\/h3>\n\n\n\n<p>El astro brasile\u00f1o&nbsp;cont\u00f3 tambi\u00e9n en el documental que nunca escondi\u00f3 que ten\u00eda relaciones con otras mujeres. \u00abMi primera mujer, mi primera novia, los sab\u00eda.&nbsp;<strong>Nunca ment\u00ed\u00bb,<\/strong>&nbsp;afirm\u00f3. Su primer matrimonio termin\u00f3 en 1982 cuando se lo vincul\u00f3 con la cantante, modelo y animadora infantil Mar\u00eda da Gra\u00e7a Meneghel, conocida como Xuxa, quien tiempo despu\u00e9s reconoci\u00f3: \u00abDijo que era una&nbsp;<strong>relaci\u00f3n abierta,<\/strong>&nbsp;pero abierta s\u00f3lo para \u00e9l\u00bb.<\/p>\n\n\n\n<p>Tras su divorcio de Lemos Seixas, en 2008, Pel\u00e9 se cas\u00f3 con Marcia Cibele Aoki, su tercera esposa, en 2016.\u00a0<\/p>\n\n\n\n<p>Fuente: https:\/\/actualidad.rt.com\/actualidad\/383942-pele-aventuras-amorosas-desconocer-cantidad-hijos<\/p>\n","protected":false},"excerpt":{"rendered":"<p>El exfutbolista brasile\u00f1o habl\u00f3 de su vida privada en un documental que se estrenar\u00e1 la semana pr\u00f3xima. RT Un documental [&hellip;]<\/p>\n","protected":false},"author":1,"featured_media":4705,"comment_status":"open","ping_status":"open","sticky":false,"template":"","format":"standard","meta":{"site-sidebar-layout":"default","site-content-layout":"","ast-site-content-layout":"default","site-content-style":"default","site-sidebar-style":"default","ast-global-header-display":"","ast-banner-title-visibility":"","ast-main-header-display":"","ast-hfb-above-header-display":"","ast-hfb-below-header-display":"","ast-hfb-mobile-header-display":"","site-post-title":"","ast-breadcrumbs-content":"","ast-featured-img":"","footer-sml-layout":"","theme-transparent-header-meta":"","adv-header-id-meta":"","stick-header-meta":"","header-above-stick-meta":"","header-main-stick-meta":"","header-below-stick-meta":"","astra-migrate-meta-layouts":"default","ast-page-background-enabled":"default","ast-page-background-meta":{"desktop":{"background-color":"var(--ast-global-color-4)","background-image":"","background-repeat":"repeat","background-position":"center center","background-size":"auto","background-attachment":"scroll","background-type":"","background-media":"","overlay-type":"","overlay-color":"","overlay-opacity":"","overlay-gradient":""},"tablet":{"background-color":"","background-image":"","background-repeat":"repeat","background-position":"center center","background-size":"auto","background-attachment":"scroll","background-type":"","background-media":"","overlay-type":"","overlay-color":"","overlay-opacity":"","overlay-gradient":""},"mobile":{"background-color":"","background-image":"","background-repeat":"repeat","background-position":"center center","background-size":"auto","background-attachment":"scroll","background-type":"","background-media":"","overlay-type":"","overlay-color":"","overlay-opacity":"","overlay-gradient":""}},"ast-content-background-meta":{"desktop":{"background-color":"var(--ast-global-color-5)","background-image":"","background-repeat":"repeat","background-position":"center center","background-size":"auto","background-attachment":"scroll","background-type":"","background-media":"","overlay-type":"","overlay-color":"","overlay-opacity":"","overlay-gradient":""},"tablet":{"background-color":"var(--ast-global-color-5)","background-image":"","background-repeat":"repeat","background-position":"center center","background-size":"auto","background-attachment":"scroll","background-type":"","background-media":"","overlay-type":"","overlay-color":"","overlay-opacity":"","overlay-gradient":""},"mobile":{"background-color":"var(--ast-global-color-5)","background-image":"","background-repeat":"repeat","background-position":"center center","background-size":"auto","background-attachment":"scroll","background-type":"","background-media":"","overlay-type":"","overlay-color":"","overlay-opacity":"","overlay-gradient":""}},"footnotes":""},"categories":[8],"tags":[],"class_list":["post-4704","post","type-post","status-publish","format-standard","has-post-thumbnail","hentry","category-noticias"],"_links":{"self":[{"href":"https:\/\/losperiodistas.com.mx\/portal\/wp-json\/wp\/v2\/posts\/4704","targetHints":{"allow":["GET"]}}],"collection":[{"href":"https:\/\/losperiodistas.com.mx\/portal\/wp-json\/wp\/v2\/posts"}],"about":[{"href":"https:\/\/losperiodistas.com.mx\/portal\/wp-json\/wp\/v2\/types\/post"}],"author":[{"embeddable":true,"href":"https:\/\/losperiodistas.com.mx\/portal\/wp-json\/wp\/v2\/users\/1"}],"replies":[{"embeddable":true,"href":"https:\/\/losperiodistas.com.mx\/portal\/wp-json\/wp\/v2\/comments?post=4704"}],"version-history":[{"count":1,"href":"https:\/\/losperiodistas.com.mx\/portal\/wp-json\/wp\/v2\/posts\/4704\/revisions"}],"predecessor-version":[{"id":4706,"href":"https:\/\/losperiodistas.com.mx\/portal\/wp-json\/wp\/v2\/posts\/4704\/revisions\/4706"}],"wp:featuredmedia":[{"embeddable":true,"href":"https:\/\/losperiodistas.com.mx\/portal\/wp-json\/wp\/v2\/media\/4705"}],"wp:attachment":[{"href":"https:\/\/losperiodistas.com.mx\/portal\/wp-json\/wp\/v2\/media?parent=4704"}],"wp:term":[{"taxonomy":"category","embeddable":true,"href":"https:\/\/losperiodistas.com.mx\/portal\/wp-json\/wp\/v2\/categories?post=4704"},{"taxonomy":"post_tag","embeddable":true,"href":"https:\/\/losperiodistas.com.mx\/portal\/wp-json\/wp\/v2\/tags?post=4704"}],"curies":[{"name":"wp","href":"https:\/\/api.w.org\/{rel}","templated":true}]}}