{"id":4659,"date":"2021-02-17T07:53:36","date_gmt":"2021-02-17T13:53:36","guid":{"rendered":"http:\/\/losperiodistas.com.mx\/portal\/?p=4659"},"modified":"2021-02-17T07:53:38","modified_gmt":"2021-02-17T13:53:38","slug":"los-casos-diarios-de-covid-19-en-el-mundo-bajan-a-220-000-la-menor-cifra-en-casi-medio-ano-cadena-ser","status":"publish","type":"post","link":"https:\/\/losperiodistas.com.mx\/portal\/los-casos-diarios-de-covid-19-en-el-mundo-bajan-a-220-000-la-menor-cifra-en-casi-medio-ano-cadena-ser\/","title":{"rendered":"Los casos diarios de COVID-19 en el mundo bajan a 220.000, la menor cifra en casi medio a\u00f1o | Cadena SER"},"content":{"rendered":"\n<p style=\"font-size:18px\"><em>La cifra de fallecidos diaria es 7.202, la m\u00e1s baja desde el 1o de noviembre, seg\u00fan la OMS<\/em><\/p>\n\n\n\n<p class=\"has-vivid-cyan-blue-color has-text-color has-medium-font-size\">EFE \/ CADENA SER<\/p>\n\n\n\n<p>La&nbsp;<a href=\"https:\/\/cadenaser.com\/tag\/oms_organizacion_mundial_salud\/a\/\">Organizaci\u00f3n Mundial de la Salud<\/a>&nbsp;(OMS) notific\u00f3 este mi\u00e9rcoles&nbsp;<strong>220.000 nuevos casos<\/strong>&nbsp;en el mundo de&nbsp;<a href=\"https:\/\/cadenaser.com\/tag\/covid_19\/a\/\">COVID-19<\/a>&nbsp;en las \u00faltimas 24 horas, la cifra m\u00e1s baja desde que el 1 de septiembre del pasado a\u00f1o se registrara un n\u00famero similar de contagios diarios. Esta cifra diaria, que sin embargo podr\u00eda aumentar ligeramente en las pr\u00f3ximas jornadas (suele haber repuntes todos los fines de semana), es casi&nbsp;<strong>cuatro veces menor al r\u00e9cord alcanzado el 20 de diciembre de 2020<\/strong>, cuando la OMS notific\u00f3 843.000 nuevos casos en el mundo en s\u00f3lo 24 horas.<\/p>\n\n\n\n<p>Adem\u00e1s la OMS inform\u00f3 de&nbsp;<strong>7.202 muertes en la pasada jornada<\/strong>&nbsp;(la cifra m\u00e1s baja desde el 10 de noviembre), cuando hace menos de un mes se alcanz\u00f3 un r\u00e9cord de m\u00e1s de 16.600 fallecidos en 24 horas.<\/p>\n\n\n\n<p>La organizaci\u00f3n con sede en Ginebra notific\u00f3 por otro lado que en&nbsp;<strong>la semana pasada<\/strong>&nbsp;se registr\u00f3&nbsp;<strong>un descenso del 16 por ciento en los nuevos casos<\/strong>&nbsp;(2,7 millones) y del 10 por cien en los fallecidos (81.000) con respecto a los siete d\u00edas anteriores.<\/p>\n\n\n\n<p>M\u00c1S INFORMACI\u00d3N<\/p>\n\n\n\n<ul class=\"wp-block-list\"><li class=\"\"><a href=\"https:\/\/cadenaser.com\/programa\/2021\/02\/17\/hoy_por_hoy\/1613542258_527373.html?int=masinfo\">Los siguientes grupos a los que se vacunar\u00e1: manda la edad y no el colectivo<\/a><\/li><li class=\"\"><a href=\"https:\/\/cadenaser.com\/emisora\/2021\/02\/17\/radio_valencia\/1613554876_261222.html?int=masinfo\">Pedro Duque: \u00abSi me sub\u00ed a un cohete ruso, \u00bfc\u00f3mo no me pondr\u00eda su vacuna si la autorizan?\u00bb<\/a><\/li><li class=\"\"><a href=\"https:\/\/cadenaser.com\/ser\/2021\/02\/17\/internacional\/1613558953_394225.html?int=masinfo\">Pfizer y BioNTech acuerdan suministrar a la UE 200 millones de dosis m\u00e1s<\/a><\/li><li class=\"\"><a href=\"https:\/\/cadenaser.com\/ser\/2021\/02\/17\/sociedad\/1613561182_702493.html?int=masinfo\">Janssen solicita a la UE la aprobaci\u00f3n de su vacuna del coronavirus<\/a><\/li><\/ul>\n\n\n\n<p><strong>\u00c1frica y Asia Oriental<\/strong>&nbsp;tuvieron los&nbsp;<strong>descensos m\u00e1s destacados<\/strong>&nbsp;<strong>en casos<\/strong>, del 20 por ciento, mientras que en Europa el descenso fue del 18 por cien, en Am\u00e9rica del 16 por cien, en el sur de Asia del 13 por cien, y Oriente Medio fue la excepci\u00f3n, con una subida del 7 por cien en los positivos.<\/p>\n\n\n\n<p><strong>\u00c1frica y Europa<\/strong>&nbsp;fueron las regiones donde el&nbsp;<strong>descenso de los fallecimientos fue mayor<\/strong>&nbsp;(21 y 19 por ciento respectivamente), aunque el descenso fue generalizado, incluso en Oriente Medio.<\/p>\n\n\n\n<p>La OMS contin\u00faa en sus informes semanales el seguimiento a las\u00a0<strong>variantes brit\u00e1nica, sudafricana y brasile\u00f1a<\/strong>\u00a0del coronavirus causante de la COVID-19, m\u00e1s contagiosas que las cepas originales. La brit\u00e1nica, seg\u00fan la organizaci\u00f3n, se ha detectado ya en 94 pa\u00edses, la sudafricana en 46 y la brasile\u00f1a en 21.<\/p>\n\n\n\n<p>Fuente: https:\/\/cadenaser.com\/ser\/2021\/02\/17\/internacional\/1613565690_797778.html<\/p>\n","protected":false},"excerpt":{"rendered":"<p>La cifra de fallecidos diaria es 7.202, la m\u00e1s baja desde el 1o de noviembre, seg\u00fan la OMS EFE \/ [&hellip;]<\/p>\n","protected":false},"author":1,"featured_media":4660,"comment_status":"open","ping_status":"open","sticky":false,"template":"","format":"standard","meta":{"site-sidebar-layout":"default","site-content-layout":"","ast-site-content-layout":"default","site-content-style":"default","site-sidebar-style":"default","ast-global-header-display":"","ast-banner-title-visibility":"","ast-main-header-display":"","ast-hfb-above-header-display":"","ast-hfb-below-header-display":"","ast-hfb-mobile-header-display":"","site-post-title":"","ast-breadcrumbs-content":"","ast-featured-img":"","footer-sml-layout":"","theme-transparent-header-meta":"","adv-header-id-meta":"","stick-header-meta":"","header-above-stick-meta":"","header-main-stick-meta":"","header-below-stick-meta":"","astra-migrate-meta-layouts":"default","ast-page-background-enabled":"default","ast-page-background-meta":{"desktop":{"background-color":"var(--ast-global-color-4)","background-image":"","background-repeat":"repeat","background-position":"center center","background-size":"auto","background-attachment":"scroll","background-type":"","background-media":"","overlay-type":"","overlay-color":"","overlay-opacity":"","overlay-gradient":""},"tablet":{"background-color":"","background-image":"","background-repeat":"repeat","background-position":"center center","background-size":"auto","background-attachment":"scroll","background-type":"","background-media":"","overlay-type":"","overlay-color":"","overlay-opacity":"","overlay-gradient":""},"mobile":{"background-color":"","background-image":"","background-repeat":"repeat","background-position":"center center","background-size":"auto","background-attachment":"scroll","background-type":"","background-media":"","overlay-type":"","overlay-color":"","overlay-opacity":"","overlay-gradient":""}},"ast-content-background-meta":{"desktop":{"background-color":"var(--ast-global-color-5)","background-image":"","background-repeat":"repeat","background-position":"center center","background-size":"auto","background-attachment":"scroll","background-type":"","background-media":"","overlay-type":"","overlay-color":"","overlay-opacity":"","overlay-gradient":""},"tablet":{"background-color":"var(--ast-global-color-5)","background-image":"","background-repeat":"repeat","background-position":"center center","background-size":"auto","background-attachment":"scroll","background-type":"","background-media":"","overlay-type":"","overlay-color":"","overlay-opacity":"","overlay-gradient":""},"mobile":{"background-color":"var(--ast-global-color-5)","background-image":"","background-repeat":"repeat","background-position":"center center","background-size":"auto","background-attachment":"scroll","background-type":"","background-media":"","overlay-type":"","overlay-color":"","overlay-opacity":"","overlay-gradient":""}},"footnotes":""},"categories":[8],"tags":[38],"class_list":["post-4659","post","type-post","status-publish","format-standard","has-post-thumbnail","hentry","category-noticias","tag-covid-19"],"_links":{"self":[{"href":"https:\/\/losperiodistas.com.mx\/portal\/wp-json\/wp\/v2\/posts\/4659","targetHints":{"allow":["GET"]}}],"collection":[{"href":"https:\/\/losperiodistas.com.mx\/portal\/wp-json\/wp\/v2\/posts"}],"about":[{"href":"https:\/\/losperiodistas.com.mx\/portal\/wp-json\/wp\/v2\/types\/post"}],"author":[{"embeddable":true,"href":"https:\/\/losperiodistas.com.mx\/portal\/wp-json\/wp\/v2\/users\/1"}],"replies":[{"embeddable":true,"href":"https:\/\/losperiodistas.com.mx\/portal\/wp-json\/wp\/v2\/comments?post=4659"}],"version-history":[{"count":1,"href":"https:\/\/losperiodistas.com.mx\/portal\/wp-json\/wp\/v2\/posts\/4659\/revisions"}],"predecessor-version":[{"id":4661,"href":"https:\/\/losperiodistas.com.mx\/portal\/wp-json\/wp\/v2\/posts\/4659\/revisions\/4661"}],"wp:featuredmedia":[{"embeddable":true,"href":"https:\/\/losperiodistas.com.mx\/portal\/wp-json\/wp\/v2\/media\/4660"}],"wp:attachment":[{"href":"https:\/\/losperiodistas.com.mx\/portal\/wp-json\/wp\/v2\/media?parent=4659"}],"wp:term":[{"taxonomy":"category","embeddable":true,"href":"https:\/\/losperiodistas.com.mx\/portal\/wp-json\/wp\/v2\/categories?post=4659"},{"taxonomy":"post_tag","embeddable":true,"href":"https:\/\/losperiodistas.com.mx\/portal\/wp-json\/wp\/v2\/tags?post=4659"}],"curies":[{"name":"wp","href":"https:\/\/api.w.org\/{rel}","templated":true}]}}