{"id":4650,"date":"2021-02-17T06:59:04","date_gmt":"2021-02-17T12:59:04","guid":{"rendered":"http:\/\/losperiodistas.com.mx\/portal\/?p=4650"},"modified":"2021-02-17T06:59:06","modified_gmt":"2021-02-17T12:59:06","slug":"devaluacion-apagones-y-la-iniciativa-de-reforma-a-la-cfe-de-amlo-la-tormenta-perfecta-sobre-la-economia-mexicana-infobae","status":"publish","type":"post","link":"https:\/\/losperiodistas.com.mx\/portal\/devaluacion-apagones-y-la-iniciativa-de-reforma-a-la-cfe-de-amlo-la-tormenta-perfecta-sobre-la-economia-mexicana-infobae\/","title":{"rendered":"Devaluaci\u00f3n, apagones y la iniciativa de reforma a la CFE de AMLO: la tormenta perfecta sobre la econom\u00eda mexicana | Infobae"},"content":{"rendered":"\n<p style=\"font-size:18px\"><em>La iniciativa ya hab\u00eda generado especulaci\u00f3n econ\u00f3mica&#8230; y esta se reforz\u00f3 con las fallas el\u00e9ctricas de los \u00faltimos d\u00edas<\/em><\/p>\n\n\n\n<p class=\"has-vivid-cyan-blue-color has-text-color has-medium-font-size\">ALICIA MIRELES \/ INFOBAE<\/p>\n\n\n\n<p>Este martes se cumpli\u00f3<strong>&nbsp;la segunda jornada de apagones<\/strong>, algunos constantes otros permanentes, en toda la zona norte de M\u00e9xico. El gobierno federal argument\u00f3 que la ola g\u00e9lida proveniente del estado fronterizo de Texas, Estados Unidos, hab\u00eda desencadenado dicha problem\u00e1tica.&nbsp;<strong>El peso mexicano amaneci\u00f3 este 16 de febrero como la divisa m\u00e1s devaluada<\/strong>. Y desde el punto de vista econ\u00f3mico ambos eventos est\u00e1n directamente<strong>&nbsp;ligados con un tercer factor: la reforma el\u00e9ctrica del presidente&nbsp;<\/strong>Andr\u00e9s Manuel L\u00f3pez Obrador (AMLO).<\/p>\n\n\n\n<p>Sumado a la ya de por s\u00ed masacrante crisis econ\u00f3mica del COVID-19, la econom\u00eda mexicana, en el \u00faltimo par de d\u00edas, de ha visto azotada por la&nbsp;<strong>emergencia de electricidad<\/strong>. Y es que en solo estos dos d\u00edas,<mark>&nbsp;los apagones afectaron a m\u00e1s de 300 empresas en la zona norte del pa\u00eds<\/mark>, que ya estiman&nbsp;<strong>p\u00e9rdidas millonarias&nbsp;<\/strong>como consecuencia.<\/p>\n\n\n\n<p>\u201cEl restablecimiento del servicio el\u00e9ctrico hacia hogares confiamos ir\u00e1 recuper\u00e1ndose de forma paulatina; sin embargo,&nbsp;<strong>es altamente probable que para el sector industrial del noreste de M\u00e9xico la situaci\u00f3n en los centros productivos pudiera ser m\u00e1s inestable<\/strong>\u201d, advirti\u00f3 Caintra, el organismo de representaci\u00f3n industrial en Nuevo Le\u00f3n.<img fetchpriority=\"high\" decoding=\"async\" alt=\"(FOTO: CRISANTA ESPINOSA AGUILAR \/CUARTOSCURO.COM)\" height=\"1280\" src=\"https:\/\/www.infobae.com\/new-resizer\/0_-U0AhVDZXUs-w6QusMBokbWsY=\/420x280\/filters:format(jpg):quality(85)\/\/cloudfront-us-east-1.images.arcpublishing.com\/infobae\/OVVGLK5WIJE2RFST6T4LFJ2T3A.jpeg\" width=\"1920\">(FOTO: CRISANTA ESPINOSA AGUILAR \/CUARTOSCURO.COM)<\/p>\n\n\n\n<p>Algunos l\u00edderes empresariales vaticinan, adem\u00e1s, que&nbsp;<strong>esta no ser\u00e1 la \u00fanica ocasi\u00f3n en la que se vean sin el servicio el\u00e9ctrico, derivado de las decisiones en materia el\u00e9ctrica<\/strong>&nbsp;emprendidas por el presidente Andr\u00e9s Manuel L\u00f3pez Obrador.<\/p>\n\n\n\n<p>Por ejemplo, Carlos Gonz\u00e1lez Silva, presidente de la C\u00e1mara Nacional de la Industria de Transformaci\u00f3n (Canacintra) en Torre\u00f3n, municipio del estado de Coahuila. Seg\u00fan recogi\u00f3 Milenio, el l\u00edder industrial lament\u00f3 que este no ser\u00e1 el primero ni el \u00faltimo apag\u00f3n, principalmente&nbsp;<mark>por el freno a las pol\u00edticas de inversi\u00f3n privada para la renovaci\u00f3n de equipo e infraestructura de la CFE<\/mark>, posibilidades que se fueron con la Reforma Energ\u00e9tica.<\/p>\n\n\n\n<p>El pasado primero de febrero, el presidente L\u00f3pez Obrador&nbsp;<a href=\"https:\/\/www.infobae.com\/america\/mexico\/2021\/02\/01\/amlo-envio-iniciativa-preferente-al-congreso-reformaria-la-industria-electrica-para-favorecer-a-cfe\/\" target=\"_blank\" rel=\"noreferrer noopener\">envi\u00f3 al Congreso mexicano una iniciativa preferente<\/a>&nbsp;que busca reformar la industria el\u00e9ctrica para fortalecer a la Comisi\u00f3n Federal de Electricidad (CFE), empresa productiva del estado, por encima de las energ\u00edas limpias y las empresas privadas. Y reiter\u00f3 despu\u00e9s<a href=\"https:\/\/www.infobae.com\/america\/mexico\/2021\/02\/09\/amlo-contundente-no-cambiara-ni-una-coma-de-su-iniciativa-de-ley-para-proteger-a-cfe\/\" target=\"_blank\" rel=\"noreferrer noopener\">&nbsp;que no cambiar\u00eda \u201cni una coma\u201d<\/a>&nbsp;a su propuesta. Seg\u00fan ha insistido el mandatario, dicha reforma tiene como&nbsp;<mark>objetivos principales que el precio de la electricidad no suba y fortalecer a la CFE<\/mark>.<img decoding=\"async\" alt=\"(Foto: EFE\/ Jos\u00e9 Pazos)\n\" height=\"1641\" src=\"https:\/\/www.infobae.com\/new-resizer\/wjhZ7UkVegsyC52BzzxRtcVhQsg=\/420x280\/filters:format(jpg):quality(85)\/\/cloudfront-us-east-1.images.arcpublishing.com\/infobae\/47DLGIPSTFGKHBVT4UUYKY5FRY.jpg\" width=\"2462\">(Foto: EFE\/ Jos\u00e9 Pazos)<\/p>\n\n\n\n<p>Y es precisamente&nbsp;<strong>ah\u00ed donde los tres hechos se embonan, resultando en una grave devaluaci\u00f3n del peso mexicano<\/strong>. \u201cHoy (martes) en la ma\u00f1ana el peso mexicano era la moneda m\u00e1s depreciada y<mark>&nbsp;super\u00f3 el nivel t\u00e9cnico importante de 20 pesos por d\u00f3lar precisamente por una mayor aversi\u00f3n al riesgo sobre la econom\u00eda<\/mark>\u201d, explic\u00f3, consultada por&nbsp;<mark><em><strong>Infobae<\/strong><\/em><\/mark>,&nbsp;<strong>Gabriela Siller<\/strong>, directora de An\u00e1lisis Econ\u00f3mico y Financiero de Grupo Financiero BASE.<\/p>\n\n\n\n<p>La economista continu\u00f3 se\u00f1alando que esa situaci\u00f3n \u201cse da como&nbsp;<mark>respuesta a la iniciativa de reforma el\u00e9ctrica y a seguir con esta idea<\/mark>, a pesar de estos eventos que se han suscitado en d\u00f3nde una gran parte de la poblaci\u00f3n se han quedado sin luz durante el fr\u00edo extremo\u201d.<\/p>\n\n\n\n<p><mark>\u00bfPor qu\u00e9?<\/mark>&nbsp;Una de las razones por las que una moneda se deval\u00faa es&nbsp;<strong>la falta de confianza en la econom\u00eda local de su pa\u00eds<\/strong>. A eso se refiere Siller al apuntar a una mayor aversi\u00f3n al riesgo. Es decir, con los apagones, ocurridos tras la cuestionable \u2013al interior y exterior de M\u00e9xico\u2013 propuesta el\u00e9ctrica del presidente,&nbsp;<strong>se proyecta inestabilidad en la divisa mexicana, lo que hace que pierda confianza.<\/strong><img decoding=\"async\" alt=\"(Foto: REUTERS \/ Daniel Becerril)\" height=\"533\" src=\"https:\/\/www.infobae.com\/new-resizer\/ODVFOVAQs2fBmKVRxMP9QQPmREI=\/420x280\/filters:format(jpg):quality(85)\/\/cloudfront-us-east-1.images.arcpublishing.com\/infobae\/U4PDIST6EQH3BXXTLESET5N43U.jpg\" width=\"800\">(Foto: REUTERS \/ Daniel Becerril)<\/p>\n\n\n\n<p>Entonces escenarios como el de los apagones son enteramente responsabilidad de la labor de la CFE. Mientras que el hecho de que se est\u00e9 avanzando en direcci\u00f3n a darle a ese organismo m\u00e1s poder y un trato primordial en el suministro de energ\u00eda el\u00e9ctrica para todo el pa\u00eds,&nbsp;<strong>hace que la moneda, por ejemplo este martes, amanezca tan devaluada.<\/strong><\/p>\n\n\n\n<p>Y,\u00a0<mark>\u00bfcu\u00e1l ser\u00eda una soluci\u00f3n inmediata para este problema?<\/mark>\u00a0\u201cProbablemente una respuesta donde\u00a0<strong>se hable de trabajar para mejorar, incluyendo la participaci\u00f3n del sector privado<\/strong>\u201d, concluy\u00f3 la experta en econom\u00eda.<\/p>\n\n\n\n<p>Fuente: https:\/\/www.infobae.com\/america\/mexico\/2021\/02\/17\/devaluacion-apagones-y-la-iniciativa-de-reforma-a-la-cfe-de-amlo-la-tormenta-perfecta-sobre-la-economia-mexicana\/<\/p>\n","protected":false},"excerpt":{"rendered":"<p>La iniciativa ya hab\u00eda generado especulaci\u00f3n econ\u00f3mica&#8230; y esta se reforz\u00f3 con las fallas el\u00e9ctricas de los \u00faltimos d\u00edas ALICIA [&hellip;]<\/p>\n","protected":false},"author":1,"featured_media":4651,"comment_status":"open","ping_status":"open","sticky":false,"template":"","format":"standard","meta":{"site-sidebar-layout":"default","site-content-layout":"","ast-site-content-layout":"default","site-content-style":"default","site-sidebar-style":"default","ast-global-header-display":"","ast-banner-title-visibility":"","ast-main-header-display":"","ast-hfb-above-header-display":"","ast-hfb-below-header-display":"","ast-hfb-mobile-header-display":"","site-post-title":"","ast-breadcrumbs-content":"","ast-featured-img":"","footer-sml-layout":"","theme-transparent-header-meta":"","adv-header-id-meta":"","stick-header-meta":"","header-above-stick-meta":"","header-main-stick-meta":"","header-below-stick-meta":"","astra-migrate-meta-layouts":"default","ast-page-background-enabled":"default","ast-page-background-meta":{"desktop":{"background-color":"var(--ast-global-color-4)","background-image":"","background-repeat":"repeat","background-position":"center center","background-size":"auto","background-attachment":"scroll","background-type":"","background-media":"","overlay-type":"","overlay-color":"","overlay-opacity":"","overlay-gradient":""},"tablet":{"background-color":"","background-image":"","background-repeat":"repeat","background-position":"center center","background-size":"auto","background-attachment":"scroll","background-type":"","background-media":"","overlay-type":"","overlay-color":"","overlay-opacity":"","overlay-gradient":""},"mobile":{"background-color":"","background-image":"","background-repeat":"repeat","background-position":"center center","background-size":"auto","background-attachment":"scroll","background-type":"","background-media":"","overlay-type":"","overlay-color":"","overlay-opacity":"","overlay-gradient":""}},"ast-content-background-meta":{"desktop":{"background-color":"var(--ast-global-color-5)","background-image":"","background-repeat":"repeat","background-position":"center center","background-size":"auto","background-attachment":"scroll","background-type":"","background-media":"","overlay-type":"","overlay-color":"","overlay-opacity":"","overlay-gradient":""},"tablet":{"background-color":"var(--ast-global-color-5)","background-image":"","background-repeat":"repeat","background-position":"center center","background-size":"auto","background-attachment":"scroll","background-type":"","background-media":"","overlay-type":"","overlay-color":"","overlay-opacity":"","overlay-gradient":""},"mobile":{"background-color":"var(--ast-global-color-5)","background-image":"","background-repeat":"repeat","background-position":"center center","background-size":"auto","background-attachment":"scroll","background-type":"","background-media":"","overlay-type":"","overlay-color":"","overlay-opacity":"","overlay-gradient":""}},"footnotes":""},"categories":[8],"tags":[33,34],"class_list":["post-4650","post","type-post","status-publish","format-standard","has-post-thumbnail","hentry","category-noticias","tag-apagones-mexico","tag-cfe"],"_links":{"self":[{"href":"https:\/\/losperiodistas.com.mx\/portal\/wp-json\/wp\/v2\/posts\/4650","targetHints":{"allow":["GET"]}}],"collection":[{"href":"https:\/\/losperiodistas.com.mx\/portal\/wp-json\/wp\/v2\/posts"}],"about":[{"href":"https:\/\/losperiodistas.com.mx\/portal\/wp-json\/wp\/v2\/types\/post"}],"author":[{"embeddable":true,"href":"https:\/\/losperiodistas.com.mx\/portal\/wp-json\/wp\/v2\/users\/1"}],"replies":[{"embeddable":true,"href":"https:\/\/losperiodistas.com.mx\/portal\/wp-json\/wp\/v2\/comments?post=4650"}],"version-history":[{"count":1,"href":"https:\/\/losperiodistas.com.mx\/portal\/wp-json\/wp\/v2\/posts\/4650\/revisions"}],"predecessor-version":[{"id":4652,"href":"https:\/\/losperiodistas.com.mx\/portal\/wp-json\/wp\/v2\/posts\/4650\/revisions\/4652"}],"wp:featuredmedia":[{"embeddable":true,"href":"https:\/\/losperiodistas.com.mx\/portal\/wp-json\/wp\/v2\/media\/4651"}],"wp:attachment":[{"href":"https:\/\/losperiodistas.com.mx\/portal\/wp-json\/wp\/v2\/media?parent=4650"}],"wp:term":[{"taxonomy":"category","embeddable":true,"href":"https:\/\/losperiodistas.com.mx\/portal\/wp-json\/wp\/v2\/categories?post=4650"},{"taxonomy":"post_tag","embeddable":true,"href":"https:\/\/losperiodistas.com.mx\/portal\/wp-json\/wp\/v2\/tags?post=4650"}],"curies":[{"name":"wp","href":"https:\/\/api.w.org\/{rel}","templated":true}]}}