{"id":4644,"date":"2021-02-17T06:41:04","date_gmt":"2021-02-17T12:41:04","guid":{"rendered":"http:\/\/losperiodistas.com.mx\/portal\/?p=4644"},"modified":"2021-02-17T06:41:06","modified_gmt":"2021-02-17T12:41:06","slug":"le-pido-al-presidente-no-defender-a-un-violador-dice-basilia-castaneda-sobre-su-denuncia-contra-felix-salgado-latinus","status":"publish","type":"post","link":"https:\/\/losperiodistas.com.mx\/portal\/le-pido-al-presidente-no-defender-a-un-violador-dice-basilia-castaneda-sobre-su-denuncia-contra-felix-salgado-latinus\/","title":{"rendered":"Le pido al presidente no defender a un violador, dice Basilia Casta\u00f1eda sobre su denuncia contra Felix Salgado | Latinus"},"content":{"rendered":"\n<p class=\"has-vivid-cyan-blue-color has-text-color has-medium-font-size\">LATINUS<\/p>\n\n\n\n<p>Basilia Casta\u00f1eda, quien present\u00f3 una denuncia por abuso sexual contra F\u00e9lix Salgado Macedonio, dijo este lunes que si el morenista llega a ganar las elecciones para gobernador del estado de Guerrero, su vida corre peligro.<\/p>\n\n\n\n<p>En conferencia de prensa, luego de acudir a una reuni\u00f3n con los abogados de Salgado Macedonio y con algunos integrantes de la Comisi\u00f3n de Honestidad y Justicia de Morena, Basilia consider\u00f3 que es el presidente de M\u00e9xico, Andr\u00e9s Manuel L\u00f3pez Obrador quien tiene la \u00faltima palabra para quitar la candidatura del senador con licencia.<\/p>\n\n\n\n<p>\u201cEl presidente tiene la \u00faltima palabra para retirar la candidatura de F\u00e9lix Salgado Macedonio. Esto no es una mentira, por eso estoy dando la cara. Le dir\u00eda (al presidente) que sea serio, que se ponga en el lugar de la v\u00edctima, no puede \u00e9l defender un violador, desde que pas\u00f3 todo esto me ha jodido la vida\u201d, se\u00f1al\u00f3.<\/p>\n\n\n\n<p><strong>Basilia<\/strong>&nbsp;reconoci\u00f3 tener \u201cmiedo\u201d de que Salgado Macedonio llegue a la gubernatura de Guerrero.<\/p>\n\n\n\n<p>\u201cYo tengo mucho miedo que este se\u00f1or sea gobernador, qu\u00e9 puedo esperar que vayan a mi casa. O que desaparezca como muchas otras\u201d, cuestion\u00f3.<\/p>\n\n\n\n<p>La mujer aclar\u00f3 que lo que est\u00e1 haciendo \u201cno se trata para tratar de que no llegue a ser gobernador. Aqu\u00ed hay un violador y c\u00f3mo tal se tiene que tratar\u201d.<\/p>\n\n\n\n<blockquote class=\"wp-block-quote is-style-large is-layout-flow wp-block-quote-is-layout-flow\"><p><strong>Te recomendamos:<\/strong>&nbsp;<a href=\"https:\/\/latinus.us\/2021\/02\/15\/mujeres-feministas-protestan-zocalo-exigen-amlo-revocar-candidatura-felix-salgado-macedonio-gubernatura-guerrero\/\">Feministas protestan en el Z\u00f3calo; exigen a AMLO revocar la precandidatura de Salgado Macedonio<\/a><\/p><\/blockquote>\n\n\n\n<p><strong>F\u00e9lix Salgado Macedonio<\/strong>, sumaba tres acusaciones por&nbsp;<strong>abuso sexual<\/strong>, seg\u00fan un documento de la&nbsp;<strong>Comisi\u00f3n Nacional de Honor y Justicia&nbsp;<\/strong>(<strong>CNHJ<\/strong>) el partido.<\/p>\n\n\n\n<p>\u201cLa promovente asegura haber sido violentada sexualmente por&nbsp;<strong>F\u00e9lix Salgado Macedonio<\/strong>,&nbsp;<a href=\"https:\/\/twitter.com\/FelixSalMac\">solicitando<\/a>&nbsp;se inicie un procedimiento de oficio y se le tenga a ella como tercera interesada\u201d, expone el documento publicado el 22 de enero por&nbsp;<strong>Morena<\/strong>.<\/p>\n\n\n\n<p>Sin embargo, el 21 de enero la&nbsp;<strong>Fiscal\u00eda de Guerrero<\/strong>&nbsp;inform\u00f3 que&nbsp;<strong>prescribi\u00f3<\/strong>&nbsp;una de las dos<strong>&nbsp;denuncias que hab\u00eda contra Salgado Macedonio por violaci\u00f3n<\/strong>.<\/p>\n\n\n\n<p>En un comunicado, la Fiscal\u00eda estatal inform\u00f3 que\u00a0<strong>prescribi\u00f3<\/strong>\u00a0la acci\u00f3n penal por delito de\u00a0<strong>violaci\u00f3n sexual<\/strong>\u00a0de la denuncia que present\u00f3 el a\u00f1o pasado una mujer por hechos que presuntamente ocurrieron hace 22 a\u00f1os.<\/p>\n\n\n\n<p>Fuente: https:\/\/latinus.us\/2021\/02\/15\/pido-presidente-defender-violador-basilia-castaneda-denuncia-felix-salgado\/<\/p>\n","protected":false},"excerpt":{"rendered":"<p>LATINUS Basilia Casta\u00f1eda, quien present\u00f3 una denuncia por abuso sexual contra F\u00e9lix Salgado Macedonio, dijo este lunes que si el [&hellip;]<\/p>\n","protected":false},"author":1,"featured_media":4645,"comment_status":"open","ping_status":"open","sticky":false,"template":"","format":"standard","meta":{"site-sidebar-layout":"default","site-content-layout":"","ast-site-content-layout":"default","site-content-style":"default","site-sidebar-style":"default","ast-global-header-display":"","ast-banner-title-visibility":"","ast-main-header-display":"","ast-hfb-above-header-display":"","ast-hfb-below-header-display":"","ast-hfb-mobile-header-display":"","site-post-title":"","ast-breadcrumbs-content":"","ast-featured-img":"","footer-sml-layout":"","theme-transparent-header-meta":"","adv-header-id-meta":"","stick-header-meta":"","header-above-stick-meta":"","header-main-stick-meta":"","header-below-stick-meta":"","astra-migrate-meta-layouts":"default","ast-page-background-enabled":"default","ast-page-background-meta":{"desktop":{"background-color":"var(--ast-global-color-4)","background-image":"","background-repeat":"repeat","background-position":"center center","background-size":"auto","background-attachment":"scroll","background-type":"","background-media":"","overlay-type":"","overlay-color":"","overlay-opacity":"","overlay-gradient":""},"tablet":{"background-color":"","background-image":"","background-repeat":"repeat","background-position":"center center","background-size":"auto","background-attachment":"scroll","background-type":"","background-media":"","overlay-type":"","overlay-color":"","overlay-opacity":"","overlay-gradient":""},"mobile":{"background-color":"","background-image":"","background-repeat":"repeat","background-position":"center center","background-size":"auto","background-attachment":"scroll","background-type":"","background-media":"","overlay-type":"","overlay-color":"","overlay-opacity":"","overlay-gradient":""}},"ast-content-background-meta":{"desktop":{"background-color":"var(--ast-global-color-5)","background-image":"","background-repeat":"repeat","background-position":"center center","background-size":"auto","background-attachment":"scroll","background-type":"","background-media":"","overlay-type":"","overlay-color":"","overlay-opacity":"","overlay-gradient":""},"tablet":{"background-color":"var(--ast-global-color-5)","background-image":"","background-repeat":"repeat","background-position":"center center","background-size":"auto","background-attachment":"scroll","background-type":"","background-media":"","overlay-type":"","overlay-color":"","overlay-opacity":"","overlay-gradient":""},"mobile":{"background-color":"var(--ast-global-color-5)","background-image":"","background-repeat":"repeat","background-position":"center center","background-size":"auto","background-attachment":"scroll","background-type":"","background-media":"","overlay-type":"","overlay-color":"","overlay-opacity":"","overlay-gradient":""}},"footnotes":""},"categories":[8],"tags":[30,28,29],"class_list":["post-4644","post","type-post","status-publish","format-standard","has-post-thumbnail","hentry","category-noticias","tag-morena-guerrero","tag-salgado-macedonia","tag-violacion-basilia-castaneda"],"_links":{"self":[{"href":"https:\/\/losperiodistas.com.mx\/portal\/wp-json\/wp\/v2\/posts\/4644","targetHints":{"allow":["GET"]}}],"collection":[{"href":"https:\/\/losperiodistas.com.mx\/portal\/wp-json\/wp\/v2\/posts"}],"about":[{"href":"https:\/\/losperiodistas.com.mx\/portal\/wp-json\/wp\/v2\/types\/post"}],"author":[{"embeddable":true,"href":"https:\/\/losperiodistas.com.mx\/portal\/wp-json\/wp\/v2\/users\/1"}],"replies":[{"embeddable":true,"href":"https:\/\/losperiodistas.com.mx\/portal\/wp-json\/wp\/v2\/comments?post=4644"}],"version-history":[{"count":1,"href":"https:\/\/losperiodistas.com.mx\/portal\/wp-json\/wp\/v2\/posts\/4644\/revisions"}],"predecessor-version":[{"id":4646,"href":"https:\/\/losperiodistas.com.mx\/portal\/wp-json\/wp\/v2\/posts\/4644\/revisions\/4646"}],"wp:featuredmedia":[{"embeddable":true,"href":"https:\/\/losperiodistas.com.mx\/portal\/wp-json\/wp\/v2\/media\/4645"}],"wp:attachment":[{"href":"https:\/\/losperiodistas.com.mx\/portal\/wp-json\/wp\/v2\/media?parent=4644"}],"wp:term":[{"taxonomy":"category","embeddable":true,"href":"https:\/\/losperiodistas.com.mx\/portal\/wp-json\/wp\/v2\/categories?post=4644"},{"taxonomy":"post_tag","embeddable":true,"href":"https:\/\/losperiodistas.com.mx\/portal\/wp-json\/wp\/v2\/tags?post=4644"}],"curies":[{"name":"wp","href":"https:\/\/api.w.org\/{rel}","templated":true}]}}