{"id":4641,"date":"2021-02-17T06:26:09","date_gmt":"2021-02-17T12:26:09","guid":{"rendered":"http:\/\/losperiodistas.com.mx\/portal\/?p=4641"},"modified":"2021-02-17T06:26:10","modified_gmt":"2021-02-17T12:26:10","slug":"alerta-critica-por-escasez-de-gas-natural-el-financiero","status":"publish","type":"post","link":"https:\/\/losperiodistas.com.mx\/portal\/alerta-critica-por-escasez-de-gas-natural-el-financiero\/","title":{"rendered":"Alerta cr\u00edtica\u2019 por escasez de gas natural | El Financiero"},"content":{"rendered":"\n<p style=\"font-size:18px\"><em>La declaratoria surte efectos a partir de este 16 de febrero de 2021 manteni\u00e9ndose vigente hasta nuevo aviso.<\/em><\/p>\n\n\n\n<p class=\"has-vivid-cyan-blue-color has-text-color has-medium-font-size\">REDACCI\u00d3N EL FINANCIERO<\/p>\n\n\n\n<p>El&nbsp;<strong>Centro Nacional de Control del Gas Natural (Cenagas)&nbsp;<\/strong>decret\u00f3 en alerta cr\u00edtica al&nbsp;<strong>Sistema de Transporte y Almacenamiento Nacional Integrado de Gas Natural (Sistrangas)<\/strong>, seg\u00fan un comunicado de la&nbsp;<strong>Secretar\u00eda de Energ\u00eda<\/strong>.<\/p>\n\n\n\n<p>La declaratoria surte efectos a partir de este 16 de febrero de 2021 manteni\u00e9ndose vigente hasta nuevo aviso.<\/p>\n\n\n\n<p>\u00abCenagas en su car\u00e1cter de Gestor Independiente del Sistrangas, y en apego a lo establecido en las disposiciones jur\u00eddicas y regulatorias aplicables declara Alerta Cr\u00edtica en el Sistrangas\u201d, mencion\u00f3 la dependencia federal en un comunicado.<\/p>\n\n\n\n<p>Explic\u00f3 que como consecuencia de las condiciones climatol\u00f3gicas adversas que est\u00e1n ocurriendo en el sur de Estados Unidos debido a una masa de aire \u00e1rtico que genera un fr\u00edo extremo, las inyecciones contin\u00faan por debajo de lo programado, lo que restringe la cantidad de gas a transportar en el Sistrangas.<\/p>\n\n\n\n<p>Asimismo, contin\u00faa la baja disponibilidad de suministro de gas natural a M\u00e9xico, dado que los sistemas aguas arriba se encuentran en una contingencia clim\u00e1tica fuera del control del Cenagas.<\/p>\n\n\n\n<p>\u201cSi bien el Cenagas cuenta con atribuciones para realizar acciones de intervenci\u00f3n a trav\u00e9s de la compra de gas natural para balanceo como medida para remediar la situaci\u00f3n, actualmente las condiciones de mercado reflejan una baja oferta de dicho hidrocarburo al Sistrangas\u201d, detalla el comunicado.<\/p>\n\n\n\n<p>La dependencia a\u00f1ade que el decreto de alerta busca asegurar la seguridad e integridad operativa, as\u00ed como el balance y la continuidad en la prestaci\u00f3n del servicio en el Sistrangas y a fin de afectar en la menor medida a los usuarios del sistema.<\/p>\n\n\n\n<p>\u201cComo medida de control las extracciones en todo el Sistrangas se ajustar\u00e1n de acuerdo con la disponibilidad de gas natural y a las nominaciones programadas por el Cenagas para cada usuario sin existir tolerancias durante la vigencia de la alerta cr\u00edtica\u201d, agreg\u00f3 la Sener.<\/p>\n\n\n\n<p>Advirti\u00f3 que durante la vigencia de la alerta, es obligaci\u00f3n de los usuarios ajustarse a las cantidades de gas natural, as\u00ed como recibir y a consumir mediante la programaci\u00f3n de las nominaciones que se lleven a cabo por medio del Sistema Comercial MyQuorum.<\/p>\n\n\n\n<p>Lo anterior, en t\u00e9rminos del orden de prelaci\u00f3n determinado por la Secretar\u00eda de Energ\u00eda y de conformidad con el listado de cortes de suministro.<\/p>\n\n\n\n<p>\u201cCabe se\u00f1alar que, conforme a lo establecido en la normatividad aplicable, el Cenagas asignar\u00e1 la medici\u00f3n del gas natural transportado durante la vigencia de la presente Alerta Cr\u00edtica, y podr\u00e1 ejecutar las penalizaciones aplicables\u201d, indic\u00f3.<\/p>\n\n\n\n<p>Por otra parte, seg\u00fan el medio The Texas Tribune, la tormenta invernal y los cortes de energ\u00eda generalizados podr\u00edan afectar negativamente la cadena de suministro de alimentos del Estado.<\/p>\n\n\n\n<p>El comisionado de Agricultura, Sid Miller, pidi\u00f3 al gobernador Greg Abbott que d\u00e9 prioridad al gas y la electricidad a los agricultores y procesadores de alimentos, junto con los hospitales y los socorristas, para que puedan continuar con las operaciones.<\/p>\n\n\n\n<p>Miller dijo que los ganaderos y agricultores han informado de importantes interrupciones debido a que el clima fr\u00edo afecta el ganado, los alimentos y los productos agr\u00edcolas.<\/p>\n\n\n\n<p>\u201cLas operaciones lecheras est\u00e1n tirando leche por los desag\u00fces por un valor de 8 millones de d\u00f3lares todos los d\u00edas porque las plantas que procesan esa leche no tienen energ\u00eda\u00bb, mencion\u00f3.<\/p>\n\n\n\n<p>\u201cLas tiendas de comestibles ya no pueden recibir env\u00edos de productos l\u00e1cteos. Los estantes de las tiendas ya est\u00e1n vac\u00edos. Estamos ante un problema de la cadena de suministro de alimentos como nunca antes hab\u00edamos visto, incluso con COVID-19&#8243;, agreg\u00f3.<\/p>\n\n\n\n<h3 class=\"wp-block-heading\">Expertos dudan<\/h3>\n\n\n\n<p><strong>Daniela Rodr\u00edguez, analista del sector energ\u00e9tico,<\/strong>&nbsp;plante\u00f3 que la alerta se debe a que los industriales est\u00e1n consumiendo el gas, pese a que hay poco. Dijo que lo que se inyecta a los ductos tiene que ser de la misma proporci\u00f3n de lo que se extrae de ellos, pues as\u00ed funciona el ciclo de comercializaci\u00f3n.<\/p>\n\n\n\n<p>\u201cCon un d\u00eda de anterioridad, quien consume el gas se pone de acuerdo con qui\u00e9n lo transporta. Lo que me dice esto es que los industriales est\u00e1n consumiendo gas. Que no digan Cemex o Femsa que no sab\u00edan\u201d, se\u00f1al\u00f3.<\/p>\n\n\n\n<p><strong>C\u00e9sar Cadena, presidente de Energex,<\/strong>&nbsp;cuestion\u00f3 si \u201c\u00bfel gas est\u00e1 llegando de EU o no?; si as\u00ed es y no llega a los clientes, definitivamente lo est\u00e1n desviando para CFE. En principio, lo que dicen es que a todos los clientes pr\u00e1cticamente les est\u00e1n avisando que no hay gas. Tengo un contrato con Pemex, me entrega el gas en Guanajuato. Nos avisaron que a partir de hoy a las 9 de la noche no lo entregar\u00e1n\u201d, revel\u00f3.<\/p>\n\n\n\n<p><em>Con informaci\u00f3n de Jessika Becerra<\/em>.<\/p>\n\n\n\n<p><strong>Te puede interesar:<\/strong><\/p>\n\n\n\n<p><a href=\"https:\/\/elfinanciero.com.mx\/mundo\/millones-sin-luz-en-mexico-y-eu-y-el-calentamiento-global-tiene-parte-de-la-culpa\">Millones sin luz en M\u00e9xico y EU&#8230; y el calentamiento global tiene parte de la culpa<\/a><\/p>\n\n\n\n<p><a href=\"https:\/\/elfinanciero.com.mx\/economia\/cenace-hara-por-segundo-dia-consecutivo-cortes-de-energia-afectaran-a-12-estados\">Cenace har\u00e1, por segundo d\u00eda consecutivo, cortes de energ\u00eda; afectar\u00e1n a 12 estados<\/a><\/p>\n\n\n\n<p>Fuente: https:\/\/www.elfinanciero.com.mx\/economia\/cenagas-decreta-alerta-critica-por-escasez-de-gas-natural<\/p>\n","protected":false},"excerpt":{"rendered":"<p>La declaratoria surte efectos a partir de este 16 de febrero de 2021 manteni\u00e9ndose vigente hasta nuevo aviso. REDACCI\u00d3N EL [&hellip;]<\/p>\n","protected":false},"author":1,"featured_media":4642,"comment_status":"open","ping_status":"open","sticky":false,"template":"","format":"standard","meta":{"site-sidebar-layout":"default","site-content-layout":"","ast-site-content-layout":"default","site-content-style":"default","site-sidebar-style":"default","ast-global-header-display":"","ast-banner-title-visibility":"","ast-main-header-display":"","ast-hfb-above-header-display":"","ast-hfb-below-header-display":"","ast-hfb-mobile-header-display":"","site-post-title":"","ast-breadcrumbs-content":"","ast-featured-img":"","footer-sml-layout":"","theme-transparent-header-meta":"","adv-header-id-meta":"","stick-header-meta":"","header-above-stick-meta":"","header-main-stick-meta":"","header-below-stick-meta":"","astra-migrate-meta-layouts":"default","ast-page-background-enabled":"default","ast-page-background-meta":{"desktop":{"background-color":"var(--ast-global-color-4)","background-image":"","background-repeat":"repeat","background-position":"center center","background-size":"auto","background-attachment":"scroll","background-type":"","background-media":"","overlay-type":"","overlay-color":"","overlay-opacity":"","overlay-gradient":""},"tablet":{"background-color":"","background-image":"","background-repeat":"repeat","background-position":"center center","background-size":"auto","background-attachment":"scroll","background-type":"","background-media":"","overlay-type":"","overlay-color":"","overlay-opacity":"","overlay-gradient":""},"mobile":{"background-color":"","background-image":"","background-repeat":"repeat","background-position":"center center","background-size":"auto","background-attachment":"scroll","background-type":"","background-media":"","overlay-type":"","overlay-color":"","overlay-opacity":"","overlay-gradient":""}},"ast-content-background-meta":{"desktop":{"background-color":"var(--ast-global-color-5)","background-image":"","background-repeat":"repeat","background-position":"center center","background-size":"auto","background-attachment":"scroll","background-type":"","background-media":"","overlay-type":"","overlay-color":"","overlay-opacity":"","overlay-gradient":""},"tablet":{"background-color":"var(--ast-global-color-5)","background-image":"","background-repeat":"repeat","background-position":"center center","background-size":"auto","background-attachment":"scroll","background-type":"","background-media":"","overlay-type":"","overlay-color":"","overlay-opacity":"","overlay-gradient":""},"mobile":{"background-color":"var(--ast-global-color-5)","background-image":"","background-repeat":"repeat","background-position":"center center","background-size":"auto","background-attachment":"scroll","background-type":"","background-media":"","overlay-type":"","overlay-color":"","overlay-opacity":"","overlay-gradient":""}},"footnotes":""},"categories":[8],"tags":[27],"class_list":["post-4641","post","type-post","status-publish","format-standard","has-post-thumbnail","hentry","category-noticias","tag-gas-escasea-mexico"],"_links":{"self":[{"href":"https:\/\/losperiodistas.com.mx\/portal\/wp-json\/wp\/v2\/posts\/4641","targetHints":{"allow":["GET"]}}],"collection":[{"href":"https:\/\/losperiodistas.com.mx\/portal\/wp-json\/wp\/v2\/posts"}],"about":[{"href":"https:\/\/losperiodistas.com.mx\/portal\/wp-json\/wp\/v2\/types\/post"}],"author":[{"embeddable":true,"href":"https:\/\/losperiodistas.com.mx\/portal\/wp-json\/wp\/v2\/users\/1"}],"replies":[{"embeddable":true,"href":"https:\/\/losperiodistas.com.mx\/portal\/wp-json\/wp\/v2\/comments?post=4641"}],"version-history":[{"count":1,"href":"https:\/\/losperiodistas.com.mx\/portal\/wp-json\/wp\/v2\/posts\/4641\/revisions"}],"predecessor-version":[{"id":4643,"href":"https:\/\/losperiodistas.com.mx\/portal\/wp-json\/wp\/v2\/posts\/4641\/revisions\/4643"}],"wp:featuredmedia":[{"embeddable":true,"href":"https:\/\/losperiodistas.com.mx\/portal\/wp-json\/wp\/v2\/media\/4642"}],"wp:attachment":[{"href":"https:\/\/losperiodistas.com.mx\/portal\/wp-json\/wp\/v2\/media?parent=4641"}],"wp:term":[{"taxonomy":"category","embeddable":true,"href":"https:\/\/losperiodistas.com.mx\/portal\/wp-json\/wp\/v2\/categories?post=4641"},{"taxonomy":"post_tag","embeddable":true,"href":"https:\/\/losperiodistas.com.mx\/portal\/wp-json\/wp\/v2\/tags?post=4641"}],"curies":[{"name":"wp","href":"https:\/\/api.w.org\/{rel}","templated":true}]}}