{"id":464,"date":"2020-10-26T14:17:50","date_gmt":"2020-10-26T20:17:50","guid":{"rendered":"http:\/\/losperiodistas.com.mx\/portal\/?p=464"},"modified":"2020-10-26T14:17:50","modified_gmt":"2020-10-26T20:17:50","slug":"arturo-perez-reverte-yo-no-tengo-ideologia-tengo-biblioteca","status":"publish","type":"post","link":"https:\/\/losperiodistas.com.mx\/portal\/arturo-perez-reverte-yo-no-tengo-ideologia-tengo-biblioteca\/","title":{"rendered":"Arturo P\u00e9rez-Reverte: \u00abYo no tengo ideolog\u00eda, tengo biblioteca\u00bb"},"content":{"rendered":"\n<ul class=\"wp-block-list\"><li>El escritor, que evoca la batalla del Ebro en su novela \u00abL\u00ednea de fuego\u00bb, reflexiona en esta entrevista sobre la Guerra Civil, nuestro pasado hist\u00f3rico y el papel que juega la educaci\u00f3n<\/li><\/ul>\n\n\n\n<figure class=\"wp-block-video\"><video controls src=\"https:\/\/www.larazon.es\/cultura\/20201026\/mzcmnoh5pfbdrnakmtyeapfacq.html?jwsource=cl\"><\/video><\/figure>\n\n\n\n<p class=\"has-vivid-cyan-blue-color has-text-color has-medium-font-size\">JAVIER ORS<\/p>\n\n\n\n<p class=\"has-vivid-cyan-blue-color has-text-color has-medium-font-size\">LA RAZ\u00d3N<\/p>\n\n\n\n<p><\/p>\n\n\n\n<p>Dos bandos, una guerra y un escritor. Arturo P\u00e9rez-Reverte regresa al frente con \u00abL\u00ednea de fuego\u00bb (Alfaguara). Una novela donde hay uniformes, pero no va de uniformes; donde aparecen banderas y convicciones ideol\u00f3gicas, pero no va de estandartes militares ni de credos pol\u00edticos. Aqu\u00ed lo que hay es gente luchando, cada uno en su trinchera y cada uno con sus motivos, razones y destinos de horma y pelajes diferentes, pero todos peleando por salir indemnes, sin mutilaciones en el cuerpo y con las menos heridas posibles. Son historias de supervivencia, de humanidad y de miseria; de barbarie, solidaridad y muerte. La batalla del Ebro, desde dentro, desde la mirada de los veteranos y los novatos, los civiles reclutados y los profesionales. Arturo P\u00e9rez-Reverte relata c\u00f3mo combatieron nuestros abuelos y el lector viaja con \u00e9l, a su lado, empotrado en las unidades que se enfrentaron all\u00ed.https:\/\/09101047d503d89a67c1578661ad4f81.safeframe.googlesyndication.com\/safeframe\/1-0-37\/html\/container.htmlM\u00c1S NOTICIAS<\/p>\n\n\n\n<figure class=\"wp-block-image\"><img decoding=\"async\" src=\"https:\/\/www.larazon.es\/resizer\/rjP4DwruCFfkUsEuRjrcusxZbBY=\/420x280\/smart\/filters:format(jpg)\/cloudfront-eu-central-1.images.arcpublishing.com\/larazon\/ZI5V4A4CCJHD7BSOCHRCA75QL4.jpg\" alt=\"\"\/><\/figure>\n\n\n\n<p><a href=\"https:\/\/www.larazon.es\/cultura\/20201006\/gbczoadxjrhxrlb2xbrqjphy4u.html\">Arturo P\u00e9rez-Reverte: \u201cS\u00f3lo una visi\u00f3n humana de la Guerra Civil nos salvar\u00e1 de los discursos partidistas y miserables\u00bb<\/a><\/p>\n\n\n\n<hr class=\"wp-block-separator\"\/>\n\n\n\n<p><a href=\"https:\/\/www.larazon.es\/local\/madrid\/perez-reverte-los-heroes-de-hoy-son-feministas-animalistas-y-republicanos-ED20018509\">P\u00e9rez-Reverte: \u00abLos h\u00e9roes de hoy son feministas, animalistas y republicanos\u00bb<\/a><\/p>\n\n\n\n<p><strong>\u2013Sabe que su visi\u00f3n de la historia influye en las personas.<\/strong><\/p>\n\n\n\n<p>\u2013He contado la historia y la he vivido como testigo. Est\u00e1 muy presente en mi obra, pero soy novelista, un tipo que cuenta historias. Es mi imaginaci\u00f3n e invenci\u00f3n lo que prima. La historia es un marco. No pretendo sustituir al historiador. Quiero estimular a quien lea mis novelas para que despu\u00e9s vaya a los libros de historia para confirmar la parte que es real y la que es imaginada. Soy la puerta que puede llevar a alg\u00fan chico a la historia. Pero soy novelista. Es cierto que tampoco mi novela hist\u00f3rica est\u00e1 falseada. Es rigurosa. Y, por supuesto, no pretendo limpiar la historia. Lo que sucede es que mi visi\u00f3n del pasado es m\u00e1s limpia. En \u00abL\u00ednea de fuego\u00bb est\u00e1 mi mirada de los combatientes de los dos bandos, pero quien lea esta novela ver\u00e1 a ambos bandos de forma distinta.<\/p>\n\n\n\n<p><strong>\u2013\u00bfPor qu\u00e9 tenemos tantos tab\u00fas sobre nuestra historia?<\/strong><\/p>\n\n\n\n<p>\u2013Espa\u00f1a, por razones hist\u00f3ricas, es un pa\u00eds maltratado social y pol\u00edticamente. Eso cre\u00f3 complejos, frustraciones, rencores, vilezas y tensiones, que, muchas veces, no arrancaron en la Guerra Civil. No es verdad que los espa\u00f1oles est\u00e9n amargados desde esta contienda. Este enfrentamiento es una consecuencia de siglos de pesadumbres y discusiones hist\u00f3ricas, pol\u00edticas y sociales. Espa\u00f1a ha tenido mala suerte por razones geogr\u00e1ficas, de gobierno&#8230; Estas disfunciones nacionales se manifiestan en la ense\u00f1anza. En Espa\u00f1a, desde antes de Franco, se crearon generaciones de ciudadanos desinformados, manipulados, sectarizados. No es una educaci\u00f3n limpia. Eso hace que exista una gran confusi\u00f3n.<\/p>\n\n\n\n<blockquote class=\"wp-block-quote is-layout-flow wp-block-quote-is-layout-flow\"><p>No he visto ninguna naci\u00f3n en que la historia se use como arma pol\u00edtica con una vileza tan grande a como se hace aqu\u00ed<\/p><\/blockquote>\n\n\n\n<p><strong>\u2013\u00bfNada m\u00e1s?<\/strong><\/p>\n\n\n\n<p>\u2013La apropiaci\u00f3n de la historia por parte de los pol\u00edticos es muy descarada. No he visto a ninguna otra naci\u00f3n en que la historia se use como arma pol\u00edtica con una vileza tan grande como aqu\u00ed. Es muy raro que un personaje hist\u00f3rico espa\u00f1ol sobreviva a la proyecci\u00f3n pol\u00edtica que en cada momento se ejerce sobre \u00e9l. Lo contaminan. Da igual que sea Fernando VII, Viriato, \u00abEl Empecinado\u00bb o las Navas de Tolosa. Enseguida habr\u00e1 pol\u00edticos de uno y otro signo que se echen encima para decir que era bueno o malo o fascista o lo que sea. Nada pasa fuera de la trituradora miserable de la pol\u00edtica en Espa\u00f1a. Eso hace que no puedas hablar de los romanos, porque son imperialistas. Cualquier menci\u00f3n que hagas a la historia, Abderram\u00e1n, el Cid, Hern\u00e1n Cort\u00e9s o N\u00fa\u00f1ez de Balboa, tiene una lectura en clave pol\u00edtica actual. No hay historia que sobreviva a eso. Y tiene una consecuencia: la gente se aparta de la historia. La estamos olvidado. Por este motivo, cuando aparece alguien como Fernando Aramburu, la gente lo agradece, porque es una visi\u00f3n que no es la habitual.<\/p>\n\n\n\n<p><strong>\u2013En \u00abL\u00ednea de fuego\u00bb, habla de la pobreza de los soldados y de Espa\u00f1a.<\/strong><\/p>\n\n\n\n<p>\u2013Francia es una naci\u00f3n afortunada. Es un pa\u00eds con praderas, bosques, la tierra es rica; Italia posee tambi\u00e9n un norte rico, pero Espa\u00f1a es geogr\u00e1ficamente casi africana y encima ha estado muy mal comunicada. Hay monta\u00f1as y no se conoce a los que viven en el valle de al lado porque no puedes ir con facilidad. Esto, y otros factores, ha generado gente pobre. Cuando eres pobre, hay gente que se aprovecha de la injusticia; cuando hay hambre, siempre hay injusticia. Cuando ahora venga la crisis y crezca el paro, ya ver\u00e1 como habr\u00e1 personas que se aprovechan de otros con la prostituci\u00f3n, el trabajo barato&#8230; La explotaci\u00f3n ser\u00e1 enorme, porque siempre hay canallas que se benefician de la pobreza. En Espa\u00f1a siempre hubo pandemias de diferentes tipos. Eso gener\u00f3 incultura porque muchos chavales ten\u00edan que trabajar con el padre para sacar a la familia adelante.<\/p>\n\n\n\n<blockquote class=\"wp-block-quote is-layout-flow wp-block-quote-is-layout-flow\"><p>Un ciudadano sin una base intelectual sana es presa de cualquier demagogo. Est\u00e1 indefenso<\/p><\/blockquote>\n\n\n\n<p><strong>\u2013Y no se estudiaba.<\/strong><\/p>\n\n\n\n<p>\u2013A la incapacidad de estudiar hay que sumar unas estructuras de poder que iban a lo suyo, que eran insolidarias, hechas de arist\u00f3cratas y terratenientes, que no se ocupaban para nada de las personas que trabajaban en su tierra. Hab\u00eda una Iglesia que educaba, pero a cambio de ser sumiso y acatar siempre sus mandatos. Esta pobreza, y la incultura que produjo, hizo que la gente albergara rencores fuertes y que arrastrara traumas hist\u00f3ricos, geogr\u00e1ficos y sociales intensos, con pocas cosas para contrarrestarlos. Cuando hubo crisis, como, por ejemplo, la Guerra de la Independencia o la Guerra Civil espa\u00f1ola, esas personas saltaron. Esta pobreza nos ha llevado a otra espiritual, educacional y a una violencia hist\u00f3rica muy intensa. La pobreza sin educaci\u00f3n y sin solidaridad que la temple es muy peligrosa para los sistemas.<\/p>\n\n\n\n<p><strong>\u2013Hoy no deber\u00eda ser as\u00ed.<\/strong><\/p>\n\n\n\n<p>\u2013La educaci\u00f3n en Espa\u00f1a est\u00e1 viciada. Una democracia europea normal lo que hace es crear ciudadanos l\u00facidos, cr\u00edticos y cultos para que cuando llegue el discurso pol\u00edtico, digan: \u00abUn momento, \u00bfque Zumalac\u00e1rregui era fascista? V\u00e1yase usted a&#8230;\u00bb. Un ciudadano sin una base intelectual sana es presa de cualquier demagogo. El ciudadano que est\u00e1 indefenso intelectualmente y, en un momento dado est\u00e1 en paro, compra esos mensajes. No porque los razone, sino porque en ese momento le encajan. La educaci\u00f3n en Espa\u00f1a se ha destruido hace mucho tiempo. Se estaba haciendo bien en la Rep\u00fablica, pero Franco la aplast\u00f3 y, entonces, se acab\u00f3 con ese ciudadano. El ciudadano cr\u00edtico ya no existe. Por eso soy pesimista. La gente vota, pero si el que vota no tiene un sentido cr\u00edtico ni tiene lucidez, \u00bfqu\u00e9 va a votar? Lo que diga el partido de turno.https:\/\/09101047d503d89a67c1578661ad4f81.safeframe.googlesyndication.com\/safeframe\/1-0-37\/html\/container.html<\/p>\n\n\n\n<p><strong>\u2013Lo dijo usted cuando present\u00f3 \u00abL\u00ednea de fuego\u00bb: La gente no combate por la patria, sino por los cigarrillos&#8230;<\/strong><\/p>\n\n\n\n<p>\u2013Yo no tengo ideolog\u00eda. Tengo biblioteca. Una ideolog\u00eda sin biblioteca es muy peligrosa. Una ideolog\u00eda sin lucidez cr\u00edtica tambi\u00e9n es muy peligrosa. El problema que hay en nuestro pa\u00eds es que se profesan ideolog\u00edas basadas en argumentos simples, no en razonamientos complejos. La ideolog\u00eda del espa\u00f1ol no es intelectual, es visceral. Una ideolog\u00eda que no se sostiene en libros es peligrosa, insisto. No admite el di\u00e1logo. Si tienes inquietudes intelectuales, te interesas por los otros, los escuchas y los discutes, pero si no tienes esa base, lo que quieres es que el otro no hable. Lo que quieres es callarlos. F\u00edjate la diferencia que existe. En Espa\u00f1a se ha ido a silenciar al adversario, que no hable, que no razone. Si va a dar una conferencia en la universidad, no lo dejan hablar. Al adversario lo queremos exterminado y silenciado. Ese rencor que es hist\u00f3rico, sigue estando. Por eso, en Espa\u00f1a, no existen ideolog\u00edas, sino visceralidades ideol\u00f3gicas, que es distinto. Nadie realmente culto, que ha le\u00eddo a Montesquieu y Montaigne, tiene una ideolog\u00eda s\u00f3lida.<\/p>\n\n\n\n<blockquote class=\"wp-block-quote is-layout-flow wp-block-quote-is-layout-flow\"><p>Solo tengo respeto a las ideolog\u00edas que son capaces de albergar dudas. Una ideolog\u00eda que no duda de s\u00ed misma es muy peligrosa<\/p><\/blockquote>\n\n\n\n<p><strong>\u2013\u00bfPor?<\/strong><\/p>\n\n\n\n<p>\u2013Si una persona tiene una ideolog\u00eda monol\u00edtica, herm\u00e9tica, desconf\u00edo de antemano porque algo falla en su bagaje cultural. Es natural que cualquiera tenga dudas en sus planteamientos. Todas las ideolog\u00edas o razonamientos pol\u00edticos o sociales poseen grietas, tienen contradicciones. Si alguien lleva cuarenta a\u00f1os siendo comunista, o lo que sea, es un fan\u00e1tico. Este es el problema fundamental. Solo tengo respeto a las ideolog\u00edas que son capaces de albergar dudas. Una ideolog\u00eda que no duda de s\u00ed misma es muy peligrosa. Son los fanatismos, los totalitarismos&#8230;<\/p>\n\n\n\n<p><strong>\u2013\u00bfQu\u00e9 le impresion\u00f3 de hablar con testigos o supervivientes de la Guerra Civil?<\/strong><\/p>\n\n\n\n<p>\u2013Sobre todo, la falta de rencor hacia el adversario. Todos los testigos con los que habl\u00e9 y las cosas que he le\u00eddo en estos a\u00f1os me han llevado a un punto: la ausencia de rencor del que combati\u00f3. Porque existen dos lugares: la retaguardia y el frente. Y no son lo mismo. El que estuvo luchando en el frente siente comprensi\u00f3n hacia el enemigo porque es muy parecido a \u00e9l. Hab\u00eda voluntarios con ideolog\u00eda, pero incluso eso se llega a templar cuando est\u00e1s en las trincheras. Lo que me ha quedado es que no ve\u00edan con rencor al enemigo. Lo entend\u00edan, como si una parte de s\u00ed mismos se hubiera ido al otro lado. Es lo que m\u00e1s me interesaba.<\/p>\n\n\n\n<blockquote class=\"wp-block-quote is-layout-flow wp-block-quote-is-layout-flow\"><p>Escribir una novela me molesta mucho. Es un ejercicio penoso, desagradable. Lo que me motiva es imaginar<\/p><\/blockquote>\n\n\n\n<p><strong>\u2013\u00bfEs optimista con la pandemia que estamos padeciendo?<\/strong><\/p>\n\n\n\n<p>\u2013Desconf\u00edo del material humano. Por eso soy pesimista. Espa\u00f1a, Europa, Occidente han olvidado a Homero, Cervantes, Dante, Arist\u00f3teles, Plat\u00f3n&#8230; Han perdido aquello que los hac\u00eda dignos, mejores, honorables, inteligentes y cultos para acometer el futuro con esperanza. Al perder esos flotadores socioculturales, no queda nada. A partir de ah\u00ed, cada uno nada como puede. Esta clase de naufragios no me gustan. Me dan poca esperanza.<\/p>\n\n\n\n<p><strong>\u2013\u00bfPor eso acude a la imaginaci\u00f3n? \u00bfCu\u00e1l es el papel que desempe\u00f1a en su literatura?<\/strong><\/p>\n\n\n\n<p>\u2013Escribir una novela me molesta mucho. Es desagradable. Escribir dando a la tecla es un ejercicio muy penoso, pero \u00bfqu\u00e9 pasa? No es eso lo que me motiva, sino imaginar. Desde peque\u00f1o me gusta imaginar. Supone vivir vidas que no vivir\u00eda de otra manera. Con ella puedo ser millonario, asaltar naves m\u00e1s all\u00e1 de Ori\u00f3n&#8230; Para m\u00ed lo que cuenta es la imaginaci\u00f3n, la historia. Me gusta acostarme con una historia y por la ma\u00f1ana escribir lo que recreo. Escribir me justifica rentabilizar esa imaginaci\u00f3n. Pero si existiera un esc\u00e1ner que pudiera volcar las historias que imagino en las p\u00e1ginas, yo ser\u00eda el primer usuario. Pero como eso no existe, necesito escribir. La escritura es una parte inevitable. No sufro angustia t\u00e9cnica, pero es un acto que no me aporta felicidad. Yo soy feliz cuando pienso c\u00f3mo el requet\u00e9 le da un cigarrillo a un compa\u00f1ero o c\u00f3mo debe contemplar un atardecer. Eso lo vivo. El acto menos feliz es el de la escritura.<\/p>\n\n\n\n<p><strong>\u2013Entonces, su imaginaci\u00f3n no es para huir de este mundo, si me lo permite&#8230;<\/strong><\/p>\n\n\n\n<p>\u2013Yo ya imaginaba desde que era un ni\u00f1o. Crec\u00ed junto al mar, contemplaba los barcos que pasaban. Tuve una infancia privilegiada. Saqu\u00e9 \u00e1nforas romanas del fondo mar porque estaban apenas a diez metros de profundidad. Era una \u00e9poca en que todav\u00eda no exist\u00eda el expolio arqueol\u00f3gico. Ve\u00eda marinos tatuados, embarcaciones y prostitutas que paseaban por el puerto. Y en casa disfrutaba de la biblioteca de mis abuelos. Crezco entre libros, leyendo. Cuando hice la Comuni\u00f3n, lo que ped\u00ed que es me regalaran libros. A esos a\u00f1os, ya ten\u00eda una biblioteca propia de treinta y tantos vol\u00famenes. Esos eran mis propios libros. Los m\u00edos. Mi imaginaci\u00f3n ya estaba antes de tener que huir de nada.<\/p>\n\n\n\n<p>Fuente: https:\/\/www.larazon.es\/cultura\/20201026\/mzcmnoh5pfbdrnakmtyeapfacq.html<\/p>\n","protected":false},"excerpt":{"rendered":"<p>El escritor, que evoca la batalla del Ebro en su novela \u00abL\u00ednea de fuego\u00bb, reflexiona en esta entrevista sobre la [&hellip;]<\/p>\n","protected":false},"author":1,"featured_media":465,"comment_status":"open","ping_status":"open","sticky":false,"template":"","format":"standard","meta":{"site-sidebar-layout":"default","site-content-layout":"","ast-site-content-layout":"default","site-content-style":"default","site-sidebar-style":"default","ast-global-header-display":"","ast-banner-title-visibility":"","ast-main-header-display":"","ast-hfb-above-header-display":"","ast-hfb-below-header-display":"","ast-hfb-mobile-header-display":"","site-post-title":"","ast-breadcrumbs-content":"","ast-featured-img":"","footer-sml-layout":"","theme-transparent-header-meta":"","adv-header-id-meta":"","stick-header-meta":"","header-above-stick-meta":"","header-main-stick-meta":"","header-below-stick-meta":"","astra-migrate-meta-layouts":"default","ast-page-background-enabled":"default","ast-page-background-meta":{"desktop":{"background-color":"var(--ast-global-color-4)","background-image":"","background-repeat":"repeat","background-position":"center center","background-size":"auto","background-attachment":"scroll","background-type":"","background-media":"","overlay-type":"","overlay-color":"","overlay-opacity":"","overlay-gradient":""},"tablet":{"background-color":"","background-image":"","background-repeat":"repeat","background-position":"center center","background-size":"auto","background-attachment":"scroll","background-type":"","background-media":"","overlay-type":"","overlay-color":"","overlay-opacity":"","overlay-gradient":""},"mobile":{"background-color":"","background-image":"","background-repeat":"repeat","background-position":"center center","background-size":"auto","background-attachment":"scroll","background-type":"","background-media":"","overlay-type":"","overlay-color":"","overlay-opacity":"","overlay-gradient":""}},"ast-content-background-meta":{"desktop":{"background-color":"var(--ast-global-color-5)","background-image":"","background-repeat":"repeat","background-position":"center center","background-size":"auto","background-attachment":"scroll","background-type":"","background-media":"","overlay-type":"","overlay-color":"","overlay-opacity":"","overlay-gradient":""},"tablet":{"background-color":"var(--ast-global-color-5)","background-image":"","background-repeat":"repeat","background-position":"center center","background-size":"auto","background-attachment":"scroll","background-type":"","background-media":"","overlay-type":"","overlay-color":"","overlay-opacity":"","overlay-gradient":""},"mobile":{"background-color":"var(--ast-global-color-5)","background-image":"","background-repeat":"repeat","background-position":"center center","background-size":"auto","background-attachment":"scroll","background-type":"","background-media":"","overlay-type":"","overlay-color":"","overlay-opacity":"","overlay-gradient":""}},"footnotes":""},"categories":[8],"tags":[],"class_list":["post-464","post","type-post","status-publish","format-standard","has-post-thumbnail","hentry","category-noticias"],"_links":{"self":[{"href":"https:\/\/losperiodistas.com.mx\/portal\/wp-json\/wp\/v2\/posts\/464","targetHints":{"allow":["GET"]}}],"collection":[{"href":"https:\/\/losperiodistas.com.mx\/portal\/wp-json\/wp\/v2\/posts"}],"about":[{"href":"https:\/\/losperiodistas.com.mx\/portal\/wp-json\/wp\/v2\/types\/post"}],"author":[{"embeddable":true,"href":"https:\/\/losperiodistas.com.mx\/portal\/wp-json\/wp\/v2\/users\/1"}],"replies":[{"embeddable":true,"href":"https:\/\/losperiodistas.com.mx\/portal\/wp-json\/wp\/v2\/comments?post=464"}],"version-history":[{"count":1,"href":"https:\/\/losperiodistas.com.mx\/portal\/wp-json\/wp\/v2\/posts\/464\/revisions"}],"predecessor-version":[{"id":466,"href":"https:\/\/losperiodistas.com.mx\/portal\/wp-json\/wp\/v2\/posts\/464\/revisions\/466"}],"wp:featuredmedia":[{"embeddable":true,"href":"https:\/\/losperiodistas.com.mx\/portal\/wp-json\/wp\/v2\/media\/465"}],"wp:attachment":[{"href":"https:\/\/losperiodistas.com.mx\/portal\/wp-json\/wp\/v2\/media?parent=464"}],"wp:term":[{"taxonomy":"category","embeddable":true,"href":"https:\/\/losperiodistas.com.mx\/portal\/wp-json\/wp\/v2\/categories?post=464"},{"taxonomy":"post_tag","embeddable":true,"href":"https:\/\/losperiodistas.com.mx\/portal\/wp-json\/wp\/v2\/tags?post=464"}],"curies":[{"name":"wp","href":"https:\/\/api.w.org\/{rel}","templated":true}]}}