{"id":4638,"date":"2021-02-17T06:14:37","date_gmt":"2021-02-17T12:14:37","guid":{"rendered":"http:\/\/losperiodistas.com.mx\/portal\/?p=4638"},"modified":"2021-02-17T06:14:39","modified_gmt":"2021-02-17T12:14:39","slug":"tras-amarrar-candidatura-eduardo-rivera-buscara-sumar-a-psi-y-cpp-a-su-campana-oem","status":"publish","type":"post","link":"https:\/\/losperiodistas.com.mx\/portal\/tras-amarrar-candidatura-eduardo-rivera-buscara-sumar-a-psi-y-cpp-a-su-campana-oem\/","title":{"rendered":"Tras amarrar candidatura, Eduardo Rivera buscar\u00e1 sumar a PSI y CPP a su campa\u00f1a | OEM"},"content":{"rendered":"\n<p style=\"font-size:18px\"><em>El panista se neg\u00f3 a revelar cu\u00e1ntas posiciones cedi\u00f3 a grupos de su partido<\/em><\/p>\n\n\n\n<p class=\"has-vivid-cyan-blue-color has-text-color has-medium-font-size\">V\u00cdCTOR HUGO JU\u00c1REZ \/ EL SOL DE PUEBLA<\/p>\n\n\n\n<p>Despu\u00e9s de recibir el aval de su dirigencia nacional y lograr acuerdos con la dirigencia estatal del PAN, Eduardo Rivera P\u00e9rez se destap\u00f3 para buscar la candidatura del PRI, PAN y PRD a la presidencia municipal de Puebla, y no descart\u00f3 la inclusi\u00f3n de otros partidos como Pacto Social de Integraci\u00f3n (PSI) y Compromiso por Puebla (CPP).<\/p>\n\n\n\n<p>En rueda de prensa, el ex alcalde de Puebla asegur\u00f3 que el acuerdo pactado con la dirigencia estatal, con aval de la dirigencia nacional, es incluir a todos los grupos del partido dentro de su planilla de regidores, aunque no revel\u00f3 cu\u00e1ntas posiciones le tocar\u00e1 a cada uno.<\/p>\n\n\n\n<p>Sobre el desplegado que alrededor de 47 panistas firmaron para acusar manipulaci\u00f3n y chantaje de su parte para obtener la candidatura, Rivera P\u00e9rez se limit\u00f3 a decir que no va a ver hacia atr\u00e1s y espera lograr un trabajo coordinado con todos los grupos de cara a la elecci\u00f3n del 6 de junio.<\/p>\n\n\n\n<h3 class=\"wp-block-heading\"><strong>Leer m\u00e1s:&nbsp;<a href=\"https:\/\/www.elsoldepuebla.com.mx\/local\/estado\/pensamos-lo-peor-sin-luz-y-nuestro-paciente-con-oxigeno-familiares-tras-apagon-en-puebla-cortes-de-energia-electrica-cenace-6369814.html\">Pensamos lo peor, sin luz y nuestro paciente con ox\u00edgeno: familiares tras apag\u00f3n en Puebla<\/a><\/strong><\/h3>\n\n\n\n<p>Reconoci\u00f3 que hay la disposici\u00f3n de que su candidatura sea arropada por el PRI, el PRD y se podr\u00edan sumar otras fuerzas pol\u00edticas como PSI y Compromiso por Puebla, que tambi\u00e9n expresaron el apoyo a su postulaci\u00f3n.<\/p>\n\n\n\n<p>Minimiz\u00f3 las afectaciones que pueda traer la inclusi\u00f3n del PRI, despu\u00e9s de la detenci\u00f3n del ex gobernador de Puebla, Mario Mar\u00edn Torres, pues dijo que la alianza es con las instituciones y no con sus personajes.<\/p>\n\n\n\n<p>Fuente: https:\/\/www.elsoldepuebla.com.mx\/local\/tras-amarrar-candidatura-eduardo-rivera-buscara-sumar-a-psi-y-cpp-a-su-campana-elecciones-2021-pan-puebla-6371877.html<\/p>\n","protected":false},"excerpt":{"rendered":"<p>El panista se neg\u00f3 a revelar cu\u00e1ntas posiciones cedi\u00f3 a grupos de su partido V\u00cdCTOR HUGO JU\u00c1REZ \/ EL SOL [&hellip;]<\/p>\n","protected":false},"author":1,"featured_media":4639,"comment_status":"open","ping_status":"open","sticky":false,"template":"","format":"standard","meta":{"site-sidebar-layout":"default","site-content-layout":"","ast-site-content-layout":"default","site-content-style":"default","site-sidebar-style":"default","ast-global-header-display":"","ast-banner-title-visibility":"","ast-main-header-display":"","ast-hfb-above-header-display":"","ast-hfb-below-header-display":"","ast-hfb-mobile-header-display":"","site-post-title":"","ast-breadcrumbs-content":"","ast-featured-img":"","footer-sml-layout":"","theme-transparent-header-meta":"","adv-header-id-meta":"","stick-header-meta":"","header-above-stick-meta":"","header-main-stick-meta":"","header-below-stick-meta":"","astra-migrate-meta-layouts":"default","ast-page-background-enabled":"default","ast-page-background-meta":{"desktop":{"background-color":"var(--ast-global-color-4)","background-image":"","background-repeat":"repeat","background-position":"center center","background-size":"auto","background-attachment":"scroll","background-type":"","background-media":"","overlay-type":"","overlay-color":"","overlay-opacity":"","overlay-gradient":""},"tablet":{"background-color":"","background-image":"","background-repeat":"repeat","background-position":"center center","background-size":"auto","background-attachment":"scroll","background-type":"","background-media":"","overlay-type":"","overlay-color":"","overlay-opacity":"","overlay-gradient":""},"mobile":{"background-color":"","background-image":"","background-repeat":"repeat","background-position":"center center","background-size":"auto","background-attachment":"scroll","background-type":"","background-media":"","overlay-type":"","overlay-color":"","overlay-opacity":"","overlay-gradient":""}},"ast-content-background-meta":{"desktop":{"background-color":"var(--ast-global-color-5)","background-image":"","background-repeat":"repeat","background-position":"center center","background-size":"auto","background-attachment":"scroll","background-type":"","background-media":"","overlay-type":"","overlay-color":"","overlay-opacity":"","overlay-gradient":""},"tablet":{"background-color":"var(--ast-global-color-5)","background-image":"","background-repeat":"repeat","background-position":"center center","background-size":"auto","background-attachment":"scroll","background-type":"","background-media":"","overlay-type":"","overlay-color":"","overlay-opacity":"","overlay-gradient":""},"mobile":{"background-color":"var(--ast-global-color-5)","background-image":"","background-repeat":"repeat","background-position":"center center","background-size":"auto","background-attachment":"scroll","background-type":"","background-media":"","overlay-type":"","overlay-color":"","overlay-opacity":"","overlay-gradient":""}},"footnotes":""},"categories":[8],"tags":[],"class_list":["post-4638","post","type-post","status-publish","format-standard","has-post-thumbnail","hentry","category-noticias"],"_links":{"self":[{"href":"https:\/\/losperiodistas.com.mx\/portal\/wp-json\/wp\/v2\/posts\/4638","targetHints":{"allow":["GET"]}}],"collection":[{"href":"https:\/\/losperiodistas.com.mx\/portal\/wp-json\/wp\/v2\/posts"}],"about":[{"href":"https:\/\/losperiodistas.com.mx\/portal\/wp-json\/wp\/v2\/types\/post"}],"author":[{"embeddable":true,"href":"https:\/\/losperiodistas.com.mx\/portal\/wp-json\/wp\/v2\/users\/1"}],"replies":[{"embeddable":true,"href":"https:\/\/losperiodistas.com.mx\/portal\/wp-json\/wp\/v2\/comments?post=4638"}],"version-history":[{"count":1,"href":"https:\/\/losperiodistas.com.mx\/portal\/wp-json\/wp\/v2\/posts\/4638\/revisions"}],"predecessor-version":[{"id":4640,"href":"https:\/\/losperiodistas.com.mx\/portal\/wp-json\/wp\/v2\/posts\/4638\/revisions\/4640"}],"wp:featuredmedia":[{"embeddable":true,"href":"https:\/\/losperiodistas.com.mx\/portal\/wp-json\/wp\/v2\/media\/4639"}],"wp:attachment":[{"href":"https:\/\/losperiodistas.com.mx\/portal\/wp-json\/wp\/v2\/media?parent=4638"}],"wp:term":[{"taxonomy":"category","embeddable":true,"href":"https:\/\/losperiodistas.com.mx\/portal\/wp-json\/wp\/v2\/categories?post=4638"},{"taxonomy":"post_tag","embeddable":true,"href":"https:\/\/losperiodistas.com.mx\/portal\/wp-json\/wp\/v2\/tags?post=4638"}],"curies":[{"name":"wp","href":"https:\/\/api.w.org\/{rel}","templated":true}]}}