{"id":46259,"date":"2023-02-07T06:06:07","date_gmt":"2023-02-07T12:06:07","guid":{"rendered":"http:\/\/losperiodistas.com.mx\/portal\/?p=46259"},"modified":"2023-02-07T06:06:09","modified_gmt":"2023-02-07T12:06:09","slug":"si-pan-va-por-gubernatura-pri-debe-tener-candidatura-a-alcaldia-de-puebla-camarillo-angulo-7","status":"publish","type":"post","link":"https:\/\/losperiodistas.com.mx\/portal\/si-pan-va-por-gubernatura-pri-debe-tener-candidatura-a-alcaldia-de-puebla-camarillo-angulo-7\/","title":{"rendered":"Si PAN va por gubernatura, PRI debe tener candidatura a alcald\u00eda de Puebla: Camarillo\u00a0| \u00c1ngulo 7"},"content":{"rendered":"\n<figure class=\"wp-block-image size-full is-style-default\"><img fetchpriority=\"high\" decoding=\"async\" width=\"620\" height=\"330\" src=\"https:\/\/losperiodistas.com.mx\/portal\/wp-content\/uploads\/2023\/02\/camarillo-pri-pan.jpeg\" alt=\"\" class=\"wp-image-46260\" srcset=\"https:\/\/losperiodistas.com.mx\/portal\/wp-content\/uploads\/2023\/02\/camarillo-pri-pan.jpeg 620w, https:\/\/losperiodistas.com.mx\/portal\/wp-content\/uploads\/2023\/02\/camarillo-pri-pan-300x160.jpeg 300w\" sizes=\"(max-width: 620px) 100vw, 620px\" \/><figcaption>Especial<\/figcaption><\/figure>\n\n\n\n<p class=\"has-vivid-red-color has-text-color has-medium-font-size\"><strong>EDGAR GUZM\u00c1N URIBE \/ \u00c1NGULO 7<\/strong><\/p>\n\n\n\n<p>Para el proceso electoral de 2024,&nbsp;<strong>si el PAN busca quedarse con la candidatura a la gubernatura<\/strong>&nbsp;de Puebla, el abanderado a la&nbsp;<strong>alcald\u00eda de Puebla tiene que ser del PRI<\/strong>, para lo cual ambos partidos deben poner sobre la mesa&nbsp; sus perfiles para analizarlos y elegir a los mejores.<\/p>\n\n\n\n<p>As\u00ed lo se\u00f1al\u00f3 en entrevista el presidente del Comit\u00e9 Directivo Estatal (CDE), del&nbsp;<strong>Partido Revolucionario Institucional<\/strong>&nbsp;(PRI), N\u00e9stor Camarillo Medina, indic\u00f3 que a nivel nacional las dirigencias ya tienen pl\u00e1ticas y acuerdos, incluido el Partido de la Revoluci\u00f3n Democr\u00e1tica (PRD), pero en lo local no est\u00e1 definido.<\/p>\n\n\n\n<p>\u201cS\u00ed, as\u00ed tiene que ser (si el PAN va por la gubernatura, al PRI le debe tocar la alcald\u00eda),<strong>&nbsp;es natural, porque si no fuera as\u00ed le mandar\u00edamos un mal mensaje a los priistas\u201d,<\/strong>&nbsp;respondi\u00f3 tras ser cuestionado sobre dicho tema.<\/p>\n\n\n\n<p>El tambi\u00e9n diputado local,&nbsp;<strong>coment\u00f3 que en Puebla valdr\u00eda la pena hacer un an\u00e1lisis entre los que integran la alianza<\/strong>&nbsp;en el que vean d\u00f3nde est\u00e1n parados cada partido pol\u00edtico, cu\u00e1les son sus votos que tienen cada uno, as\u00ed como las fortalezas y debilidades, por lo que es un tema en el que deben avanzar.-Publicidad-<\/p>\n\n\n\n<p>Por ello, dijo que&nbsp;<strong>el llamado es a seguir trabajando para dar buenos resultados<\/strong>&nbsp;en los gobiernos que tienen y participan para construir la alianza a nivel local.<\/p>\n\n\n\n<h2 class=\"wp-block-heading\">Quienes aspiren a cargos, que sigan trabajando<\/h2>\n\n\n\n<p>En ese tenor,<strong>&nbsp;Camarillo Medina manifest\u00f3 que para los militantes del tricolor<\/strong>&nbsp;que aspiran a un cargo dentro de un a\u00f1o, los exhort\u00f3 a seguir trabajando, pues todos est\u00e1n en su derecho de buscar competir en las elecciones.<\/p>\n\n\n\n<p>\u201cLes\u00a0<strong>estamos mandando un mensaje que le echen ganas en todo<\/strong>, que trabajen, pero igual que cuentan con su partido\u201d, expres\u00f3.<\/p>\n\n\n\n<p>Es de mencionar que a nivel nacional el PRI y PAN acordaron que el tricolor era el encargado de la conducci\u00f3n y postulaci\u00f3n de aspirantes a las<strong>\u00a0gubernaturas de Coahuila y Estado de M\u00e9xico<\/strong>\u00a0en este a\u00f1o, pero para el 2024 el albiazul es el que llevar\u00e1 mano en la Jefatura de la Ciudad de M\u00e9xico y la candidatura presidencial.<\/p>\n\n\n\n<figure class=\"wp-block-embed is-type-rich is-provider-twitter wp-block-embed-twitter\"><div class=\"wp-block-embed__wrapper\">\n<blockquote class=\"twitter-tweet\" data-width=\"500\" data-dnt=\"true\"><p lang=\"es\" dir=\"ltr\"><a href=\"https:\/\/twitter.com\/hashtag\/%C3%81ngulo7Informa?src=hash&amp;ref_src=twsrc%5Etfw\">#\u00c1ngulo7Informa<\/a> ll Si para el proceso electoral del 2024 el <a href=\"https:\/\/twitter.com\/PANPuebla2124?ref_src=twsrc%5Etfw\">@PANPuebla2124<\/a> lleva al candidato a la gubernatura de <a href=\"https:\/\/twitter.com\/hashtag\/Puebla?src=hash&amp;ref_src=twsrc%5Etfw\">#Puebla<\/a>, como parte de la alianza, la alcald\u00eda de la capital debe ser para el <a href=\"https:\/\/twitter.com\/PRIdePUEBLA?ref_src=twsrc%5Etfw\">@PRIdePUEBLA<\/a>, se\u00f1al\u00f3 el dirigente del tricolor, <a href=\"https:\/\/twitter.com\/NestorCamarillo?ref_src=twsrc%5Etfw\">@NestorCamarillo<\/a>.<br><br>V\u00eda <a href=\"https:\/\/twitter.com\/Edd_Eddiiy?ref_src=twsrc%5Etfw\">@Edd_Eddiiy<\/a> <a href=\"https:\/\/t.co\/RCY2l9XS7D\">pic.twitter.com\/RCY2l9XS7D<\/a><\/p>&mdash; \u00c1ngulo7 Noticias (@angulosiete) <a href=\"https:\/\/twitter.com\/angulosiete\/status\/1622715735406510106?ref_src=twsrc%5Etfw\">February 6, 2023<\/a><\/blockquote><script async src=\"https:\/\/platform.twitter.com\/widgets.js\" charset=\"utf-8\"><\/script>\n<\/div><\/figure>\n\n\n\n<p>Fuente: <a href=\"https:\/\/www.angulo7.com.mx\/2023\/02\/06\/si-pan-quiere-gubernatura-pri-debe-ir-por-alcaldia-camarillo\/\">https:\/\/www.angulo7.com.mx\/2023\/02\/06\/si-pan-quiere-gubernatura-pri-debe-ir-por-alcaldia-camarillo\/<\/a><\/p>\n","protected":false},"excerpt":{"rendered":"<p>EDGAR GUZM\u00c1N URIBE \/ \u00c1NGULO 7 Para el proceso electoral de 2024,&nbsp;si el PAN busca quedarse con la candidatura a [&hellip;]<\/p>\n","protected":false},"author":1,"featured_media":46260,"comment_status":"open","ping_status":"open","sticky":false,"template":"","format":"standard","meta":{"site-sidebar-layout":"default","site-content-layout":"","ast-site-content-layout":"default","site-content-style":"default","site-sidebar-style":"default","ast-global-header-display":"","ast-banner-title-visibility":"","ast-main-header-display":"","ast-hfb-above-header-display":"","ast-hfb-below-header-display":"","ast-hfb-mobile-header-display":"","site-post-title":"","ast-breadcrumbs-content":"","ast-featured-img":"","footer-sml-layout":"","theme-transparent-header-meta":"","adv-header-id-meta":"","stick-header-meta":"","header-above-stick-meta":"","header-main-stick-meta":"","header-below-stick-meta":"","astra-migrate-meta-layouts":"default","ast-page-background-enabled":"default","ast-page-background-meta":{"desktop":{"background-color":"var(--ast-global-color-4)","background-image":"","background-repeat":"repeat","background-position":"center center","background-size":"auto","background-attachment":"scroll","background-type":"","background-media":"","overlay-type":"","overlay-color":"","overlay-opacity":"","overlay-gradient":""},"tablet":{"background-color":"","background-image":"","background-repeat":"repeat","background-position":"center center","background-size":"auto","background-attachment":"scroll","background-type":"","background-media":"","overlay-type":"","overlay-color":"","overlay-opacity":"","overlay-gradient":""},"mobile":{"background-color":"","background-image":"","background-repeat":"repeat","background-position":"center center","background-size":"auto","background-attachment":"scroll","background-type":"","background-media":"","overlay-type":"","overlay-color":"","overlay-opacity":"","overlay-gradient":""}},"ast-content-background-meta":{"desktop":{"background-color":"var(--ast-global-color-5)","background-image":"","background-repeat":"repeat","background-position":"center center","background-size":"auto","background-attachment":"scroll","background-type":"","background-media":"","overlay-type":"","overlay-color":"","overlay-opacity":"","overlay-gradient":""},"tablet":{"background-color":"var(--ast-global-color-5)","background-image":"","background-repeat":"repeat","background-position":"center center","background-size":"auto","background-attachment":"scroll","background-type":"","background-media":"","overlay-type":"","overlay-color":"","overlay-opacity":"","overlay-gradient":""},"mobile":{"background-color":"var(--ast-global-color-5)","background-image":"","background-repeat":"repeat","background-position":"center center","background-size":"auto","background-attachment":"scroll","background-type":"","background-media":"","overlay-type":"","overlay-color":"","overlay-opacity":"","overlay-gradient":""}},"footnotes":""},"categories":[8],"tags":[3949,2331,9641],"class_list":["post-46259","post","type-post","status-publish","format-standard","has-post-thumbnail","hentry","category-noticias","tag-nestor-camarillo-medina","tag-pan-puebla","tag-pri-puebla"],"_links":{"self":[{"href":"https:\/\/losperiodistas.com.mx\/portal\/wp-json\/wp\/v2\/posts\/46259","targetHints":{"allow":["GET"]}}],"collection":[{"href":"https:\/\/losperiodistas.com.mx\/portal\/wp-json\/wp\/v2\/posts"}],"about":[{"href":"https:\/\/losperiodistas.com.mx\/portal\/wp-json\/wp\/v2\/types\/post"}],"author":[{"embeddable":true,"href":"https:\/\/losperiodistas.com.mx\/portal\/wp-json\/wp\/v2\/users\/1"}],"replies":[{"embeddable":true,"href":"https:\/\/losperiodistas.com.mx\/portal\/wp-json\/wp\/v2\/comments?post=46259"}],"version-history":[{"count":1,"href":"https:\/\/losperiodistas.com.mx\/portal\/wp-json\/wp\/v2\/posts\/46259\/revisions"}],"predecessor-version":[{"id":46261,"href":"https:\/\/losperiodistas.com.mx\/portal\/wp-json\/wp\/v2\/posts\/46259\/revisions\/46261"}],"wp:featuredmedia":[{"embeddable":true,"href":"https:\/\/losperiodistas.com.mx\/portal\/wp-json\/wp\/v2\/media\/46260"}],"wp:attachment":[{"href":"https:\/\/losperiodistas.com.mx\/portal\/wp-json\/wp\/v2\/media?parent=46259"}],"wp:term":[{"taxonomy":"category","embeddable":true,"href":"https:\/\/losperiodistas.com.mx\/portal\/wp-json\/wp\/v2\/categories?post=46259"},{"taxonomy":"post_tag","embeddable":true,"href":"https:\/\/losperiodistas.com.mx\/portal\/wp-json\/wp\/v2\/tags?post=46259"}],"curies":[{"name":"wp","href":"https:\/\/api.w.org\/{rel}","templated":true}]}}