{"id":46060,"date":"2023-02-03T09:03:15","date_gmt":"2023-02-03T15:03:15","guid":{"rendered":"http:\/\/losperiodistas.com.mx\/portal\/?p=46060"},"modified":"2023-02-03T09:56:41","modified_gmt":"2023-02-03T15:56:41","slug":"anuncian-9o-festival-de-huehues-en-el-municipio-de-puebla","status":"publish","type":"post","link":"https:\/\/losperiodistas.com.mx\/portal\/anuncian-9o-festival-de-huehues-en-el-municipio-de-puebla\/","title":{"rendered":"Anuncian 9\u00ba Festival de Huehues en el Municipio de Puebla"},"content":{"rendered":"\n<ul class=\"has-medium-font-size wp-block-list\"><li>Del 5 al 19 de febrero la ciudadan\u00eda podr\u00e1 participar en talleres, ciclo de cortometrajes, ponencias y mucho m\u00e1s.<\/li><\/ul>\n\n\n\n<div class=\"wp-block-image is-style-default\"><figure class=\"aligncenter size-large is-resized\"><img fetchpriority=\"high\" decoding=\"async\" src=\"https:\/\/losperiodistas.com.mx\/portal\/wp-content\/uploads\/2023\/02\/WhatsApp-Image-2023-02-02-at-12.58.49-1024x682.jpeg\" alt=\"\" class=\"wp-image-46061\" width=\"840\" height=\"559\" srcset=\"https:\/\/losperiodistas.com.mx\/portal\/wp-content\/uploads\/2023\/02\/WhatsApp-Image-2023-02-02-at-12.58.49-1024x682.jpeg 1024w, https:\/\/losperiodistas.com.mx\/portal\/wp-content\/uploads\/2023\/02\/WhatsApp-Image-2023-02-02-at-12.58.49-300x200.jpeg 300w, https:\/\/losperiodistas.com.mx\/portal\/wp-content\/uploads\/2023\/02\/WhatsApp-Image-2023-02-02-at-12.58.49-768x512.jpeg 768w, https:\/\/losperiodistas.com.mx\/portal\/wp-content\/uploads\/2023\/02\/WhatsApp-Image-2023-02-02-at-12.58.49.jpeg 1280w\" sizes=\"(max-width: 840px) 100vw, 840px\" \/><figcaption>Ayuntamiento Puebla<\/figcaption><\/figure><\/div>\n\n\n\n<p><\/p>\n\n\n\n<p class=\"has-vivid-cyan-blue-color has-text-color has-medium-font-size\"><strong>REDACCI\u00d3N<\/strong><\/p>\n\n\n\n<p>Para fomentar el arte y la cultura a trav\u00e9s de las tradiciones de Puebla, el Gobierno Municipal que preside Eduardo Rivera P\u00e9rez presenta el 9\u00b0 Festival de Huehues, el cual traer\u00e1 actividades a diversos puntos de la capital.<\/p>\n\n\n\n<p>En rueda de prensa, Fabi\u00e1n Valdivia P\u00e9rez, Director del Instituto Municipal de Arte y Cultura de Puebla (IMACP), expres\u00f3 que, con el objetivo de seguir descentralizando las actividades, este festival contar\u00e1 con ocho sedes a lo largo de todo el municipio: el Teatro de la Ciudad, la Casa del Puente de Bubas, el Mercado del Alto, el Parque de la Junta Auxiliar Ignacio Romero Vargas, la Biblioteca de la Presidencia Auxiliar de San Sebasti\u00e1n de Aparicio, el Parque de la Junta Auxiliar de San Francisco Totimehuacan, el Centro de Bienestar Social en Xonaca y las instalaciones del IMACP.<\/p>\n\n\n\n<p>As\u00ed 5 al 19 de febrero, las y los poblanos podr\u00e1n disfrutar de talleres de marionetas, elaboraci\u00f3n de sombreros, capas y m\u00e1scaras de Huehues, as\u00ed como ponencias, ciclo de cortometrajes y, en esta ocasi\u00f3n, el Decimoquinto Convite de Huehues; todo esto tanto para Ver\u00f3nica M\u00e9ndez Hern\u00e1ndez, Representante de los Huehues de los Barrios Antiguos, como para Faustino Ra\u00fal Bravo Flores, Presidente de la Asociaci\u00f3n Angelopolitana de Huehues, servir\u00e1 para acercar a la poblaci\u00f3n a esta festividad y dignificar esta tradici\u00f3n.<\/p>\n\n\n\n<p>Todos estos eventos y actividades no tienen ning\u00fan costo, porque en Puebla el arte y la cultura tienen rumbo, la cartelera se puede consultar en la p\u00e1gina web del Ayuntamiento: pueblacapital.gob.mx y en @IMACP en Twitter y en Facebook.<\/p>\n","protected":false},"excerpt":{"rendered":"<p>Del 5 al 19 de febrero la ciudadan\u00eda podr\u00e1 participar en talleres, ciclo de cortometrajes, ponencias y mucho m\u00e1s. REDACCI\u00d3N [&hellip;]<\/p>\n","protected":false},"author":1,"featured_media":46061,"comment_status":"open","ping_status":"open","sticky":false,"template":"","format":"standard","meta":{"site-sidebar-layout":"default","site-content-layout":"","ast-site-content-layout":"default","site-content-style":"default","site-sidebar-style":"default","ast-global-header-display":"","ast-banner-title-visibility":"","ast-main-header-display":"","ast-hfb-above-header-display":"","ast-hfb-below-header-display":"","ast-hfb-mobile-header-display":"","site-post-title":"","ast-breadcrumbs-content":"","ast-featured-img":"","footer-sml-layout":"","theme-transparent-header-meta":"","adv-header-id-meta":"","stick-header-meta":"","header-above-stick-meta":"","header-main-stick-meta":"","header-below-stick-meta":"","astra-migrate-meta-layouts":"default","ast-page-background-enabled":"default","ast-page-background-meta":{"desktop":{"background-color":"var(--ast-global-color-4)","background-image":"","background-repeat":"repeat","background-position":"center center","background-size":"auto","background-attachment":"scroll","background-type":"","background-media":"","overlay-type":"","overlay-color":"","overlay-opacity":"","overlay-gradient":""},"tablet":{"background-color":"","background-image":"","background-repeat":"repeat","background-position":"center center","background-size":"auto","background-attachment":"scroll","background-type":"","background-media":"","overlay-type":"","overlay-color":"","overlay-opacity":"","overlay-gradient":""},"mobile":{"background-color":"","background-image":"","background-repeat":"repeat","background-position":"center center","background-size":"auto","background-attachment":"scroll","background-type":"","background-media":"","overlay-type":"","overlay-color":"","overlay-opacity":"","overlay-gradient":""}},"ast-content-background-meta":{"desktop":{"background-color":"var(--ast-global-color-5)","background-image":"","background-repeat":"repeat","background-position":"center center","background-size":"auto","background-attachment":"scroll","background-type":"","background-media":"","overlay-type":"","overlay-color":"","overlay-opacity":"","overlay-gradient":""},"tablet":{"background-color":"var(--ast-global-color-5)","background-image":"","background-repeat":"repeat","background-position":"center center","background-size":"auto","background-attachment":"scroll","background-type":"","background-media":"","overlay-type":"","overlay-color":"","overlay-opacity":"","overlay-gradient":""},"mobile":{"background-color":"var(--ast-global-color-5)","background-image":"","background-repeat":"repeat","background-position":"center center","background-size":"auto","background-attachment":"scroll","background-type":"","background-media":"","overlay-type":"","overlay-color":"","overlay-opacity":"","overlay-gradient":""}},"footnotes":""},"categories":[8],"tags":[7279,15022],"class_list":["post-46060","post","type-post","status-publish","format-standard","has-post-thumbnail","hentry","category-noticias","tag-contigoyconrumbo","tag-festival-de-huehues"],"_links":{"self":[{"href":"https:\/\/losperiodistas.com.mx\/portal\/wp-json\/wp\/v2\/posts\/46060","targetHints":{"allow":["GET"]}}],"collection":[{"href":"https:\/\/losperiodistas.com.mx\/portal\/wp-json\/wp\/v2\/posts"}],"about":[{"href":"https:\/\/losperiodistas.com.mx\/portal\/wp-json\/wp\/v2\/types\/post"}],"author":[{"embeddable":true,"href":"https:\/\/losperiodistas.com.mx\/portal\/wp-json\/wp\/v2\/users\/1"}],"replies":[{"embeddable":true,"href":"https:\/\/losperiodistas.com.mx\/portal\/wp-json\/wp\/v2\/comments?post=46060"}],"version-history":[{"count":1,"href":"https:\/\/losperiodistas.com.mx\/portal\/wp-json\/wp\/v2\/posts\/46060\/revisions"}],"predecessor-version":[{"id":46062,"href":"https:\/\/losperiodistas.com.mx\/portal\/wp-json\/wp\/v2\/posts\/46060\/revisions\/46062"}],"wp:featuredmedia":[{"embeddable":true,"href":"https:\/\/losperiodistas.com.mx\/portal\/wp-json\/wp\/v2\/media\/46061"}],"wp:attachment":[{"href":"https:\/\/losperiodistas.com.mx\/portal\/wp-json\/wp\/v2\/media?parent=46060"}],"wp:term":[{"taxonomy":"category","embeddable":true,"href":"https:\/\/losperiodistas.com.mx\/portal\/wp-json\/wp\/v2\/categories?post=46060"},{"taxonomy":"post_tag","embeddable":true,"href":"https:\/\/losperiodistas.com.mx\/portal\/wp-json\/wp\/v2\/tags?post=46060"}],"curies":[{"name":"wp","href":"https:\/\/api.w.org\/{rel}","templated":true}]}}